{"id":630677,"date":"2025-12-30T21:10:24","date_gmt":"2025-12-30T21:10:24","guid":{"rendered":"https:\/\/www.europesays.com\/fr\/630677\/"},"modified":"2025-12-30T21:10:24","modified_gmt":"2025-12-30T21:10:24","slug":"les-indiscrets-poutine-attaquer-leurope-jamais","status":"publish","type":"post","link":"https:\/\/www.europesays.com\/fr\/630677\/","title":{"rendered":"Les indiscrets \u2013 Poutine, attaquer l\u2019Europe\u00a0? Jamais\u00a0!"},"content":{"rendered":"<p>Le chef du Kremlin comme les politiques fran\u00e7ais balaient cette question du revers de la main. Et aussi\u00a0: pourquoi les d\u00e9put\u00e9s RN appr\u00e9cient Am\u00e9lie de\u00a0Montchalin, le loup, inspirant, du clip de No\u00ebl d\u2019Intermarch\u00e9\u2026<\/p>\n<p class=\"c-paragraph paywall\">Poutine a dit \u00e0 Moscou le 19 d\u00e9cembre : \u00ab Est-ce que nous nous appr\u00eatons \u00e0 attaquer l\u2019Europe ? C\u2019est quoi, ces absurdit\u00e9s ? \u00bb<\/p>\n<p><b>Ils ne disent pas autre chose :<\/b><\/p>\n<p class=\"c-paragraph\"><b>1.<\/b> Bastien Lachaud (LFI), Assembl\u00e9e nationale, 10 d\u00e9cembre : \u00ab Nous n\u2019avons pas \u00e0 craindre une guerre conventionnelle avec la Russie. \u00bb<\/p>\n<p class=\"c-paragraph\"><b>2.<\/b> Luc Ferry, LCI, 23 novembre : \u00ab On s\u2019invente un ennemi, Poutine va aller jusqu\u2019\u00e0 Lisbonne, Berlin, etc. On s\u2019invente un ennemi parce que c\u2019est f\u00e9d\u00e9rateur. \u00bb<\/p>\n<p class=\"c-paragraph\"><b>3. <\/b>Marine Le Pen, RTL, 12 mars : \u00ab Emmanuel Macron en fait trop sur la menace russe [\u2026]. La menace principale, c\u2019est le terrorisme islamiste. \u00bb<\/p>\n<p class=\"c-paragraph\"><b>4. <\/b>Jean-Paul Garraud (RN), X, 20 novembre : \u00ab Quand j\u2019entends [\u2026] notre pr\u00e9sident [\u2026], Ursula von der Leyen et le ministre allemand de la D\u00e9fense qui mettent en garde [\u2026] contre une possible nouvelle guerre d\u2019agression de la Russie, je me dis que la raison a quitt\u00e9 ces cerveaux [\u2026]. \u00bb<\/p>\n<p class=\"c-paragraph\"><b>5.<\/b> Thierry Mariani (RN), Sud Radio, 22 d\u00e9cembre : \u00ab On fait peur \u00e0 tous les Fran\u00e7ais en leur disant que les chars russes peuvent arriver \u00e0 Brest. Je ne crois absolument pas \u00e0 une guerre de haute intensit\u00e9 qui toucherait le territoire fran\u00e7ais. \u00bb<\/p>\n<p class=\"c-paragraph\"><b>6. <\/b>Jean-Luc M\u00e9lenchon, France 3, 17 mars 2024 : \u00ab Vous imaginez que la Russie va traverser six pays pour envahir la France ? \u00c7a n\u2019existe pas. \u00bb<\/p>\n<p><b>Depuis l\u2019invasion de l\u2019Ukraine, ils n\u2019osent plus dire :<\/b><\/p>\n<p class=\"c-paragraph\">Jean-Luc M\u00e9lenchon, France 5, 30 janvier 2022 : \u00ab La menace russe n\u2019existe pas. \u00bb<\/p>\n<p class=\"c-paragraph\">Marine Le Pen, AFP, 24 mars 2017 : \u00ab Vladimir Poutine repr\u00e9sente une nouvelle vision d\u2019un monde multipolaire [\u2026], une vision de coop\u00e9ration et non pas une vision de soumission, belliciste telle que celle qui a \u00e9t\u00e9 exprim\u00e9e trop souvent par l\u2019Union europ\u00e9enne. \u00bb<\/p>\n<p>Pourquoi les d\u00e9put\u00e9s RN appr\u00e9cient Montchalin<\/p>\n<p class=\"c-paragraph\">Marine Le Pen a relev\u00e9 que les d\u00e9put\u00e9s RN \u00e9taient particuli\u00e8rement nombreux en fin d\u2019ann\u00e9e lors de chaque d\u00e9bat budg\u00e9taire o\u00f9 Am\u00e9lie de Montchalin repr\u00e9sentait le gouvernement. Leur patronne a trouv\u00e9 une explication \u00e0 cette affluence : la ministre des Comptes publics est particuli\u00e8rement p\u00e9dagogique dans ses explications. Pour ses troupes, c\u2019est donc l\u2019occasion de disposer d\u2019\u00e9l\u00e9ments tr\u00e8s clairs et pr\u00e9cis sur une mati\u00e8re pas toujours simple. M\u00eame pour des d\u00e9put\u00e9s RN ?<\/p>\n<p>En forme<img decoding=\"async\" data-chromatic=\"ignore\" alt=\"Ministre de l'Enseignement suprieur et de la Recherche\" src=\"https:\/\/www.europesays.com\/fr\/wp-content\/uploads\/2025\/12\/CLUYYIAD35G5FEZ3ZKS3NETKVM.jpeg\"  loading=\"lazy\"\/>Sylvie Retailleau. 60 ans \u2013 L\u2019ex-ministre de l\u2019Enseignement sup\u00e9rieur et de la Recherche, professeure des universit\u00e9s, pr\u00e9sidera l\u2019\u00e9tablissement public du Palais de la d\u00e9couverte et de la Cit\u00e9 des sciences et de l\u2019industrie. \u00a9 iannis_g\/iannis giakoumopoulos\/REA POUR \u00ab LE POINT \u00bb <img decoding=\"async\" data-chromatic=\"ignore\" src=\"https:\/\/www.europesays.com\/fr\/wp-content\/uploads\/2025\/12\/IBH5ZXUV5BK23CC6PTBGH5EJ2A.jpg\"  loading=\"lazy\"\/>Rajesh Krishnamurthy. 55 ans \u2013 Ancien cadre dirigeant d\u2019Infosys et de CMA CGM, il devient directeur g\u00e9n\u00e9ral de la soci\u00e9t\u00e9 de services informatiques fran\u00e7aise Sopra Steria, qui compte quelque 50 000 salari\u00e9s dans le monde. \u00a9 DR <img decoding=\"async\" data-chromatic=\"ignore\" alt=\"Clement Turpin arrives at the Best FIFA Football Awards ceremony, on February 27, 2023 in Paris, France\/\/SPENCERJOHN_SIPA.0146701\/Credit:John Spencer\/SIPA\/2302281624\" src=\"https:\/\/www.europesays.com\/fr\/wp-content\/uploads\/2025\/12\/RGAEGDJDVBG3XGXTOP3N5TXADY.jpeg\"  loading=\"lazy\"\/>Cl\u00e9ment Turpin. 43 ans \u2013 L\u2019arbitre, qui a offici\u00e9 lors de la demi-finale de Ligue des champions entre l\u2019Inter Milan et le FC Barcelone, a \u00e9t\u00e9 d\u00e9sign\u00e9 meilleur arbitre du monde en 2025. Fran\u00e7ois Letexier et St\u00e9phanie Frappart sont deuxi\u00e8mes. \u00a9 John Spencer\/SIPA\/John Spencer\/SIPA En panne<img decoding=\"async\" data-chromatic=\"ignore\" alt=\"Carlos Martens Bilongo, depute NPF LFI, lors de la journee d accueil des deputes de la 17eme legislature, a l Assemblee nationale.\" src=\"https:\/\/www.europesays.com\/fr\/wp-content\/uploads\/2025\/12\/POI6LDOTCBGXJFXCEUUIBK5T3Y.jpeg\"  loading=\"lazy\"\/>Carlos Martens Bilongo. 35\u00a0ans \u2013 Le d\u00e9put\u00e9 LFI s\u2019est excus\u00e9 publiquement apr\u00e8s avoir dit, sur YouTube, que Rachida Dati avait obtenu ses postes en politique via une \u00ab\u2009promotion canap\u00e9 ou en couchant avec des hommes\u2009\u00bb. \u00a9 Eric Tschaen\/Eric TSCHAEN\/REA <img decoding=\"async\" data-chromatic=\"ignore\" alt=\"Damien Castelain, president de la Metropole europeenne de Lille comparassait devant la Cour dappel de Douai. Il est poursuivi dans deux des quatre dossiers du premier proces, portant sur des soupcons de corruption et de favoritisme pouvant mener a son ineligibilite, a Douai, le 24 septembre 2025\/\/GREUEZFRANCOIS_DOUAI8657\/Credit:FRANCOIS GREUEZ\/SIPA\/2509241707\" src=\"https:\/\/www.europesays.com\/fr\/wp-content\/uploads\/2025\/12\/D7GGF5S5GFKFVDNJA5U5AANMFM.jpg\"  loading=\"lazy\"\/>Damien Castelain. 58\u00a0ans \u2013 Le pr\u00e9sident (DVD) de la m\u00e9tropole de Lille est condamn\u00e9 en appel \u00e0 deux ans d\u2019in\u00e9ligibilit\u00e9 avec ex\u00e9cution provisoire pour abus de confiance et d\u00e9tournement de fonds publics. Il quittera donc ses fonctions. \u00a9 FRANCOIS GREUEZ\/SIPA\/FRANCOIS GREUEZ\/SIPA <img decoding=\"async\" data-chromatic=\"ignore\" alt=\"French far-right leader Marine Le Pen speaks with the media as she arrives for the Patriots for Europe group leaders meeting ahead of an EU leaders summit in Brussels, Wednesday, Dec. 17, 2025. (AP Photo\/Harry Nakos)\/VLM108\/25351472911223\/\/2512171415\" src=\"https:\/\/www.europesays.com\/fr\/wp-content\/uploads\/2025\/12\/6OME3WW3LZNVPDI34F4HY64SOM.jpg\"  loading=\"lazy\"\/>Marine Le Pen. 57\u00a0ans \u2013 La Cour de cassation a ent\u00e9rin\u00e9 la condamnation de la leader du RN pour diffamation envers la Cimade, qu\u2019elle avait accus\u00e9e d\u2019organiser \u00ab\u2009la fili\u00e8re d\u2019immigration clandestine en provenance des Comores\u2009\u00bb \u00e0 Mayotte. \u00a9 Harry Nakos\/AP\/SIPA\/Harry Nakos\/AP\/SIPA <\/p>\n<p>S\u2019il y a un loup\u2026<\/p>\n<p>Le clip d\u2019Intermarch\u00e9 les inspire<img decoding=\"async\" data-chromatic=\"ignore\" alt=\"LOUP PUB INTERMARCHE\" src=\"https:\/\/www.europesays.com\/fr\/wp-content\/uploads\/2025\/12\/CLGHGATJBRH4TN7G3YDVSAWO5U.jpeg\"  loading=\"lazy\"\/>\u00a9 (Wibke Rauers\/ILLOGIC STUDIOS) Satirique<\/p>\n<p class=\"c-paragraph\">Pr\u00e9sidentielle \u2013 Le loup de la pub Intermarch\u00e9 l\u2019emporterait au second tour devant Jordan Bardella, avec 68 % des voix, s\u2019amuse Le Gorafi, le 16 d\u00e9cembre.<\/p>\n<p>D\u00e9cal\u00e9<\/p>\n<p class=\"c-paragraph\">Le 17 d\u00e9cembre, sur RTL, l\u2019ancien Premier ministre Dominique de Villepin a os\u00e9 se comparer au loup iconique d\u2019Illogic Studios : \u00ab Il fait peur [\u2026]. Et, \u00e0 la fin, il devient l\u2019ami du village, \u00e0 force de servir, convaincre. Il n\u2019y a pas d\u2019autre objet \u00e0 mon engagement que de servir. \u00bb<\/p>\n<p><img decoding=\"async\" data-chromatic=\"ignore\" alt=\"LOUP PUB INTERMARCHE\" src=\"https:\/\/www.europesays.com\/fr\/wp-content\/uploads\/2025\/12\/E36ZKUSHNNBCFBGHV3AK37TA4Y.jpeg\"  loading=\"lazy\"\/>Dominique de Villepin. \u00a9 (capture ecran RTL) Grin\u00e7ant<\/p>\n<p class=\"c-paragraph\">Dans cette parodie, le loup s\u2019est mis \u00e0 la cuisine, mais c\u2019est le petit h\u00e9risson du clip qui passe \u00e0 la casserole.<\/p>\n<p><img decoding=\"async\" data-chromatic=\"ignore\" alt=\"LOUP PUB INTERMARCHE\" src=\"https:\/\/www.europesays.com\/fr\/wp-content\/uploads\/2025\/12\/YC6QI6ZRU5HGRGYLQEEMT4VSNQ.jpeg\"  loading=\"lazy\"\/>\u00a9 (parodie DR) Trouble-f\u00eate<\/p>\n<p class=\"c-paragraph\"><a href=\"https:\/\/www.lepoint.fr\/environnement\/deloyale-malhonnete-et-mensongere-long-bloom-porte-plainte-contre-la-publicite-du-loup-dintermarche-7LEIHFE5QVGPNDEMKHAZ7DHULI\/\" target=\"_self\" rel=\"noopener\" title=\"https:\/\/www.lepoint.fr\/environnement\/deloyale-malhonnete-et-mensongere-long-bloom-porte-plainte-contre-la-publicite-du-loup-dintermarche-7LEIHFE5QVGPNDEMKHAZ7DHULI\/\">L\u2019association Bloom<\/a> d\u00e9nonce une s\u00e9quence du conte de No\u00ebl qui laisserait croire \u00e0 une ressource de poissons prolifique d\u00e8s lors que l\u2019on serait habile ou bien outill\u00e9, comme le h\u00e9ron. <\/p>\n<p><img decoding=\"async\" data-chromatic=\"ignore\" alt=\"LOUP PUB INTERMARCHE\" src=\"https:\/\/www.europesays.com\/fr\/wp-content\/uploads\/2025\/12\/NH7BJM5KFBFHVAZCDSTJMQ6CDA.jpeg\"  loading=\"lazy\"\/>\u00a9 (Wibke Rauers\/ILLOGIC STUDIOS) Record<\/p>\n<p class=\"c-paragraph\">Plus de 1 milliard de vues sur les r\u00e9seaux sociaux depuis le 6 d\u00e9cembre.<\/p>\n","protected":false},"excerpt":{"rendered":"Le chef du Kremlin comme les politiques fran\u00e7ais balaient cette question du revers de la main. Et aussi\u00a0:&hellip;\n","protected":false},"author":2,"featured_media":630678,"comment_status":"","ping_status":"","sticky":false,"template":"","format":"standard","meta":{"footnotes":""},"categories":[1586],"tags":[11,1777,674,1011,27,3081,430,12,25,135],"class_list":{"0":"post-630677","1":"post","2":"type-post","3":"status-publish","4":"format-standard","5":"has-post-thumbnail","7":"category-europe","8":"tag-actualites","9":"tag-eu","10":"tag-europe","11":"tag-fr","12":"tag-france","13":"tag-jean-luc-melenchon","14":"tag-marine-le-pen","15":"tag-news","16":"tag-republique-francaise","17":"tag-vladimir-poutine"},"share_on_mastodon":{"url":"https:\/\/pubeurope.com\/@fr\/115810574811105885","error":""},"_links":{"self":[{"href":"https:\/\/www.europesays.com\/fr\/wp-json\/wp\/v2\/posts\/630677","targetHints":{"allow":["GET"]}}],"collection":[{"href":"https:\/\/www.europesays.com\/fr\/wp-json\/wp\/v2\/posts"}],"about":[{"href":"https:\/\/www.europesays.com\/fr\/wp-json\/wp\/v2\/types\/post"}],"author":[{"embeddable":true,"href":"https:\/\/www.europesays.com\/fr\/wp-json\/wp\/v2\/users\/2"}],"replies":[{"embeddable":true,"href":"https:\/\/www.europesays.com\/fr\/wp-json\/wp\/v2\/comments?post=630677"}],"version-history":[{"count":0,"href":"https:\/\/www.europesays.com\/fr\/wp-json\/wp\/v2\/posts\/630677\/revisions"}],"wp:featuredmedia":[{"embeddable":true,"href":"https:\/\/www.europesays.com\/fr\/wp-json\/wp\/v2\/media\/630678"}],"wp:attachment":[{"href":"https:\/\/www.europesays.com\/fr\/wp-json\/wp\/v2\/media?parent=630677"}],"wp:term":[{"taxonomy":"category","embeddable":true,"href":"https:\/\/www.europesays.com\/fr\/wp-json\/wp\/v2\/categories?post=630677"},{"taxonomy":"post_tag","embeddable":true,"href":"https:\/\/www.europesays.com\/fr\/wp-json\/wp\/v2\/tags?post=630677"}],"curies":[{"name":"wp","href":"https:\/\/api.w.org\/{rel}","templated":true}]}}