{"id":630679,"date":"2025-12-30T21:11:16","date_gmt":"2025-12-30T21:11:16","guid":{"rendered":"https:\/\/www.europesays.com\/fr\/630679\/"},"modified":"2025-12-30T21:11:16","modified_gmt":"2025-12-30T21:11:16","slug":"video-des-agriculteurs-polonais-manifestent-dans-tout-le-pays-contre-laccord-commercial-ue-mercosur","status":"publish","type":"post","link":"https:\/\/www.europesays.com\/fr\/630679\/","title":{"rendered":"Vid\u00e9o. Des agriculteurs polonais manifestent dans tout le pays contre l&rsquo;accord commercial UE-Mercosur"},"content":{"rendered":"<p>Des agriculteurs polonais ont organis\u00e9 des manifestations dans tout le pays, dans plus de 180 lieux, avec des piquets au bord des routes et des rassemblements devant des b\u00e2timents publics, pour s\u2019opposer \u00e0 l\u2019accord commercial envisag\u00e9 par l\u2019UE avec les pays du Mercosur.<\/p>\n<p>Les manifestants estiment que cet accord pourrait entra\u00eener un afflux de denr\u00e9es alimentaires meilleur march\u00e9 en provenance d\u2019Am\u00e9rique latine, ce qui, selon eux, mettrait \u00e0 mal la production agricole polonaise et les normes en vigueur.<\/p>\n<p>Les agriculteurs r\u00e9clament un soutien financier accru, des r\u00e8gles plus simples et des garde-fous contre les importations excessives, avertissant que l\u2019accord pourrait peser sur les prix des denr\u00e9es alimentaires et l\u2019emploi dans toute l\u2019Europe.<\/p>\n","protected":false},"excerpt":{"rendered":"Des agriculteurs polonais ont organis\u00e9 des manifestations dans tout le pays, dans plus de 180 lieux, avec des&hellip;\n","protected":false},"author":2,"featured_media":630680,"comment_status":"","ping_status":"","sticky":false,"template":"","format":"standard","meta":{"footnotes":""},"categories":[1586],"tags":[73966,73962,11,1777,674,1779,1011,27,12,25,73967,73963,73969,73965,1778,364,73968,73964],"class_list":{"0":"post-630679","1":"post","2":"type-post","3":"status-publish","4":"format-standard","5":"has-post-thumbnail","7":"category-europe","8":"tag-id10829","9":"tag-id230","10":"tag-actualites","11":"tag-eu","12":"tag-europe","13":"tag-european-union","14":"tag-fr","15":"tag-france","16":"tag-news","17":"tag-republique-francaise","18":"tag-slugmercosur","19":"tag-slugpoland","20":"tag-titlemercosur","21":"tag-titlepologne","22":"tag-ue","23":"tag-union-europeenne","24":"tag-urlsafevaluemercosur","25":"tag-urlsafevaluepologne"},"share_on_mastodon":{"url":"https:\/\/pubeurope.com\/@fr\/115810578218691194","error":""},"_links":{"self":[{"href":"https:\/\/www.europesays.com\/fr\/wp-json\/wp\/v2\/posts\/630679","targetHints":{"allow":["GET"]}}],"collection":[{"href":"https:\/\/www.europesays.com\/fr\/wp-json\/wp\/v2\/posts"}],"about":[{"href":"https:\/\/www.europesays.com\/fr\/wp-json\/wp\/v2\/types\/post"}],"author":[{"embeddable":true,"href":"https:\/\/www.europesays.com\/fr\/wp-json\/wp\/v2\/users\/2"}],"replies":[{"embeddable":true,"href":"https:\/\/www.europesays.com\/fr\/wp-json\/wp\/v2\/comments?post=630679"}],"version-history":[{"count":0,"href":"https:\/\/www.europesays.com\/fr\/wp-json\/wp\/v2\/posts\/630679\/revisions"}],"wp:featuredmedia":[{"embeddable":true,"href":"https:\/\/www.europesays.com\/fr\/wp-json\/wp\/v2\/media\/630680"}],"wp:attachment":[{"href":"https:\/\/www.europesays.com\/fr\/wp-json\/wp\/v2\/media?parent=630679"}],"wp:term":[{"taxonomy":"category","embeddable":true,"href":"https:\/\/www.europesays.com\/fr\/wp-json\/wp\/v2\/categories?post=630679"},{"taxonomy":"post_tag","embeddable":true,"href":"https:\/\/www.europesays.com\/fr\/wp-json\/wp\/v2\/tags?post=630679"}],"curies":[{"name":"wp","href":"https:\/\/api.w.org\/{rel}","templated":true}]}}