{"id":630685,"date":"2025-12-30T21:14:17","date_gmt":"2025-12-30T21:14:17","guid":{"rendered":"https:\/\/www.europesays.com\/fr\/630685\/"},"modified":"2025-12-30T21:14:17","modified_gmt":"2025-12-30T21:14:17","slug":"edito-pierre-antoine-delhommais-comment-la-france-profite-de-leuro-sans-respecter-ses-regles-budgetaires-en-2025","status":"publish","type":"post","link":"https:\/\/www.europesays.com\/fr\/630685\/","title":{"rendered":"\u00c9DITO. Pierre-Antoine Delhommais &#8211; Comment la France profite de l&rsquo;euro sans respecter ses r\u00e8gles budg\u00e9taires en 2025"},"content":{"rendered":"<p class=\"c-paragraph paywall\">Avec l\u2019adoption \u00e0 l\u2019unanimit\u00e9 d\u2019<a href=\"https:\/\/www.lepoint.fr\/economie\/comment-la-loi-speciale-budgetaire-pourrait-aggraver-le-deficit-public-JLKSUGSTMBF47F447HHVATNBJ4\/\" target=\"_self\" rel=\"noopener\" title=\"https:\/\/www.lepoint.fr\/economie\/comment-la-loi-speciale-budgetaire-pourrait-aggraver-le-deficit-public-JLKSUGSTMBF47F447HHVATNBJ4\/\">une loi sp\u00e9ciale<\/a>, l\u2019ann\u00e9e 2025 s\u2019est termin\u00e9e \u00e0 l\u2019Assembl\u00e9e nationale comme elle avait commenc\u00e9. Dans une totale irresponsabilit\u00e9 budg\u00e9taire et un complet d\u00e9ni des r\u00e9alit\u00e9s financi\u00e8res, dans de minables calculs \u00e9lectoraux et un souverain m\u00e9pris de l\u2019int\u00e9r\u00eat g\u00e9n\u00e9ral. Dans la d\u00e9faite de la raison et le triomphe de la d\u00e9magogie. Celle de tous ces discours affirmant que taxer davantage les riches suffirait \u00e0 d\u00e9sendetter le pays et qu\u2019en revanche r\u00e9duire notre niveau record de d\u00e9penses sociales plongerait le pays dans la mis\u00e8re et le chaos. De tous ces discours visant \u00e0 d\u00e9dramatiser la situation de nos finances publiques, expliquant que la France ne court aucun danger malgr\u00e9 sa dette fr\u00f4lant les 3 500 milliards d\u2019euros et son d\u00e9ficit d\u00e9passant les 5 % du PIB.<\/p>\n<p class=\"c-paragraph\">Le fait est que, en d\u00e9pit de l\u2019impasse budg\u00e9taire et de l\u2019instabilit\u00e9 politique, le spread OAT-Bund \u2013 qui mesure l\u2019\u00e9cart de taux d\u2019int\u00e9r\u00eat entre les emprunts d\u2019\u00c9tat fran\u00e7ais et allemands \u00e0 dix ans \u2013 ne s\u2019est pas envol\u00e9, s\u2019inscrivant m\u00eame \u00e0 la veille de No\u00ebl \u00e0 0,7 %, bien en de\u00e7\u00e0 des 0,88 % atteints au lendemain du d\u00e9part de Michel Barnier.<\/p>\n<p>Bienveillance des investisseurs internationaux<\/p>\n<p class=\"c-paragraph\">La crise financi\u00e8re anticip\u00e9e par beaucoup \u2013 dont l\u2019auteur de ces lignes \u2013 ne s\u2019est pas produite. M\u00eame apr\u00e8s <a href=\"https:\/\/www.lepoint.fr\/economie\/degradation-de-la-note-de-la-france-la-suspension-de-la-reforme-des-retraites-a-envoye-un-signal-tres-negatif-19-10-2025-2601238_28.php\" target=\"_self\" rel=\"noopener\" title=\"https:\/\/www.lepoint.fr\/economie\/degradation-de-la-note-de-la-france-la-suspension-de-la-reforme-des-retraites-a-envoye-un-signal-tres-negatif-19-10-2025-2601238_28.php\">les baisses \u00e0 r\u00e9p\u00e9tition de la note de la France<\/a> par Moody\u2019s, Fitch et S &amp; P, m\u00eame apr\u00e8s la d\u00e9mission forc\u00e9e de Fran\u00e7ois Bayrou, m\u00eame apr\u00e8s la <a href=\"https:\/\/www.lepoint.fr\/politique\/budget-de-la-securite-sociale-les-deputes-retablissent-la-suspension-de-la-reforme-des-retraites-06-12-2025-2604772_20.php\" target=\"_self\" rel=\"noopener\" title=\"https:\/\/www.lepoint.fr\/politique\/budget-de-la-securite-sociale-les-deputes-retablissent-la-suspension-de-la-reforme-des-retraites-06-12-2025-2604772_20.php\">suspension insens\u00e9e de la r\u00e9forme des retraites<\/a>, nos cr\u00e9anciers \u00e9trangers n\u2019ont pas choisi de nous sanctionner en se d\u00e9barrassant des obligations assimilables du Tr\u00e9sor dont ils d\u00e9tiennent 55 % du stock.<\/p>\n<p class=\"c-paragraph\">On aurait toutefois tort d\u2019y voir un signe de confiance dans la solidit\u00e9 de la dette fran\u00e7aise et encore moins dans la capacit\u00e9 des gouvernements actuels et futurs \u00e0 assainir les finances publiques. Cette bienveillance des investisseurs internationaux repose d\u2019abord et avant tout sur leur conviction, peut-\u00eatre immod\u00e9r\u00e9e, que tout sera mis en \u0153uvre, \u00e0 l\u2019\u00e9chelle europ\u00e9enne, pour emp\u00eacher que l\u2019\u00c9tat fran\u00e7ais fasse d\u00e9faut sur sa dette.<\/p>\n<p class=\"c-paragraph\">L\u2019ann\u00e9e 2025 vient en tout cas d\u2019apporter la preuve d\u00e9finitive que notre pays est un passager clandestin de l\u2019euro qui profite de la s\u00e9curit\u00e9 financi\u00e8re que celui-ci procure sans respecter les r\u00e8gles de vie commune. Et, pire, qu\u2019au lieu de le pousser \u00e0 se r\u00e9former la monnaie unique lui a permis, et continue de lui permettre, de vivre dans l\u2019immobilisme, le d\u00e9ficit budg\u00e9taire perp\u00e9tuel et le confort artificiel d\u2019une croissance et d\u2019un pouvoir d\u2019achat financ\u00e9s \u00e0 cr\u00e9dit.<\/p>\n<p class=\"c-paragraph\">L\u2019\u00e9conomie fran\u00e7aise a sans doute aujourd\u2019hui moins \u00e0 craindre d\u2019une crise financi\u00e8re aigu\u00eb, d\u2019un accident brutal et fatal sur les march\u00e9s que du n\u0153ud coulant que repr\u00e9sente la hausse in\u00e9luctable de la charge de la dette. Celle-ci repr\u00e9sentait 30 milliards d\u2019euros en 2020, 66 milliards cette ann\u00e9e et pourrait atteindre, selon la Cour des comptes, 108 milliards d\u2019euros en 2029. \u00c0 quelle hauteur devra-t-elle grimper pour que les Fran\u00e7ais et leurs dirigeants politiques se r\u00e9veillent ? Dans quelle langue le gouverneur de la Banque de France, Fran\u00e7ois Villeroy de Galhau, devrait-il s\u2019exprimer pour \u00eatre entendu quand il alerte sur le risque d\u2019\u00ab \u00e9touffement budg\u00e9taire \u00bb et explique que le suppl\u00e9ment d\u2019int\u00e9r\u00eats \u00e0 payer sur la dette repr\u00e9sentera d\u2019ici dix ans le budget de l\u2019\u00c9ducation nationale ?<\/p>\n<p class=\"c-paragraph\">C\u2019est dans l\u2019indiff\u00e9rence m\u00e9diatique g\u00e9n\u00e9rale que le taux de l\u2019OAT \u00e0 dix ans a fini l\u2019ann\u00e9e \u00e0 son niveau le plus \u00e9lev\u00e9 depuis 2011, le plus haut \u00e9galement de tous les pays de la zone euro, au-dessus des taux grecs, espagnols, italiens et\u2026 slovaques. Une humiliation financi\u00e8re pas de nature pourtant \u00e0 \u00e9mouvoir nos d\u00e9put\u00e9s, m\u00eame ceux qui portent leur patriotisme en bandouli\u00e8re, bien trop occup\u00e9s \u00e0 d\u00e9noncer le trait\u00e9 de libre-\u00e9change avec le Mercosur et \u00e0 songer \u00e0 leur propre r\u00e9\u00e9lection.<\/p>\n","protected":false},"excerpt":{"rendered":"Avec l\u2019adoption \u00e0 l\u2019unanimit\u00e9 d\u2019une loi sp\u00e9ciale, l\u2019ann\u00e9e 2025 s\u2019est termin\u00e9e \u00e0 l\u2019Assembl\u00e9e nationale comme elle avait commenc\u00e9.&hellip;\n","protected":false},"author":2,"featured_media":630686,"comment_status":"","ping_status":"","sticky":false,"template":"","format":"standard","meta":{"footnotes":""},"categories":[4],"tags":[11,13851,7993,73970,1011,27,12,25],"class_list":{"0":"post-630685","1":"post","2":"type-post","3":"status-publish","4":"format-standard","5":"has-post-thumbnail","7":"category-france","8":"tag-actualites","9":"tag-deficit-public","10":"tag-dette-publique","11":"tag-editorial-de-pierre-antoine-delhommais","12":"tag-fr","13":"tag-france","14":"tag-news","15":"tag-republique-francaise"},"share_on_mastodon":{"url":"https:\/\/pubeurope.com\/@fr\/115810589918513332","error":""},"_links":{"self":[{"href":"https:\/\/www.europesays.com\/fr\/wp-json\/wp\/v2\/posts\/630685","targetHints":{"allow":["GET"]}}],"collection":[{"href":"https:\/\/www.europesays.com\/fr\/wp-json\/wp\/v2\/posts"}],"about":[{"href":"https:\/\/www.europesays.com\/fr\/wp-json\/wp\/v2\/types\/post"}],"author":[{"embeddable":true,"href":"https:\/\/www.europesays.com\/fr\/wp-json\/wp\/v2\/users\/2"}],"replies":[{"embeddable":true,"href":"https:\/\/www.europesays.com\/fr\/wp-json\/wp\/v2\/comments?post=630685"}],"version-history":[{"count":0,"href":"https:\/\/www.europesays.com\/fr\/wp-json\/wp\/v2\/posts\/630685\/revisions"}],"wp:featuredmedia":[{"embeddable":true,"href":"https:\/\/www.europesays.com\/fr\/wp-json\/wp\/v2\/media\/630686"}],"wp:attachment":[{"href":"https:\/\/www.europesays.com\/fr\/wp-json\/wp\/v2\/media?parent=630685"}],"wp:term":[{"taxonomy":"category","embeddable":true,"href":"https:\/\/www.europesays.com\/fr\/wp-json\/wp\/v2\/categories?post=630685"},{"taxonomy":"post_tag","embeddable":true,"href":"https:\/\/www.europesays.com\/fr\/wp-json\/wp\/v2\/tags?post=630685"}],"curies":[{"name":"wp","href":"https:\/\/api.w.org\/{rel}","templated":true}]}}