{"id":630689,"date":"2025-12-30T21:17:11","date_gmt":"2025-12-30T21:17:11","guid":{"rendered":"https:\/\/www.europesays.com\/fr\/630689\/"},"modified":"2025-12-30T21:17:11","modified_gmt":"2025-12-30T21:17:11","slug":"coup-dur-pour-lasm-clermont","status":"publish","type":"post","link":"https:\/\/www.europesays.com\/fr\/630689\/","title":{"rendered":"Coup dur pour l&rsquo;ASM Clermont"},"content":{"rendered":"<p><strong>Bless\u00e9 lors de la victoire de<br \/>\nl\u2019ASM Clermont contre l\u2019Union Bordeaux-B\u00e8gles samedi soir (34-19),<br \/>\nBaptiste Jauneau a subi une l\u00e9sion musculaire \u00e0 la cuisse droite.<br \/>\nLe demi de m\u00eal\u00e9e sera absent entre six et huit<br \/>\nsemaines.<\/strong><\/p>\n<p>La tuile pour Clermont. Alors que l\u2019ASM sortait d\u2019une solide<br \/>\nvictoire au Marcel-Michelin samedi soir contre l\u2019Union<br \/>\nBordeaux-B\u00e8gles (34-19), mettant ainsi fin \u00e0 une s\u00e9rie de trois<br \/>\nd\u00e9faites de rang toutes comp\u00e9titions confondues, voil\u00e0 que le sort<br \/>\ns\u2019acharne encore. Lors de cette 13\u00e8me journ\u00e9e de Top 14, Baptiste<br \/>\nJauneau avait d\u00fb c\u00e9der sa place sur blessure, sur ses deux jambes<br \/>\nmais soutenu par deux soigneurs avec une t\u00eate grima\u00e7ante. M\u00eame si<br \/>\nle club auvergnat a remport\u00e9 le match, ce succ\u00e8s a \u00e9t\u00e9 teint\u00e9 d\u2019une<br \/>\nombre, celle d\u2019une potentielle absence du demi de m\u00eal\u00e9e local.<\/p>\n<p>Et les craintes ont vite \u00e9t\u00e9 confirm\u00e9es. Lundi, le Palois de<br \/>\nnaissance a pass\u00e9 des examens pour en savoir plus et les r\u00e9sultats<br \/>\nsont tomb\u00e9s : d\u00e9chirure des muscles ischio-jambiers de la cuisse<br \/>\ndroite. Dans la foul\u00e9e, l\u2019ASM a publi\u00e9 un communiqu\u00e9 pour annoncer<br \/>\nla nouvelle : \u00ab La cicatrisation de la l\u00e9sion musculaire ainsi<br \/>\nque la r\u00e9habilitation n\u00e9cessiteront une p\u00e9riode d\u2019indisponibilit\u00e9<br \/>\nestim\u00e9e entre 6 et 8 semaines. La reprise de la comp\u00e9tition ne<br \/>\ndevrait pas \u00eatre envisag\u00e9e avant la seizi\u00e8me journ\u00e9e de Top 14.<br \/>\n\u00bb<\/p>\n<p>Pr\u00e9sent contre Toulon<br \/>\n?<\/p>\n<p>Ce diagnostic tombe \u00e9videmment tr\u00e8s mal pour Christophe Urios et<br \/>\nson effectif tant Baptiste Jauneau est un \u00e9l\u00e9ment \u00e0 part enti\u00e8re du<br \/>\ngroupe. Comme indiqu\u00e9 sur le site officiel du club, le manager de<br \/>\nl\u2019ASM a promu le jeune demi de m\u00eal\u00e9e Niek Doornebal avec les pros<br \/>\nlors des entra\u00eenements de la semaine et pour faire le nombre avec<br \/>\nles autres joueurs \u00e0 ce poste (S\u00e9bastien B\u00e9zy et Lucas Zamora). De<br \/>\nson c\u00f4t\u00e9, Baptiste Jauneau a d\u00e9but\u00e9 son protocole de soins.<\/p>\n<p>C\u2019est \u00e9videmment un coup dur pour le Palois qui va donc manquer<br \/>\nla prochaine rencontre de Top 14 (Montauban) mais aussi les deux<br \/>\nmatchs de Champions Cup (Glasgow, Sharks) et le match de<br \/>\nchampionnat contre La Rochelle. Sans parler du premier<br \/>\nrassemblement de l\u2019\u00e9quipe de France pour le Tournoi des Six Nations<br \/>\ncontre l\u2019Irlande (5 f\u00e9vrier). Jauneau devrait revenir, si tout se<br \/>\npasse bien, le 14 f\u00e9vrier prochain pour la rencontre face \u00e0<br \/>\nToulon.<\/p>\n","protected":false},"excerpt":{"rendered":"Bless\u00e9 lors de la victoire de l\u2019ASM Clermont contre l\u2019Union Bordeaux-B\u00e8gles samedi soir (34-19), Baptiste Jauneau a subi&hellip;\n","protected":false},"author":2,"featured_media":630690,"comment_status":"","ping_status":"","sticky":false,"template":"","format":"standard","meta":{"footnotes":""},"categories":[1416],"tags":[1011,27,479,1468,57681,60],"class_list":{"0":"post-630689","1":"post","2":"type-post","3":"status-publish","4":"format-standard","5":"has-post-thumbnail","7":"category-rugby","8":"tag-fr","9":"tag-france","10":"tag-rugby","11":"tag-rugby-football","12":"tag-sport365-fr","13":"tag-sports"},"share_on_mastodon":{"url":"https:\/\/pubeurope.com\/@fr\/115810601757852532","error":""},"_links":{"self":[{"href":"https:\/\/www.europesays.com\/fr\/wp-json\/wp\/v2\/posts\/630689","targetHints":{"allow":["GET"]}}],"collection":[{"href":"https:\/\/www.europesays.com\/fr\/wp-json\/wp\/v2\/posts"}],"about":[{"href":"https:\/\/www.europesays.com\/fr\/wp-json\/wp\/v2\/types\/post"}],"author":[{"embeddable":true,"href":"https:\/\/www.europesays.com\/fr\/wp-json\/wp\/v2\/users\/2"}],"replies":[{"embeddable":true,"href":"https:\/\/www.europesays.com\/fr\/wp-json\/wp\/v2\/comments?post=630689"}],"version-history":[{"count":0,"href":"https:\/\/www.europesays.com\/fr\/wp-json\/wp\/v2\/posts\/630689\/revisions"}],"wp:featuredmedia":[{"embeddable":true,"href":"https:\/\/www.europesays.com\/fr\/wp-json\/wp\/v2\/media\/630690"}],"wp:attachment":[{"href":"https:\/\/www.europesays.com\/fr\/wp-json\/wp\/v2\/media?parent=630689"}],"wp:term":[{"taxonomy":"category","embeddable":true,"href":"https:\/\/www.europesays.com\/fr\/wp-json\/wp\/v2\/categories?post=630689"},{"taxonomy":"post_tag","embeddable":true,"href":"https:\/\/www.europesays.com\/fr\/wp-json\/wp\/v2\/tags?post=630689"}],"curies":[{"name":"wp","href":"https:\/\/api.w.org\/{rel}","templated":true}]}}