{"id":630691,"date":"2025-12-30T21:18:10","date_gmt":"2025-12-30T21:18:10","guid":{"rendered":"https:\/\/www.europesays.com\/fr\/630691\/"},"modified":"2025-12-30T21:18:10","modified_gmt":"2025-12-30T21:18:10","slug":"wta-patrick-mouratoglou-ex-coach-de-serena-williams-croit-en-limprobable-nous-avons-tous-vu-les-images-de-serena-cest-la-meilleure-joueuse-de-tous-les-temps-jaimerais-beaucoup-la-voir-reve","status":"publish","type":"post","link":"https:\/\/www.europesays.com\/fr\/630691\/","title":{"rendered":"WTA > Patrick Mouratoglou, ex-coach de Serena Williams, croit en l&rsquo;improbable : \u00ab\u00a0Nous avons tous vu les images de Serena. C&rsquo;est la meilleure joueuse de tous les temps. J&rsquo;aimerais beaucoup la voir revenir et je sais que je ne suis pas le seul\u00a0\u00bb"},"content":{"rendered":"<p>Inscrite sur les listes anti\u00addo\u00adpage pour la saison 2026, Serena Williams serait\u2010elle en train de nous pr\u00e9parer une \u00e9norme surprise, \u00e0 savoir un retour sur les courts, \u00e0 44 ans, plus de trois ans apr\u00e8s sa retraite des courts.<\/p>\n<p>Si certains, <a href=\"https:\/\/www.welovetennis.fr\/wta\/la-theorie-plus-que-credible-de-greg-rusedski-sur-le-retour-de-serena-williams-je-pense-que-si-elle-sest-inscrite-sur-les-listes-antidopage-cest-pour-jouer-en-double-au-moment-de-la-retraite\" data-wpel-link=\"internal\" target=\"_blank\" rel=\"noopener\">comme Greg Rusedski, estiment qu\u2019elle se pr\u00e9pare seule\u00adment \u00e0 jouer en double avec sa soeur, Venus<\/a>, pour la retraite de cette derni\u00e8re, d\u2019autres, comme son ancien entra\u00ee\u00adneur, Patrick Mouratoglou, veulent croire \u00e0 un v\u00e9ri\u00adtable retour en simple de la femme aux 23 tour\u00adnois du Grand Chelem.\u00a0<\/p>\n<p><strong>\u00ab\u202fJ\u2019aimerais beau\u00adcoup voir Serena faire son retour en 2026. Pourquoi pas\u202f? Nous avons tous vu les images de Serena. Elle est en pleine forme physique. Elle a travaill\u00e9 dur. Elle a l\u2019air en pleine forme, pr\u00eate \u00e0 tout donner. Elle adore le tennis. Novak Djokovic a dit qu\u2019il aime\u00adrait la voir revenir. Elle a post\u00e9 une vid\u00e9o d\u2019elle\u2010m\u00eame en train de jouer au tennis. Alors pour\u00adquoi pas\u202f? J\u2019aimerais voir si elle peut concourir \u00e0 son \u00e2ge sans avoir disput\u00e9 un seul tournoi depuis trois ans et apr\u00e8s avoir donn\u00e9 nais\u00adsance \u00e0 son deuxi\u00e8me enfant. Peut\u2010elle riva\u00adliser avec les meilleures\u202f? Parce que c\u2019est Serena, elle est la meilleure de tous les temps. Quel est son niveau\u202f? J\u2019aimerais beau\u00adcoup le voir et je sais que je ne suis pas le seul\u202f\u00bb<\/strong>, a d\u00e9clar\u00e9 le coach fran\u00ad\u00e7ais sur son compte Instagram.\u00a0<\/p>\n<p class=\"post-published-date\" style=\"color: silver; font-size: 75%; text-align: left;\">Publi\u00e9 le mardi 30 d\u00e9cembre 2025 \u00e0 17:07<\/p>\n","protected":false},"excerpt":{"rendered":"Inscrite sur les listes anti\u00addo\u00adpage pour la saison 2026, Serena Williams serait\u2010elle en train de nous pr\u00e9parer une&hellip;\n","protected":false},"author":2,"featured_media":630692,"comment_status":"","ping_status":"","sticky":false,"template":"","format":"standard","meta":{"footnotes":""},"categories":[1415],"tags":[105,1011,27,2201,60,1467],"class_list":{"0":"post-630691","1":"post","2":"type-post","3":"status-publish","4":"format-standard","5":"has-post-thumbnail","7":"category-tennis","8":"tag-djokovic","9":"tag-fr","10":"tag-france","11":"tag-serena-williams","12":"tag-sports","13":"tag-tennis"},"share_on_mastodon":{"url":"https:\/\/pubeurope.com\/@fr\/115810605647794331","error":""},"_links":{"self":[{"href":"https:\/\/www.europesays.com\/fr\/wp-json\/wp\/v2\/posts\/630691","targetHints":{"allow":["GET"]}}],"collection":[{"href":"https:\/\/www.europesays.com\/fr\/wp-json\/wp\/v2\/posts"}],"about":[{"href":"https:\/\/www.europesays.com\/fr\/wp-json\/wp\/v2\/types\/post"}],"author":[{"embeddable":true,"href":"https:\/\/www.europesays.com\/fr\/wp-json\/wp\/v2\/users\/2"}],"replies":[{"embeddable":true,"href":"https:\/\/www.europesays.com\/fr\/wp-json\/wp\/v2\/comments?post=630691"}],"version-history":[{"count":0,"href":"https:\/\/www.europesays.com\/fr\/wp-json\/wp\/v2\/posts\/630691\/revisions"}],"wp:featuredmedia":[{"embeddable":true,"href":"https:\/\/www.europesays.com\/fr\/wp-json\/wp\/v2\/media\/630692"}],"wp:attachment":[{"href":"https:\/\/www.europesays.com\/fr\/wp-json\/wp\/v2\/media?parent=630691"}],"wp:term":[{"taxonomy":"category","embeddable":true,"href":"https:\/\/www.europesays.com\/fr\/wp-json\/wp\/v2\/categories?post=630691"},{"taxonomy":"post_tag","embeddable":true,"href":"https:\/\/www.europesays.com\/fr\/wp-json\/wp\/v2\/tags?post=630691"}],"curies":[{"name":"wp","href":"https:\/\/api.w.org\/{rel}","templated":true}]}}