{"id":630693,"date":"2025-12-30T21:22:13","date_gmt":"2025-12-30T21:22:13","guid":{"rendered":"https:\/\/www.europesays.com\/fr\/630693\/"},"modified":"2025-12-30T21:22:13","modified_gmt":"2025-12-30T21:22:13","slug":"cyclo-cross-cyclo-cross-superprestige-puck-pieterse-soffre-son-premier-succes-de-la-saison-a-diegem","status":"publish","type":"post","link":"https:\/\/www.europesays.com\/fr\/630693\/","title":{"rendered":"Cyclo-cross. Cyclo-cross. Superprestige &#8211; Puck Pieterse s&rsquo;offre son premier succ\u00e8s de la saison \u00e0 Diegem"},"content":{"rendered":"<p>En l&rsquo;absence de <strong><a href=\"https:\/\/www.cyclismactu.net\/..\/news-x2o-trofee-cyclo-cross-lucinda-brand-une-12e-victoire-de-suite-malgre-un-mauvais-depart-91385.html\" target=\"_blank\" rel=\"noopener\">Lucinda Brand<\/a>,<\/strong>\u00a0ultra dominatrice depuis le d\u00e9but de la saison, la sixi\u00e8me manche de superprestige \u00e0 Diegem promettait une course plus ouverte que ce que l&rsquo;on avait pu voir auparavant. Sans victoires depuis son retour dans les sous-bois, <strong><a href=\"https:\/\/www.cyclismactu.net\/..\/news-coupe-du-monde-cyclo-cross-puck-pieterse-j-ai-profite-des-portions-ou-suis-meilleure-91376.html\" target=\"_blank\" rel=\"noopener\">Puck Pieterse<\/a> <\/strong>(Fenix-Deceuninck)\u00a0a vite compris qu&rsquo;il y avait une opportunit\u00e9 \u00e0 saisir ce mardi et s&rsquo;est rapidement empar\u00e9e de la t\u00eate de la course. Ayant pass\u00e9 toute la course en t\u00eate, la N\u00e9erlandaise s&rsquo;impose facilement en devan\u00e7ant la Luxembourgeoise\u00a0<strong>Marie Schreiber\u00a0<\/strong>(Team SD Worx-ProTime) de 10 secondes et sa co\u00e9quipi\u00e8re <a href=\"https:\/\/www.cyclismactu.net\/..\/news-coupe-du-monde-cyclo-cross-ceylin-del-carmen-alvarado-je-ne-savais-pas-quoi-m-attendre-91320.html\" target=\"_blank\" rel=\"noopener\"><strong>Ceylin\u00a0<\/strong><strong>del\u00a0<\/strong><strong>Carmen Alvarado<\/strong><\/a>.<\/p>\n<p>Vid\u00e9o &#8211; Puck Pieterse apr\u00e8s sa deuxi\u00e8me place \u00e0 Dendermonde Lire la suite de l&rsquo;article&#13;<\/p>\n<p>\u00a0<\/p>\n<p>&#13;<\/p>\n<blockquote class=\"twitter-tweet\" style=\"width:100%!important;max-width:550px!important;min-width:250px;height:500px;\"><p>&#13;<\/p>\n<p dir=\"ltr\" lang=\"nl\">??? | Puck Pieterse slaat haar slag in Diegem! Bij afwezigheid van Lucinda Brand grijpt zij de zege.<\/p>\n<p>? Stream cross op HBO Max <a href=\"https:\/\/t.co\/JeSXcyQ5rg\">pic.twitter.com\/JeSXcyQ5rg<\/a><\/p>\n<p>&#13;<br \/>\n\u2014 Eurosport Nederland (@Eurosport_NL) <a href=\"https:\/\/twitter.com\/Eurosport_NL\/status\/2006071729634910233?ref_src=twsrc%5Etfw\" target=\"_blank\" rel=\"noopener\">December 30, 2025<\/a><\/p><\/blockquote>\n<p>&#13;<br \/>\n&#13;<br \/>\nPuck Pieterse a fait la course seule en t\u00eate&#13;<\/p>\n<p>Les favorites n&rsquo;ont pas pris le temps de s&rsquo;observer mais ont bien durci la course d\u00e8s les premiers tours. Apr\u00e8s un d\u00e9part nerveux qui a envoy\u00e9 la championn\u00e9 d&rsquo;Europe,\u00a0<strong>Inge van der Heijden <\/strong>(Crelan &#8211; Corendon), au tapis d\u00e8s le premier virage, <strong>Puck Pieterse <\/strong>a pris les choses en main. L&rsquo;ancienne championne du monde s&rsquo;est isol\u00e9e avec <strong>Alvarado <\/strong>et <strong>Schreiber<\/strong>, qui ont toutes deux l\u00e2ch\u00e9 prise lorsqu&rsquo;elle a acc\u00e9l\u00e9r\u00e9 dans la portion ensabl\u00e9e du deuxi\u00e8me tour. La championne des Pays-Bas a ensuite g\u00ear\u00e9 sa course pour ne pas voir revenir la Luxembourgeoise, qui s&rsquo;est quant \u00e0 elle d\u00e9barass\u00e9 d&rsquo;<strong>Alvarado <\/strong>pour s&rsquo;offrir la deuxi\u00e8me place et un premier podium cette saison. C\u00f4t\u00e9 fran\u00e7ais, \u00e0 noter la tr\u00e8s belle course de <strong>Line Burquier <\/strong>(Trinity Racing) qui s&rsquo;offre la huiti\u00e8me place.<\/p>\n<p><script async src=\"https:\/\/platform.twitter.com\/widgets.js\" charset=\"utf-8\"><\/script><\/p>\n","protected":false},"excerpt":{"rendered":"En l&rsquo;absence de Lucinda Brand,\u00a0ultra dominatrice depuis le d\u00e9but de la saison, la sixi\u00e8me manche de superprestige \u00e0&hellip;\n","protected":false},"author":2,"featured_media":630694,"comment_status":"","ping_status":"","sticky":false,"template":"","format":"standard","meta":{"footnotes":""},"categories":[1411],"tags":[1154,207,59294,211,1011,27,60,61425,210,212,208,213],"class_list":{"0":"post-630693","1":"post","2":"type-post","3":"status-publish","4":"format-standard","5":"has-post-thumbnail","7":"category-cyclisme","8":"tag-cycling","9":"tag-cyclisme","10":"tag-cyclo-cross","11":"tag-ffc","12":"tag-fr","13":"tag-france","14":"tag-sports","15":"tag-superprestige","16":"tag-tour-de-france","17":"tag-uci","18":"tag-velo","19":"tag-world-tour"},"share_on_mastodon":{"url":"https:\/\/pubeurope.com\/@fr\/115810621415555485","error":""},"_links":{"self":[{"href":"https:\/\/www.europesays.com\/fr\/wp-json\/wp\/v2\/posts\/630693","targetHints":{"allow":["GET"]}}],"collection":[{"href":"https:\/\/www.europesays.com\/fr\/wp-json\/wp\/v2\/posts"}],"about":[{"href":"https:\/\/www.europesays.com\/fr\/wp-json\/wp\/v2\/types\/post"}],"author":[{"embeddable":true,"href":"https:\/\/www.europesays.com\/fr\/wp-json\/wp\/v2\/users\/2"}],"replies":[{"embeddable":true,"href":"https:\/\/www.europesays.com\/fr\/wp-json\/wp\/v2\/comments?post=630693"}],"version-history":[{"count":0,"href":"https:\/\/www.europesays.com\/fr\/wp-json\/wp\/v2\/posts\/630693\/revisions"}],"wp:featuredmedia":[{"embeddable":true,"href":"https:\/\/www.europesays.com\/fr\/wp-json\/wp\/v2\/media\/630694"}],"wp:attachment":[{"href":"https:\/\/www.europesays.com\/fr\/wp-json\/wp\/v2\/media?parent=630693"}],"wp:term":[{"taxonomy":"category","embeddable":true,"href":"https:\/\/www.europesays.com\/fr\/wp-json\/wp\/v2\/categories?post=630693"},{"taxonomy":"post_tag","embeddable":true,"href":"https:\/\/www.europesays.com\/fr\/wp-json\/wp\/v2\/tags?post=630693"}],"curies":[{"name":"wp","href":"https:\/\/api.w.org\/{rel}","templated":true}]}}