{"id":630699,"date":"2025-12-30T21:25:18","date_gmt":"2025-12-30T21:25:18","guid":{"rendered":"https:\/\/www.europesays.com\/fr\/630699\/"},"modified":"2025-12-30T21:25:18","modified_gmt":"2025-12-30T21:25:18","slug":"les-oeuvres-dart-les-plus-controversees-et-polemiques-de-lhistoire","status":"publish","type":"post","link":"https:\/\/www.europesays.com\/fr\/630699\/","title":{"rendered":"Les \u0153uvres d\u2019art les plus controvers\u00e9es et pol\u00e9miques de l\u2019histoire"},"content":{"rendered":"<p class=\"single__subtitle\">\u00c0 Paris ou ailleurs, l\u2019art controvers\u00e9 n\u2019est pas un accident. Ces \u0153uvres nous forcent \u00e0 r\u00e9fl\u00e9chir, \u00e0 d\u00e9battre, \u00e0 sortir de notre zone de confort. Et au fond, qu\u2019on les adore ou qu\u2019on les d\u00e9teste, elles ont d\u00e9j\u00e0 gagn\u00e9 : elles ne laissent personne indiff\u00e9rent. Alors, pr\u00eat \u00e0 regarder l\u2019art autrement ?<\/p>\n<p>\t\t\t\t\t\t\t<img loading=\"lazy\" decoding=\"async\" src=\"https:\/\/www.europesays.com\/fr\/wp-content\/uploads\/2025\/12\/oeuvres-dart-polemiques-1024x683.jpg\" class=\"wp-block-post-featured-image\" alt=\"Les \u0153uvres d\u2019art les plus controvers\u00e9es et pol\u00e9miques de l\u2019histoire \u2013 certaines d\u2019entre elles ont \u00e9t\u00e9 expos\u00e9es \u00e0 Paris et toutes ont fait parler d\u2019elles\u00a0\" width=\"1024\" height=\"683\"\/><\/p>\n<p>\t\t<a href=\"https:\/\/parissecret.com\/author\/clementine-ponsin\/\" rel=\"follow noopener\" target=\"_blank\"><img loading=\"lazy\" decoding=\"async\" alt=\"\" src=\"https:\/\/www.europesays.com\/fr\/wp-content\/uploads\/2025\/12\/IMG_9522_Facetune_09-11-2019-08-53-37-150x150.png\"  class=\"avatar avatar-40 photo\" height=\"40\" width=\"40\"\/><\/a><\/p>\n<p>\u00a0\u2013\u00a0Journaliste Publir\u00e9dactionnelle<\/p>\n<p>        \t\t\u00a0\u00b7\u00a0d\u00e9cembre 30, 2025<\/p>\n<p>L\u2019art ne se contente pas d\u2019\u00eatre beau. Il provoque, d\u00e9range, divise et parfois scandalise. De la <strong>Place Vend\u00f4me<\/strong> aux mus\u00e9es les plus insolites, certaines \u0153uvres ont d\u00e9clench\u00e9 des <strong>temp\u00eates m\u00e9diatiques<\/strong>, incendi\u00e9 la presse et m\u00eame provoqu\u00e9 des d\u00e9bats philosophiques sur<strong> le sens de l\u2019art<\/strong>. Il faut bien avouer que parfois, on a vraiment l\u2019impression qu\u2019on se moque de nous. Alors, vrai travail d\u2019introspection ou arnaque compl\u00e8te ? Petit tour d\u2019horizon des <strong>\u0153uvres d\u2019art les plus controvers\u00e9es expos\u00e9es \u00e0 Paris et ailleurs<\/strong> que vous allez adorer d\u00e9tester (ou l\u2019inverse).<\/p>\n<p>\nTree de Paul McCarthy ou le plug g\u00e9ant de la Place Vend\u00f4me <\/p>\n<p><img fetchpriority=\"high\" decoding=\"async\" width=\"1024\" height=\"683\" src=\"https:\/\/www.europesays.com\/fr\/wp-content\/uploads\/2025\/12\/image-5.jpg\" alt=\"Tree, installation de Paul Mac Carthy Place Vend\u00f4me\" class=\"wp-image-226053\"  \/>Getty Images \/ Chestnot<\/p>\n<p class=\"module-price\">Impossible de l\u2019oublier. En 2014, la <strong>Place Vend\u00f4me<\/strong> accueille un <strong>plug anal gonflable monumental<\/strong> de l\u2019artiste<strong> Paul McCarthy<\/strong>. Install\u00e9 au c\u0153ur du temple du luxe parisien, l\u2019objet d\u00e9clenche une pol\u00e9mique nationale. Jug\u00e9 provocant, d\u00e9plac\u00e9 ou g\u00e9nial selon les points de vue, le plug devient instantan\u00e9ment un symbole de <strong>l\u2019art contemporain controvers\u00e9 \u00e0 Paris<\/strong>. R\u00e9sultat ? Vandalis\u00e9, retir\u00e9, mais grav\u00e9 \u00e0 jamais dans la m\u00e9moire collective.<\/p>\n<p>\n<strong>Kermit la grenouille s\u2019\u00e9crase sur la Place Vend\u00f4me<\/strong> pour Art Basel Paris<\/p>\n<p><img loading=\"lazy\" decoding=\"async\" width=\"1024\" height=\"683\" src=\"https:\/\/www.europesays.com\/fr\/wp-content\/uploads\/2025\/12\/image-6.jpg\" alt=\"\" class=\"wp-image-226055\"  \/><\/p>\n<p class=\"module-price\"> Quand <strong>Kermit la Grenouille<\/strong> s\u2019est invit\u00e9e<strong> place Vend\u00f4me<\/strong> dans le cadre du festival <strong><a href=\"https:\/\/www.grandpalais.fr\/fr\/programme\/art-basel-paris-2025\" rel=\"nofollow noopener\" target=\"_blank\" class=\"shortcode-outbound-link\" data-has-ga=\"true\" data-ga-type=\"click\" data-label=\"https:\/\/www.grandpalais.fr\/fr\/programme\/art-basel-paris-2025\" data-action=\"text_cta_0\" data-category=\"click_non_sales\">Art Basel Paris<\/a><\/strong> par l\u2019artiste Alex Da Corte, <a href=\"https:\/\/parissecret.com\/ballon-geant-kermit-place-vendome-paris\/\" rel=\"follow noopener\" target=\"_self\" class=\"shortcode-outbound-link\" data-has-ga=\"true\" data-ga-type=\"click\" data-label=\"https:\/\/parissecret.com\/ballon-geant-kermit-place-vendome-paris\/\" data-action=\"text_cta_1\" data-category=\"click_internal\">le chic parisien a failli s\u2019\u00e9trangler avec son caf\u00e9 cr\u00e8me<\/a>. Voir<strong> l\u2019ic\u00f4ne pop la plus candide de la plan\u00e8te <\/strong>d\u00e9barquer au c\u0153ur du temple du luxe, entre joailliers ultra-select et fa\u00e7ades haussmanniennes tir\u00e9es \u00e0 quatre \u00e9pingles, relevait du <strong>grand \u00e9cart artistique<\/strong>. Provocation malicieuse ou g\u00e9nie assum\u00e9, cette<strong> apparition improbable<\/strong> a bouscul\u00e9 les codes, d\u00e9clenchant autant de selfies hilares que de soupirs scandalis\u00e9s. Une chose est s\u00fbre : en transformant <strong>la place la plus pr\u00e9cieuse de Paris<\/strong> en terrain de jeu pour une grenouille culte, l\u2019art a prouv\u00e9 qu\u2019il adore d\u00e9tourner les codes de la <strong>pop culture<\/strong>. <\/p>\n<p>\nLes toilettes en or massif de Maurizio Cattelan<\/p>\n<p><img loading=\"lazy\" decoding=\"async\" width=\"1024\" height=\"675\" src=\"https:\/\/www.europesays.com\/fr\/wp-content\/uploads\/2025\/12\/image-4-1024x675.jpg\" alt=\"\" class=\"wp-image-226051\"  \/><\/p>\n<p class=\"module-price\">Vendues\u00a012,1 millions de dollars chez <strong>Sotheby\u2019s New York<\/strong>, elles ont d\u00e9finitivement trouv\u00e9 leur place chez Ripley\u2019s. Avec<strong> Gold Toilet<\/strong>, l\u2019art contemporain tire la chasse du bon go\u00fbt et \u00e9clabousse joyeusement le monde du luxe. Imagin\u00e9 comme un v\u00e9ritable <strong>WC fonctionnel en or massif 18 carats<\/strong>, ce tr\u00f4ne ultra-bling \u2013 \u00e9valu\u00e9 \u00e0 plusieurs millions de dollars \u2013 transforme le geste le plus banal (et le moins glamour) en exp\u00e9rience artistique d\u00e9routante. Entre satire sociale et pied de nez aux \u00e9lites, <strong>l\u2019\u0153uvre invite chacun \u00e0 s\u2019asseoir litt\u00e9ralement sur la richesse<\/strong>, brouillant les fronti\u00e8res entre art, provocation et absurdit\u00e9 totale. Clin d\u2019\u0153il grin\u00e7ant \u00e0 notre obsession pour l\u2019or, le pouvoir et le statut, <strong>Gold Toilet<\/strong> prouve qu\u2019en mati\u00e8re d\u2019<strong>art controvers\u00e9<\/strong>, m\u00eame les toilettes peuvent devenir un manifeste.\u00a0<\/p>\n<p><img loading=\"lazy\" decoding=\"async\" width=\"1024\" height=\"646\" src=\"https:\/\/www.europesays.com\/fr\/wp-content\/uploads\/2025\/12\/image-7-1024x646.jpg\" alt=\"\" class=\"wp-image-226062\"  \/><\/p>\n<p class=\"module-price\">Encore lui. Avec Comedian, <strong>Maurizio Cattelan<\/strong> a r\u00e9ussi l\u2019exploit de transformer <strong>une simple banane scotch\u00e9e au mur <\/strong>en <strong>star mondiale de l\u2019art contemporain<\/strong>. Pr\u00e9sent\u00e9e en 2019 \u00e0 <strong>Art Basel Miami<\/strong>, l\u2019\u0153uvre \u2013 vendue \u00e0 prix d\u2019or (120 000 dollars) \u2013 a d\u00e9clench\u00e9 fous rires, indignation et d\u00e9bats enflamm\u00e9s sur ce qu\u2019est (ou n\u2019est plus) l\u2019art aujourd\u2019hui. Provocation g\u00e9niale pour les uns, vaste blague pour les autres, Comedian <strong>joue avec le march\u00e9 de l\u2019art<\/strong>, l\u2019absurde et notre fascination pour le buzz, rappelant que parfois, il suffit de tr\u00e8s peu pour faire vaciller tout un syst\u00e8me. Une \u0153uvre aussi \u00e9ph\u00e9m\u00e8re que virale, parfaitement dans l\u2019<strong>ADN <\/strong>grin\u00e7ant de Cattelan. <\/p>\n<p>\nCloaca : une \u0153uvre d\u2019art difficile \u00e0 dig\u00e9rer\u2026 <\/p>\n<p><img loading=\"lazy\" decoding=\"async\" width=\"1024\" height=\"768\" src=\"https:\/\/www.europesays.com\/fr\/wp-content\/uploads\/2025\/12\/image-1-1024x768.jpeg\" alt=\"\" class=\"wp-image-226070\"  \/><\/p>\n<p class=\"module-price\"><strong>Wim Delvoye<\/strong> n\u2019a pas fait dans la dentelle avec cette invention <strong>entre machine de laboratoire et bad trip artistique<\/strong>. Pr\u00e9sent\u00e9e <strong>pour la premi\u00e8re fois en 2000<\/strong>, Cloaca est litt\u00e9ralement <strong>une machine \u00e0 dig\u00e9rer<\/strong> \u2013 elle avale de la vraie nourriture, la transporte \u00e0 travers une s\u00e9rie de tubes et de r\u00e9servoirs chauff\u00e9s comme dans notre propre ventre, puis en ressort\u2026 <strong>des excr\u00e9ments r\u00e9els<\/strong>, empaquet\u00e9s et estampill\u00e9s fa\u00e7on marque de luxe ! L\u00e0 o\u00f9 d\u2019autres artistes se cachent derri\u00e8re des m\u00e9taphores, <strong>Delvoye assume l\u2019absurde<\/strong> jusqu\u2019au bout : cette \u0153uvre fonctionne v\u00e9ritablement, co\u00fbte une petite fortune \u00e0 fabriquer et nous force \u00e0 repenser notre rapport au corps, \u00e0 la consommation et au tabou, cette chose qu\u2019on pr\u00e9f\u00e8re \u00e9viter de nommer dans un mus\u00e9e. R\u00e9sultat ? Cloaca est<strong> l\u2019une des \u0153uvres les plus discut\u00e9es (et discutables) de l\u2019art contemporain<\/strong>.<\/p>\n<p>\n<strong>Piggy de Damien Hirst : de l\u2019art ou du cochon ?<\/strong><\/p>\n<p><img loading=\"lazy\" decoding=\"async\" width=\"730\" height=\"378\" src=\"https:\/\/www.europesays.com\/fr\/wp-content\/uploads\/2025\/12\/image-8.jpg\" alt=\"\" class=\"wp-image-226099\"  \/><\/p>\n<p class=\"module-price\">Avec Piggy, <strong>Damien Hirst<\/strong> frappe fort et va chercher l\u00e0 o\u00f9 \u00e7a d\u00e9mange. <strong>Un cochon rose bonbon, coup\u00e9 en deux<\/strong> dans le sens de la longueur, expos\u00e9 comme un sp\u00e9cimen de laboratoire sous vitrines impeccables : l\u2019image est aussi d\u00e9rangeante que pop. Entre<strong> humour noir et brutalit\u00e9<\/strong> assum\u00e9e,<strong> l\u2019artiste britannique<\/strong> transforme l\u2019animal le plus familier en <strong>objet de contemplation clinique<\/strong>, for\u00e7ant le regard \u00e0 osciller <strong>entre d\u00e9go\u00fbt et curiosit\u00e9<\/strong>. Fid\u00e8le \u00e0 son go\u00fbt pour la provocation, Hirst joue avec notre rapport \u00e0 la mort, \u00e0<strong> la consommation<\/strong> et au spectacle, rappelant que l\u2019art contemporain adore flirter avec la limite, aussi fine que du verre\u2026\u00a0<\/p>\n<p>\nLa Nona Ora, ou le pape \u00e9cras\u00e9 par une m\u00e9t\u00e9orite de Maurizio Cattelan<\/p>\n<p><img loading=\"lazy\" decoding=\"async\" width=\"497\" height=\"371\" src=\"https:\/\/www.europesays.com\/fr\/wp-content\/uploads\/2025\/12\/1767129918_72_image.png\" alt=\"\" class=\"wp-image-226102\"  \/><\/p>\n<p class=\"module-price\">Difficile de parler d\u2019art controvers\u00e9 sans mentionner <strong>\u201cLa Nona Ora\u201d<\/strong> de <strong>Maurizio Cattelan<\/strong> : un <strong>pape terrass\u00e9 par une m\u00e9t\u00e9orite<\/strong>. Pr\u00e9sent\u00e9e au Palais des arts de Dinard pour la premi\u00e8re fois en 2009, puis \u00e0 Paris, l\u2019\u0153uvre a choqu\u00e9 croyants et conservateurs, tout en fascinant les <strong>amateurs d\u2019art contemporain<\/strong>. Une sc\u00e8ne fig\u00e9e, absurde et tragique, qui questionne le pouvoir, la foi et la chute des ic\u00f4nes.<\/p>\n<p><strong>Et si le bizarre devenait une destination ?<\/strong><\/p>\n<p>Si ces \u0153uvres fascinent autant qu\u2019elles t\u2019intriguent, sachez qu\u2019il existe des lieux d\u00e9di\u00e9s \u00e0 l\u2019\u00e9trange, \u00e0 l\u2019insolite et au totalement improbable. Certains espaces, inspir\u00e9s des cabinets de curiosit\u00e9s, rassemblent objets d\u00e9routants, \u0153uvres choc et exp\u00e9riences hors normes.Pour explorer ce type d\u2019univers \u00e0 travers le monde (et peut-\u00eatre nourrir votre prochaine escapade culturelle), jettez un \u0153il \u00e0 ce <strong>plan des lieux insolites<\/strong> :<br \/>\ud83d\udd17<a href=\"https:\/\/www.ripleys.com\/locations\" rel=\"nofollow noopener\" target=\"_blank\" class=\"shortcode-outbound-link\" data-has-ga=\"true\" data-ga-type=\"click\" data-label=\"https:\/\/www.ripleys.com\/locations\" data-action=\"text_cta_3\" data-category=\"click_non_sales\"> https:\/\/www.ripleys.com\/locations<\/a><\/p>\n","protected":false},"excerpt":{"rendered":"\u00c0 Paris ou ailleurs, l\u2019art controvers\u00e9 n\u2019est pas un accident. Ces \u0153uvres nous forcent \u00e0 r\u00e9fl\u00e9chir, \u00e0 d\u00e9battre,&hellip;\n","protected":false},"author":2,"featured_media":630700,"comment_status":"","ping_status":"","sticky":false,"template":"","format":"standard","meta":{"footnotes":""},"categories":[1358],"tags":[3734,1396,1348,1384,1385,1386,58,59,3293,1011,27,1757,7107],"class_list":{"0":"post-630699","1":"post","2":"type-post","3":"status-publish","4":"format-standard","5":"has-post-thumbnail","7":"category-arts-et-design","8":"tag-art","9":"tag-art-contemporain","10":"tag-arts","11":"tag-arts-and-design","12":"tag-arts-et-design","13":"tag-design","14":"tag-divertissement","15":"tag-entertainment","16":"tag-exposition","17":"tag-fr","18":"tag-france","19":"tag-insolite","20":"tag-musees"},"share_on_mastodon":{"url":"https:\/\/pubeurope.com\/@fr\/115810633571623245","error":""},"_links":{"self":[{"href":"https:\/\/www.europesays.com\/fr\/wp-json\/wp\/v2\/posts\/630699","targetHints":{"allow":["GET"]}}],"collection":[{"href":"https:\/\/www.europesays.com\/fr\/wp-json\/wp\/v2\/posts"}],"about":[{"href":"https:\/\/www.europesays.com\/fr\/wp-json\/wp\/v2\/types\/post"}],"author":[{"embeddable":true,"href":"https:\/\/www.europesays.com\/fr\/wp-json\/wp\/v2\/users\/2"}],"replies":[{"embeddable":true,"href":"https:\/\/www.europesays.com\/fr\/wp-json\/wp\/v2\/comments?post=630699"}],"version-history":[{"count":0,"href":"https:\/\/www.europesays.com\/fr\/wp-json\/wp\/v2\/posts\/630699\/revisions"}],"wp:featuredmedia":[{"embeddable":true,"href":"https:\/\/www.europesays.com\/fr\/wp-json\/wp\/v2\/media\/630700"}],"wp:attachment":[{"href":"https:\/\/www.europesays.com\/fr\/wp-json\/wp\/v2\/media?parent=630699"}],"wp:term":[{"taxonomy":"category","embeddable":true,"href":"https:\/\/www.europesays.com\/fr\/wp-json\/wp\/v2\/categories?post=630699"},{"taxonomy":"post_tag","embeddable":true,"href":"https:\/\/www.europesays.com\/fr\/wp-json\/wp\/v2\/tags?post=630699"}],"curies":[{"name":"wp","href":"https:\/\/api.w.org\/{rel}","templated":true}]}}