{"id":630703,"date":"2025-12-30T21:28:13","date_gmt":"2025-12-30T21:28:13","guid":{"rendered":"https:\/\/www.europesays.com\/fr\/630703\/"},"modified":"2025-12-30T21:28:13","modified_gmt":"2025-12-30T21:28:13","slug":"mylene-farmer-renoue-avec-son-premier-succes-maman-a-tort-quatre-decennies-apres-sa-sortie","status":"publish","type":"post","link":"https:\/\/www.europesays.com\/fr\/630703\/","title":{"rendered":"Myl\u00e8ne Farmer renoue avec son premier succ\u00e8s, Maman a tort, quatre d\u00e9cennies apr\u00e8s sa sortie"},"content":{"rendered":"<p>\n    Apr\u00e8s un album remast\u00e9ris\u00e9, la chanteuse de 64 ans revient aux origines de sa carri\u00e8re avec une reprise de son premier tube sorti en 1984.<\/p>\n<p class=\"fig-paragraph\">Le label sp\u00e9cialis\u00e9 dans la r\u00e9\u00e9dition d\u2019albums Baskia Productions a annonc\u00e9 ressortir le premier single de\u00a0<a href=\"http:\/\/www.lefigaro.fr\/musique\/mylene-farmer-a-refuse-de-chanter-pour-la-ceremonie-d-ouverture-des-jo-20241223\" target=\"_blank\" data-fig-type=\"Article\" rel=\"noopener\" data-gtm-custom-categorie=\"navigation\" data-gtm-custom-action=\"crossclick\" data-gtm-custom-label=\"Contextuel\" data-gtm-event=\"customEventSPE\" data-fig-domain=\"LEFIGARO\">Myl\u00e8ne Farmer,<\/a>\u00a0Maman a tort, \u00e9crit par J\u00e9r\u00f4me Dahan et Laurent Boutonnat. La soci\u00e9t\u00e9 de production a pr\u00e9cis\u00e9 que le premier single de la star fran\u00e7aise sera disponible dans sa version originelle et \u00ab\u00a0enti\u00e8rement remast\u00e9ris\u00e9 \u00e0 partir des bandes analogiques d\u2019\u00e9poque\u00a0\u00bb.<\/p>\n<p class=\"fig-paragraph\">C\u2019est que les d\u00e9buts de la chanteuse et de son premier titre ont \u00e9t\u00e9 tumultueux. \u00c9voquant le sort d\u2019une jeune fille intern\u00e9e en h\u00f4pital psychiatrique prise d\u2019affection pour une infirmi\u00e8re, le titre ne rentre pas vraiment dans les standards de l\u2019\u00e9poque. Les maisons de disques ferment toutes leurs portes \u00e0 l\u2019interpr\u00e8te, \u00e0 l\u2019exception de RCA qui publie le 45\u00a0tours en mars 1984. Sans grand succ\u00e8s. Une r\u00e9\u00e9dition est r\u00e9alis\u00e9e dans l\u2019\u00e9t\u00e9 avec l\u2019aide de son manager, Bertrand Le Page, avec une nouvelle pochette et devient un succ\u00e8s, avec plus de 100\u00a0000 exemplaires vendus.<\/p>\n<p>                                            <a class=\"fig-a11y-skip\" href=\"#fig-a11y-skip-main-inarticle\" data-module=\"a11y-skip\" data-context=\"was @visible\"><br \/>\n    Passer la publicit\u00e9<br \/>\n<\/a>            <\/p>\n<p class=\"fig-paragraph\">En 1986, Myl\u00e8ne Farmer int\u00e8gre le titre \u00e0 son premier album, Cendres de lune. Il comporte notamment le titre Libertine, dont le clip fera scandale et\u00a0<a href=\"http:\/\/www.lefigaro.fr\/festival-de-cannes\/references-cinematographiques-realisateurs-reputes-comment-mylene-s-est-hissee-a-cannes-avec-ses-clips-20250513\" target=\"_blank\" data-fig-type=\"Article\" rel=\"noopener\" data-gtm-custom-categorie=\"navigation\" data-gtm-custom-action=\"crossclick\" data-gtm-custom-label=\"Contextuel\" data-gtm-event=\"customEventSPE\" data-fig-domain=\"LEFIGARO\">r\u00e9volutionnera les vid\u00e9oclips<\/a>.<\/p>\n<p class=\"fig-paragraph\">La r\u00e9\u00e9dition de la version originale de Maman a tort s\u2019accompagne de la publication d\u2019un livre sur le story-board du clip jamais r\u00e9alis\u00e9. La vid\u00e9o devait \u00eatre r\u00e9alis\u00e9e par Laurent Boutonnat.<\/p>\n<p class=\"fig-paragraph\">Depuis ce premier single,\u00a0<a href=\"http:\/\/www.lefigaro.fr\/vox\/culture\/generation-desenchantee-mylene-farmer-ou-les-premices-de-la-grande-depolitisation-20240305\" target=\"_blank\" data-fig-type=\"Article\" rel=\"noopener\" data-gtm-custom-categorie=\"navigation\" data-gtm-custom-action=\"crossclick\" data-gtm-custom-label=\"Contextuel\" data-gtm-event=\"customEventSPE\" data-fig-domain=\"LEFIGARO\">Myl\u00e8ne Farmer a fait du chemin<\/a>. Devenue une star internationale, elle a sorti 18 albums studio et live qui ont \u00e9t\u00e9 vendus \u00e0 plus de 35 millions d\u2019exemplaires dans le monde et r\u00e9alis\u00e9\u00a0<a href=\"http:\/\/www.lefigaro.fr\/festival-de-cannes\/mylene-farmer-livrera-une-prestation-exceptionnelle-au-festival-de-cannes-20250424\" target=\"_blank\" data-fig-type=\"NewsFlash\" rel=\"noopener\" data-gtm-custom-categorie=\"navigation\" data-gtm-custom-action=\"crossclick\" data-gtm-custom-label=\"Contextuel\" data-gtm-event=\"customEventSPE\" data-fig-domain=\"LEFIGARO\">65 singles \u00e0 succ\u00e8s<\/a>. Avec 30 NRJ Music Awards et 16 Victoires de la musique en 40 ans de carri\u00e8re, Myl\u00e8ne Farmer a su s\u2019imposer comme une ic\u00f4ne de la chanson fran\u00e7aise.<\/p>\n","protected":false},"excerpt":{"rendered":"Apr\u00e8s un album remast\u00e9ris\u00e9, la chanteuse de 64 ans revient aux origines de sa carri\u00e8re avec une reprise&hellip;\n","protected":false},"author":2,"featured_media":630704,"comment_status":"","ping_status":"","sticky":false,"template":"","format":"standard","meta":{"footnotes":""},"categories":[1355],"tags":[1697,58,59,1011,27,1361,873,13995],"class_list":{"0":"post-630703","1":"post","2":"type-post","3":"status-publish","4":"format-standard","5":"has-post-thumbnail","7":"category-musique","8":"tag-concert","9":"tag-divertissement","10":"tag-entertainment","11":"tag-fr","12":"tag-france","13":"tag-music","14":"tag-musique","15":"tag-mylene-farmer"},"share_on_mastodon":{"url":"https:\/\/pubeurope.com\/@fr\/115810645734271629","error":""},"_links":{"self":[{"href":"https:\/\/www.europesays.com\/fr\/wp-json\/wp\/v2\/posts\/630703","targetHints":{"allow":["GET"]}}],"collection":[{"href":"https:\/\/www.europesays.com\/fr\/wp-json\/wp\/v2\/posts"}],"about":[{"href":"https:\/\/www.europesays.com\/fr\/wp-json\/wp\/v2\/types\/post"}],"author":[{"embeddable":true,"href":"https:\/\/www.europesays.com\/fr\/wp-json\/wp\/v2\/users\/2"}],"replies":[{"embeddable":true,"href":"https:\/\/www.europesays.com\/fr\/wp-json\/wp\/v2\/comments?post=630703"}],"version-history":[{"count":0,"href":"https:\/\/www.europesays.com\/fr\/wp-json\/wp\/v2\/posts\/630703\/revisions"}],"wp:featuredmedia":[{"embeddable":true,"href":"https:\/\/www.europesays.com\/fr\/wp-json\/wp\/v2\/media\/630704"}],"wp:attachment":[{"href":"https:\/\/www.europesays.com\/fr\/wp-json\/wp\/v2\/media?parent=630703"}],"wp:term":[{"taxonomy":"category","embeddable":true,"href":"https:\/\/www.europesays.com\/fr\/wp-json\/wp\/v2\/categories?post=630703"},{"taxonomy":"post_tag","embeddable":true,"href":"https:\/\/www.europesays.com\/fr\/wp-json\/wp\/v2\/tags?post=630703"}],"curies":[{"name":"wp","href":"https:\/\/api.w.org\/{rel}","templated":true}]}}