{"id":630713,"date":"2025-12-30T21:33:11","date_gmt":"2025-12-30T21:33:11","guid":{"rendered":"https:\/\/www.europesays.com\/fr\/630713\/"},"modified":"2025-12-30T21:33:11","modified_gmt":"2025-12-30T21:33:11","slug":"adieu-les-kilos-des-fetes-de-fin-dannee-cet-appareil-decathlon-affine-votre-silhouette-tout-en-boostant-votre-cardio","status":"publish","type":"post","link":"https:\/\/www.europesays.com\/fr\/630713\/","title":{"rendered":"Adieu les kilos des f\u00eates de fin d&rsquo;ann\u00e9e : cet appareil D\u00e9cathlon affine votre silhouette tout en boostant votre cardio"},"content":{"rendered":"<p itemprop=\"description\">Pour bien d\u00e9marrer 2026, il est temps de<br \/>\nse mettre au sport et d\u2019affiner sa silhouette. Avec cet appareil<br \/>\nD\u00e9cathlon, combinez cardio et renforcement musculaire directement<br \/>\ndepuis chez vous.<\/p>\n<p data-start=\"61\" data-end=\"570\">2025 touche \u00e0 sa fin et laisse sa<br \/>\nplace \u00e0 2026. Et pour bien d\u00e9marrer cette nouvelle ann\u00e9e, on<br \/>\nn\u00a0\u00bboublie pas de lister nos nouvelles r\u00e9solutions. La premi\u00e8re ? Se<br \/>\nmettre au sport ! Il est grand temps de prendre les choses en main<br \/>\net de faire le n\u00e9cessaire pour \u00e9liminer <a href=\"https:\/\/www.bibamagazine.fr\/lifestyle\/sport\/not-yoga-on-a-trouve-le-sport-qui-brule-encore-plus-de-calories-sans-meme-sen-rendre-compte-498895.html\" target=\"_blank\" rel=\"noopener\"><br \/>\nun maximum de calories<\/a>, se d\u00e9barrasser des kilos en trop et<br \/>\nenfin obtenir le corps dont on a toujours r\u00eav\u00e9. Il nous reste<br \/>\nencore quelques mois avant l&rsquo;\u00e9t\u00e9\u2026 Et on veut pouvoir se pavaner sur<br \/>\nla plage, en maillot de bain, sans aucun complexe.<\/p>\n<p data-start=\"572\" data-end=\"954\">Pour cela, il n&rsquo;y a pas de<br \/>\nsecret : il faut adopter une alimentation \u00e9quilibr\u00e9e, combin\u00e9e \u00e0<br \/>\nune pratique sportive r\u00e9guli\u00e8re. Si vous n&rsquo;avez pas envie de vous<br \/>\ninscrire \u00e0 la salle de sport ou \u00e0 des cours collectifs, d&rsquo;autres<br \/>\nsolutions existent. Il est possible de faire du sport directement<br \/>\ndepuis chez vous, \u00e0 condition d&rsquo;avoir les bons \u00e9quipements. Et pour<br \/>\n\u00e7a, direction <a href=\"https:\/\/www.bibamagazine.fr\/mode\/shopping\/le-legging-cest-fini-ce-pantalon-decathlon-a-moins-de-30-euros-se-revele-plus-confortable-et-plus-style-498739.html\" target=\"_blank\" rel=\"noopener\"><br \/>\nD\u00e9cathlon<\/a> !<\/p>\n<p>Un appareil D\u00e9cathlon qui<br \/>\ncombine cardio et renforcement musculaire<\/p>\n<p data-start=\"1029\" data-end=\"1657\">Vendu \u00e0 84,99 euros,<br \/>\n<strong>le mini stepper MS520<\/strong> con\u00e7u par Domyos est<br \/>\nl&rsquo;appareil id\u00e9al si vous voulez affiner votre silhouette, am\u00e9liorer<br \/>\n<a href=\"https:\/\/www.bibamagazine.fr\/beaute\/minceur\/petit-effort-quotidien-30-minutes-cardio-selon-experts-482692.html\" target=\"_blank\" rel=\"noopener\"><br \/>\nvotre cardio<\/a> et pratiquer du renforcement musculaire. Le combo<br \/>\nparfait ! Cette machine sollicite efficacement la ceinture<br \/>\nabdominale ainsi que les muscles du bas du corps :<br \/>\n<strong>fessiers, cuisses et mollets.<\/strong> Gr\u00e2ce au mouvement<br \/>\nlat\u00e9ral twist, les muscles profonds de la taille sont davantage<br \/>\nengag\u00e9s, tandis que les \u00e9lastiques int\u00e9gr\u00e9s permettent de renforcer<br \/>\nle haut du corps. Le guidon, quant \u00e0 lui, apporte confort et<br \/>\nstabilit\u00e9, tout en garantissant une posture droite et s\u00e9curis\u00e9e<br \/>\npendant l\u2019effort.<\/p>\n<p data-start=\"1659\" data-end=\"2383\">Avec le stepper MS520,<br \/>\nl\u2019entra\u00eenement devient \u00e0 la fois progressif et personnalisable. En<br \/>\nsollicitant les syst\u00e8mes musculaire et cardio-vasculaire, il<br \/>\nam\u00e9liore le souffle et la coordination au fil des s\u00e9ances. Pour de<br \/>\nmeilleurs r\u00e9sultats, il est conseill\u00e9 de commencer par 3 \u00e0 5<br \/>\nminutes d\u2019\u00e9chauffement, suivies de <strong>20 \u00e0 30 minutes<br \/>\nd\u2019effort,<\/strong> avant une phase de retour au calme et<br \/>\nd\u2019\u00e9tirements. Si vous voulez intensifier la s\u00e9ance, l\u2019ajout d\u2019un<br \/>\nmouvement rotatif des hanches permet de renforcer davantage la<br \/>\ntaille et les abdominaux. Enfin, le compteur int\u00e9gr\u00e9 \u00e0 4<br \/>\nindicateurs (r\u00e9p\u00e9titions, dur\u00e9e, fr\u00e9quence et calories d\u00e9pens\u00e9es)<br \/>\nvous offre un suivi pr\u00e9cis des performances pour mesurer votre<br \/>\nprogression s\u00e9ance apr\u00e8s s\u00e9ance.<\/p>\n<p>Une<br \/>\nexcellente note de 4,49 sur 5<\/p>\n<p data-start=\"2424\" data-end=\"2825\">Avec une note de <strong>4,49<br \/>\nsur 5<\/strong> sur le site de D\u00e9cathlon, on peut affirmer que ce<br \/>\nmini stepper a du succ\u00e8s. La preuve dans les avis : \u00ab\u00a0C\u2019est<br \/>\nvraiment bien, simple, pas cher et peu encombrant. C\u2019est le second<br \/>\nque j\u2019ach\u00e8te pour une r\u00e9sidence secondaire. Tr\u00e8s bon produit\u00a0\u00bb<br \/>\nou encore \u00ab\u00a0Je l&rsquo;utilise tous les jours pendant 5 mn et je me<br \/>\nsens bien apr\u00e8s. Je d\u00e9marre ma journ\u00e9e, apr\u00e8s\u00a0\u00bb, ont \u00e9crit les<br \/>\ninternautes.<\/p>\n<p data-start=\"2827\" data-end=\"3215\" data-is-last-node=\"\" data-is-only-node=\"\">\u00ab\u00a0Un casque, votre playlist pr\u00e9f\u00e9r\u00e9e\u2026 et<br \/>\nc&rsquo;est parti ! On marche le temps que l&rsquo;on veut avec visu sur le<br \/>\ntemps, le nombre de pas et les calories\u2026 C&rsquo;est top et le prix est<br \/>\ntr\u00e8s bien, je valide\u00a0\u00bb et \u00ab\u00a0<strong>R\u00e9pond parfaitement \u00e0<br \/>\nmes attentes<\/strong> : compact, se range facilement, tr\u00e8s<br \/>\nefficace, et permet de faire de l&rsquo;exercice \u00e0 la maison par mauvais<br \/>\ntemps !\u00a0\u00bb, peut-on \u00e9galement lire. Alors, on s&rsquo;y met ?<\/p>\n<p data-start=\"2827\" data-end=\"3215\" data-is-last-node=\"\" data-is-only-node=\"\"><img loading=\"lazy\" decoding=\"async\" itemprop=\"thumbnailUrl\" class=\"alignnone size-large wp-image-499590 img-responsive pinit-here\" src=\"https:\/\/www.europesays.com\/fr\/wp-content\/uploads\/2025\/12\/mini-stepper-ms520.jpg-1024x1024.jpg\" alt=\"D\u00e9cathlon\" width=\"1024\" height=\"1024\" data-pin-media=\"https:\/\/www.bibamagazine.fr\/wp-content\/uploads\/biba\/2025\/12\/mini-stepper-ms520.jpg-736x736.jpg\"\/><br \/>\n\u00a9<br \/>\nShutterstock<\/p>\n<p style=\"text-align: center;\" data-start=\"2827\" data-end=\"3215\" data-is-last-node=\"\" data-is-only-node=\"\"><a href=\"https:\/\/www.decathlon.fr\/p\/mini-stepper-ms520\/_\/R-p-347148\" target=\"_blank\" rel=\"noopener\">Mini<br \/>\nstepper MS520 con\u00e7u par Domyos, 86.99 euros<\/a><\/p>\n","protected":false},"excerpt":{"rendered":"Pour bien d\u00e9marrer 2026, il est temps de se mettre au sport et d\u2019affiner sa silhouette. Avec cet&hellip;\n","protected":false},"author":2,"featured_media":630714,"comment_status":"","ping_status":"","sticky":false,"template":"","format":"standard","meta":{"footnotes":""},"categories":[7],"tags":[35806,73971,73790,73972,73973,33318,72015,1805,7200,154,3026,14537,5729,1011,27,393,151,43,40,41,39,16723,42,44,3585,15161],"class_list":{"0":"post-630713","1":"post","2":"type-post","3":"status-publish","4":"format-standard","5":"has-post-thumbnail","7":"category-sciences-et-technologies","8":"tag-adieu","9":"tag-affine","10":"tag-appareil","11":"tag-boostant","12":"tag-cardio","13":"tag-cet","14":"tag-dannee","15":"tag-de","16":"tag-decathlon","17":"tag-des","18":"tag-en","19":"tag-fetes","20":"tag-fin","21":"tag-fr","22":"tag-france","23":"tag-kilos","24":"tag-les","25":"tag-science","26":"tag-science-and-technology","27":"tag-sciences","28":"tag-sciences-et-technologies","29":"tag-silhouette","30":"tag-technologies","31":"tag-technology","32":"tag-tout","33":"tag-votre"},"share_on_mastodon":{"url":"https:\/\/pubeurope.com\/@fr\/115810664898999955","error":""},"_links":{"self":[{"href":"https:\/\/www.europesays.com\/fr\/wp-json\/wp\/v2\/posts\/630713","targetHints":{"allow":["GET"]}}],"collection":[{"href":"https:\/\/www.europesays.com\/fr\/wp-json\/wp\/v2\/posts"}],"about":[{"href":"https:\/\/www.europesays.com\/fr\/wp-json\/wp\/v2\/types\/post"}],"author":[{"embeddable":true,"href":"https:\/\/www.europesays.com\/fr\/wp-json\/wp\/v2\/users\/2"}],"replies":[{"embeddable":true,"href":"https:\/\/www.europesays.com\/fr\/wp-json\/wp\/v2\/comments?post=630713"}],"version-history":[{"count":0,"href":"https:\/\/www.europesays.com\/fr\/wp-json\/wp\/v2\/posts\/630713\/revisions"}],"wp:featuredmedia":[{"embeddable":true,"href":"https:\/\/www.europesays.com\/fr\/wp-json\/wp\/v2\/media\/630714"}],"wp:attachment":[{"href":"https:\/\/www.europesays.com\/fr\/wp-json\/wp\/v2\/media?parent=630713"}],"wp:term":[{"taxonomy":"category","embeddable":true,"href":"https:\/\/www.europesays.com\/fr\/wp-json\/wp\/v2\/categories?post=630713"},{"taxonomy":"post_tag","embeddable":true,"href":"https:\/\/www.europesays.com\/fr\/wp-json\/wp\/v2\/tags?post=630713"}],"curies":[{"name":"wp","href":"https:\/\/api.w.org\/{rel}","templated":true}]}}