{"id":630728,"date":"2025-12-30T21:41:13","date_gmt":"2025-12-30T21:41:13","guid":{"rendered":"https:\/\/www.europesays.com\/fr\/630728\/"},"modified":"2025-12-30T21:41:13","modified_gmt":"2025-12-30T21:41:13","slug":"stade-nancy-le-mans-bastia-devant-avec-lasse-la-mosson-peine-a-attirer-en-ligue-2","status":"publish","type":"post","link":"https:\/\/www.europesays.com\/fr\/630728\/","title":{"rendered":"[Stade] Nancy, Le Mans, Bastia devant avec l\u2019ASSE : La Mosson peine \u00e0 attirer en Ligue 2"},"content":{"rendered":"<p>A la mi-saison, la Mosson n\u2019est que le 6e stade dans le classement des affluences du championnat, avec une moyenne de 9.000 spectateurs. Un nombre au plus bas depuis la saison 2007\/08 o\u00f9 la moyenne tournait autour de 7.247 spectateurs. Il y a 18 ans donc.<\/p>\n<p>Sans aucune surprise, Saint-Etienne domine ce classement avec en moyenne 31.157 spectateurs \u00e0 Geoffroy-Guichard en championnat cette saison, et ce malgr\u00e9 les nombreuses fermetures de tribunes. Suivent Nancy avec 13.403 spectateurs en moyenne \u00e0 Marcel Picot, Reims et ses 10.197 supporters de moyenne, Bastia avec 9.990 personnes \u00e0 Armand-Cesari malgr\u00e9 la saison cauchemar et Le Mans et ses 9.659 spectateurs au Stade Marie-Marvingt, sans doute gr\u00e2ce aux excellents r\u00e9sultats de l\u2019\u00e9quipe.<\/p>\n<p><img loading=\"lazy\" title=\"Capture d\u00e9cran 2025-12-29 181540 | AllezPaillade.com\" decoding=\"async\" width=\"679\" height=\"761\" src=\"https:\/\/www.europesays.com\/fr\/wp-content\/uploads\/2025\/12\/Capture-decran-2025-12-29-181540.png\" alt=\"\" class=\"wp-image-198871\"  \/>Source  Transfermarkt via LFP<\/p>\n<p>Tout en bas, Pau, Dunkerque et le Red Star souffrent de leur petit stade et parviennent \u00e0 le remplir en grande partie. Au contraire d\u2019Annecy, Grenoble, Boulogne et Clermont qui ne parviennent pas \u00e0 remplir leur stade \u00e0 moiti\u00e9. Le leader du championnat, l\u2019ESTAC est lui 9e de ce classement avec 6.970 fans de moyenne malgr\u00e9 les 20.460 places du Stade de l\u2019Aube.<\/p>\n<p>La Mosson peine \u00e0 se remplir, et l\u2019ambiance souffre d\u2019un d\u00e9ficit de ferveur compar\u00e9 \u00e0 d\u2019autres stades de Ligue 2. Heureusement, la Butte Paillade continue d\u2019animer nos tribunes, ce qui nous permet de ne pas avoir un stade qui sonne creux.<\/p>\n<p>Revient sans h\u00e9siter la question du stade. Comment attirer du monde \u00e0 la Mosson alors que les prestations sportives sont en dent de scie et que les tribunes tombent en ruines ? Tout l\u2019enjeux d\u2019un nouveau stade\u2026<\/p>\n","protected":false},"excerpt":{"rendered":"A la mi-saison, la Mosson n\u2019est que le 6e stade dans le classement des affluences du championnat, avec&hellip;\n","protected":false},"author":2,"featured_media":630729,"comment_status":"","ping_status":"","sticky":false,"template":"","format":"standard","meta":{"footnotes":""},"categories":[9635],"tags":[328,1111,11,1777,674,1011,27,775,1702,12,25,2858,2188],"class_list":{"0":"post-630728","1":"post","2":"type-post","3":"status-publish","4":"format-standard","5":"has-post-thumbnail","7":"category-nancy","8":"tag-a-la-une","9":"tag-actu","10":"tag-actualites","11":"tag-eu","12":"tag-europe","13":"tag-fr","14":"tag-france","15":"tag-grand-est","16":"tag-nancy","17":"tag-news","18":"tag-republique-francaise","19":"tag-stade","20":"tag-statistiques"},"share_on_mastodon":{"url":"https:\/\/pubeurope.com\/@fr\/115810696179965614","error":""},"_links":{"self":[{"href":"https:\/\/www.europesays.com\/fr\/wp-json\/wp\/v2\/posts\/630728","targetHints":{"allow":["GET"]}}],"collection":[{"href":"https:\/\/www.europesays.com\/fr\/wp-json\/wp\/v2\/posts"}],"about":[{"href":"https:\/\/www.europesays.com\/fr\/wp-json\/wp\/v2\/types\/post"}],"author":[{"embeddable":true,"href":"https:\/\/www.europesays.com\/fr\/wp-json\/wp\/v2\/users\/2"}],"replies":[{"embeddable":true,"href":"https:\/\/www.europesays.com\/fr\/wp-json\/wp\/v2\/comments?post=630728"}],"version-history":[{"count":0,"href":"https:\/\/www.europesays.com\/fr\/wp-json\/wp\/v2\/posts\/630728\/revisions"}],"wp:featuredmedia":[{"embeddable":true,"href":"https:\/\/www.europesays.com\/fr\/wp-json\/wp\/v2\/media\/630729"}],"wp:attachment":[{"href":"https:\/\/www.europesays.com\/fr\/wp-json\/wp\/v2\/media?parent=630728"}],"wp:term":[{"taxonomy":"category","embeddable":true,"href":"https:\/\/www.europesays.com\/fr\/wp-json\/wp\/v2\/categories?post=630728"},{"taxonomy":"post_tag","embeddable":true,"href":"https:\/\/www.europesays.com\/fr\/wp-json\/wp\/v2\/tags?post=630728"}],"curies":[{"name":"wp","href":"https:\/\/api.w.org\/{rel}","templated":true}]}}