{"id":630730,"date":"2025-12-30T21:42:13","date_gmt":"2025-12-30T21:42:13","guid":{"rendered":"https:\/\/www.europesays.com\/fr\/630730\/"},"modified":"2025-12-30T21:42:13","modified_gmt":"2025-12-30T21:42:13","slug":"entrainement-ouvert-au-public-ce-vendredi-2-janvier","status":"publish","type":"post","link":"https:\/\/www.europesays.com\/fr\/630730\/","title":{"rendered":"Entrainement ouvert au public ce vendredi 2 janvier !"},"content":{"rendered":"<p>Un entrainement collectif aura lieu le<strong> vendredi 2 janvier <\/strong>et<strong>\u00a0<\/strong>sera\u00a0<strong>ouvert au public<\/strong> \u00e0 partir de\u00a0<strong>16h<\/strong>. L\u2019entr\u00e9e grand public se fera par le\u00a0<strong>Club House<\/strong>,\u00a053 rue de\u00a0Melpom\u00e8ne.<\/p>\n<p>Alors pour tous nos supporters, laissez vous tenter par un\u00a0<strong>petit-d\u00e9jeuner<\/strong>\u00a0ou un\u00a0<strong>d\u00e9jeuner<\/strong>\u00a0dans notre\u00a0<a href=\"https:\/\/www.lemuguet.com\/\" target=\"_blank\" rel=\"nofollow noopener\">Brasserie Le Muguet<\/a>\u00a0pendant l\u2019entrainement des hommes de\u00a0<strong>Pierre Mignoni<\/strong>\u00a0! R\u00e9servez votre table d\u00e8s maintenant en<strong>\u00a0<a href=\"https:\/\/www.lemuguet.com\/\" target=\"_blank\" rel=\"nofollow noopener\">cliquant ici<\/a><\/strong>\u00a0!<\/p>\n<p>La\u00a0<strong>Boutique RCT<\/strong> sera \u00e9galement ouverte et pr\u00eate \u00e0 vous accueillir pour arborer les couleurs\u00a0<strong>Rouge<\/strong>\u00a0<strong>&amp; Noir<\/strong>\u00a0durant l\u2019entrainement !<\/p>\n","protected":false},"excerpt":{"rendered":"Un entrainement collectif aura lieu le vendredi 2 janvier et\u00a0sera\u00a0ouvert au public \u00e0 partir de\u00a016h. L\u2019entr\u00e9e grand public&hellip;\n","protected":false},"author":2,"featured_media":390996,"comment_status":"","ping_status":"","sticky":false,"template":"","format":"standard","meta":{"footnotes":""},"categories":[9619],"tags":[1111,11,1777,674,1011,27,12,882,25,2310],"class_list":{"0":"post-630730","1":"post","2":"type-post","3":"status-publish","4":"format-standard","5":"has-post-thumbnail","7":"category-toulon","8":"tag-actu","9":"tag-actualites","10":"tag-eu","11":"tag-europe","12":"tag-fr","13":"tag-france","14":"tag-news","15":"tag-provence-alpes-cote-dazur","16":"tag-republique-francaise","17":"tag-toulon"},"share_on_mastodon":{"url":"https:\/\/pubeurope.com\/@fr\/115810700127325652","error":""},"_links":{"self":[{"href":"https:\/\/www.europesays.com\/fr\/wp-json\/wp\/v2\/posts\/630730","targetHints":{"allow":["GET"]}}],"collection":[{"href":"https:\/\/www.europesays.com\/fr\/wp-json\/wp\/v2\/posts"}],"about":[{"href":"https:\/\/www.europesays.com\/fr\/wp-json\/wp\/v2\/types\/post"}],"author":[{"embeddable":true,"href":"https:\/\/www.europesays.com\/fr\/wp-json\/wp\/v2\/users\/2"}],"replies":[{"embeddable":true,"href":"https:\/\/www.europesays.com\/fr\/wp-json\/wp\/v2\/comments?post=630730"}],"version-history":[{"count":0,"href":"https:\/\/www.europesays.com\/fr\/wp-json\/wp\/v2\/posts\/630730\/revisions"}],"wp:featuredmedia":[{"embeddable":true,"href":"https:\/\/www.europesays.com\/fr\/wp-json\/wp\/v2\/media\/390996"}],"wp:attachment":[{"href":"https:\/\/www.europesays.com\/fr\/wp-json\/wp\/v2\/media?parent=630730"}],"wp:term":[{"taxonomy":"category","embeddable":true,"href":"https:\/\/www.europesays.com\/fr\/wp-json\/wp\/v2\/categories?post=630730"},{"taxonomy":"post_tag","embeddable":true,"href":"https:\/\/www.europesays.com\/fr\/wp-json\/wp\/v2\/tags?post=630730"}],"curies":[{"name":"wp","href":"https:\/\/api.w.org\/{rel}","templated":true}]}}