{"id":630731,"date":"2025-12-30T21:43:10","date_gmt":"2025-12-30T21:43:10","guid":{"rendered":"https:\/\/www.europesays.com\/fr\/630731\/"},"modified":"2025-12-30T21:43:10","modified_gmt":"2025-12-30T21:43:10","slug":"toulon-meteo-un-temps-mitige-mercredi-en-provence-alpes-cote-dazur","status":"publish","type":"post","link":"https:\/\/www.europesays.com\/fr\/630731\/","title":{"rendered":"TOULON : M\u00e9t\u00e9o &#8211; Un temps mitig\u00e9 mercredi en Provence-Alpes-C\u00f4te d\u2019Azur"},"content":{"rendered":"<p><strong>Un temps mitig\u00e9 ce mercredi en Provence-Alpes-C\u00f4te d\u2019Azur, avec un vent d\u2019est apportant par endroits des nuages plus pr\u00e9sents l\u2019apr\u00e8s-midi, sur la fa\u00e7ade littorale et dans l\u2019int\u00e9rieur des terres. <\/strong><\/p>\n<p>Les rafales pourront atteindre 55 km\/h. Les temp\u00e9ratures restent froides, de \u22121\u00b0 \u00e0 9\u00b0 le matin, puis 6 \u00e0 12\u00b0 l\u2019apr\u00e8s-midi, 12\u00b0 sur\u00a0<strong data-start=\"483\" data-end=\"493\">Toulon<\/strong>,\u00a0<strong data-start=\"495\" data-end=\"508\">Le Pradet<\/strong>,\u00a0<strong data-start=\"510\" data-end=\"526\">Carqueiranne<\/strong>,\u00a0<strong data-start=\"528\" data-end=\"538\">Hy\u00e8res-les-Palmiers<\/strong>,\u00a0<strong data-start=\"540\" data-end=\"563\">La Londe-les-Maures<\/strong>\u00a0et\u00a0<strong data-start=\"567\" data-end=\"589\">Bormes-les-Mimosas<\/strong>, 11\u00b0 \u00e0\u00a0<strong data-start=\"597\" data-end=\"607\">Bandol<\/strong>,\u00a0<strong data-start=\"609\" data-end=\"627\">Sanary-sur-Mer<\/strong>\u00a0et\u00a0<strong data-start=\"631\" data-end=\"652\">Saint-Cyr-sur-Mer<\/strong>, 10\u00b0 sur\u00a0<strong data-start=\"662\" data-end=\"675\">Marseille<\/strong>,\u00a0<strong data-start=\"677\" data-end=\"695\">Carry-le-Rouet<\/strong>,\u00a0<strong data-start=\"697\" data-end=\"710\">Martigues<\/strong>\u00a0et\u00a0<strong data-start=\"714\" data-end=\"733\">Aix-en-Provence<\/strong>, 6\u00b0 \u00e0\u00a0<strong data-start=\"740\" data-end=\"759\">Digne-les-Bains<\/strong>\u00a0et 5\u00b0 \u00e0\u00a0<strong data-start=\"778\" data-end=\"789\" data-is-last-node=\"\">Avignon<\/strong><\/p>\n<p><strong>ComLaRadio\u00a0<\/strong><br \/><strong>Thierry CARI<\/strong><br \/><strong>Voix Off<\/strong><br \/><strong>Animateur \/ pr\u00e9sentateur<\/strong><br \/><strong>\u00a0<a href=\"https:\/\/presseagence.fr\/toulon-meteo-un-temps-mitige-mercredi-en-provence-alpes-cote-dazur\/mailto:Contact@thierrycari.com\" target=\"_blank\" rel=\"noopener\">Contact@thierrycari.com<\/a><\/strong><br \/><strong><a href=\"http:\/\/www.thierrycari.com\" target=\"_blank\" rel=\"noopener\">www.thierrycari.com<\/a><\/strong><\/p>\n","protected":false},"excerpt":{"rendered":"Un temps mitig\u00e9 ce mercredi en Provence-Alpes-C\u00f4te d\u2019Azur, avec un vent d\u2019est apportant par endroits des nuages plus&hellip;\n","protected":false},"author":2,"featured_media":34790,"comment_status":"","ping_status":"","sticky":false,"template":"","format":"standard","meta":{"footnotes":""},"categories":[9619],"tags":[1111,11,1777,674,1011,27,12,882,25,2310],"class_list":{"0":"post-630731","1":"post","2":"type-post","3":"status-publish","4":"format-standard","5":"has-post-thumbnail","7":"category-toulon","8":"tag-actu","9":"tag-actualites","10":"tag-eu","11":"tag-europe","12":"tag-fr","13":"tag-france","14":"tag-news","15":"tag-provence-alpes-cote-dazur","16":"tag-republique-francaise","17":"tag-toulon"},"share_on_mastodon":{"url":"https:\/\/pubeurope.com\/@fr\/115810704016815646","error":""},"_links":{"self":[{"href":"https:\/\/www.europesays.com\/fr\/wp-json\/wp\/v2\/posts\/630731","targetHints":{"allow":["GET"]}}],"collection":[{"href":"https:\/\/www.europesays.com\/fr\/wp-json\/wp\/v2\/posts"}],"about":[{"href":"https:\/\/www.europesays.com\/fr\/wp-json\/wp\/v2\/types\/post"}],"author":[{"embeddable":true,"href":"https:\/\/www.europesays.com\/fr\/wp-json\/wp\/v2\/users\/2"}],"replies":[{"embeddable":true,"href":"https:\/\/www.europesays.com\/fr\/wp-json\/wp\/v2\/comments?post=630731"}],"version-history":[{"count":0,"href":"https:\/\/www.europesays.com\/fr\/wp-json\/wp\/v2\/posts\/630731\/revisions"}],"wp:featuredmedia":[{"embeddable":true,"href":"https:\/\/www.europesays.com\/fr\/wp-json\/wp\/v2\/media\/34790"}],"wp:attachment":[{"href":"https:\/\/www.europesays.com\/fr\/wp-json\/wp\/v2\/media?parent=630731"}],"wp:term":[{"taxonomy":"category","embeddable":true,"href":"https:\/\/www.europesays.com\/fr\/wp-json\/wp\/v2\/categories?post=630731"},{"taxonomy":"post_tag","embeddable":true,"href":"https:\/\/www.europesays.com\/fr\/wp-json\/wp\/v2\/tags?post=630731"}],"curies":[{"name":"wp","href":"https:\/\/api.w.org\/{rel}","templated":true}]}}