{"id":630740,"date":"2025-12-30T21:51:29","date_gmt":"2025-12-30T21:51:29","guid":{"rendered":"https:\/\/www.europesays.com\/fr\/630740\/"},"modified":"2025-12-30T21:51:29","modified_gmt":"2025-12-30T21:51:29","slug":"pro-d2-programmation-tv-le-fcg-et-le-vrdr-joueront-en-decale-fin-janvier","status":"publish","type":"post","link":"https:\/\/www.europesays.com\/fr\/630740\/","title":{"rendered":"Pro D2. Programmation TV\u00a0: le FCG et le VRDR joueront en d\u00e9cal\u00e9 fin janvier"},"content":{"rendered":"<p>La Ligue nationale de rugby et le diffuseur t\u00e9l\u00e9 Canal +\u00a0ont publi\u00e9 ce mardi la programmation t\u00e9l\u00e9 de la 19e et de la 20e journ\u00e9e de Pro D2. La 19e journ\u00e9e, qui est aussi la derni\u00e8re du premier bloc de 2026, s\u2019ouvrira par un all\u00e9chant Oyonnax &#8211; Vannes devant les cam\u00e9ras de Canal +\u00a0Sport le jeudi 29\u00a0janvier.<\/p>\n<p>Le vendredi\u00a030, les Dr\u00f4mois du Valence Romans Dr\u00f4me Rugby (VRDR) joueront en match d\u00e9cal\u00e9 sur la pelouse d\u2019Aurillac \u00e0 Jean-Alric (19 heures). Cette rencontre d\u00e9cal\u00e9e permet une meilleure exposition pour les joueurs de la Dr\u00f4me, actuellement dans le haut du tableau de la Pro D2.<\/p>\n<p>En ce qui concerne <a href=\"https:\/\/www.ledauphine.com\/sport\/2025\/12\/25\/le-fcg-va-regouter-a-la-fievre-du-samedi-soir-en-fevrier\" target=\"_blank\" rel=\"noopener\">les joueurs du FCG<\/a> , ces derniers iront dans le Pays basque, au Biarritz olympique en cl\u00f4ture de cette 19e journ\u00e9e de Pro D2. Les Is\u00e9rois de <a href=\"https:\/\/www.ledauphine.com\/p\/jean-frederic-dubois\" target=\"_blank\" rel=\"noopener\">Jean-Fr\u00e9d\u00e9ric Dubois<\/a> se rendront au Parc des sports Aguilera. Le match est d\u00e9cal\u00e9 \u00e0 21 heures et sera le dernier avant une semaine de vacances pour tous les acteurs.<\/p>\n<p><strong>&gt;&gt;\u00a0<\/strong><a href=\"https:\/\/www.ledauphine.com\/sport\/calendrier-resultats\/rugby\/national-pro-d2-saison-reguliere\" target=\"_blank\" rel=\"noopener\"><strong>Les r\u00e9sultats, le classement et le calendrier de Pro D2\u00a0<\/strong><\/a><\/p>\n<p>  Le FCG et le VRDR programm\u00e9s dans le multiplex pour la 20e journ\u00e9e<\/p>\n<p>Lors de la journ\u00e9e de reprise, qui est pr\u00e9vue du 12 au 13\u00a0f\u00e9vrier, les Grenoblois vont encha\u00eener un deuxi\u00e8me match \u00e0 l\u2019ext\u00e9rieur. Antonin Berruyer et ses co\u00e9quipiers se rendront \u00e0 B\u00e9ziers. Aujourd\u2019hui, l\u2019affiche est un duel de mal class\u00e9s entre les joueurs de l\u2019H\u00e9rault seulement 13es et des Grenoblois, <a href=\"https:\/\/www.ledauphine.com\/sport\/2025\/12\/26\/troisieme-de-la-promesse-du-paradis-a-la-desillusion-au-fcg-une-saison-en-montagnes-russes\" target=\"_blank\" rel=\"noopener\"> scotch\u00e9s \u00e0 la 10e\u00a0place<\/a> et qui n\u2019arrivent pas \u00e0 se lib\u00e9rer <a href=\"https:\/\/www.ledauphine.com\/sport\/2025\/12\/24\/les-desillusions-du-fcg-et-du-soc-l-annee-parfaite-de-bielle-biarrey-le-nouvel-echec-des-bleues-en-coupe-du-monde-revivez-l-annee-du-rugby\" target=\"_blank\" rel=\"noopener\">depuis le d\u00e9but de saison<\/a>. L\u2019affiche est programm\u00e9e le vendredi\u00a013 \u00e0 19h30.<\/p>\n<p>Du son c\u00f4t\u00e9, le VRDR a rendez-vous \u00e0 Pompidou o\u00f9 il re\u00e7oit Biarritz dans une rencontre qui para\u00eet d\u00e9s\u00e9quilibr\u00e9e entre le troisi\u00e8me et le 12e de Pro D2. Les Dr\u00f4mois, euphoriques sont dans la course pour la qualification aux phases finales quand le BO, lui, cherche \u00e0 s\u2019\u00e9loigner de la zone rouge. La rencontre sera aussi jou\u00e9 le 13 f\u00e9vrier \u00e0 19h30.<\/p>\n","protected":false},"excerpt":{"rendered":"La Ligue nationale de rugby et le diffuseur t\u00e9l\u00e9 Canal +\u00a0ont publi\u00e9 ce mardi la programmation t\u00e9l\u00e9 de&hellip;\n","protected":false},"author":2,"featured_media":630741,"comment_status":"","ping_status":"","sticky":false,"template":"","format":"standard","meta":{"footnotes":""},"categories":[9566],"tags":[1111,11,2430,2730,112,2737,2735,1777,674,2727,1701,1011,27,2731,2732,108,12,2308,25,1479,2736,479,517,2733,2734,2728],"class_list":{"0":"post-630740","1":"post","2":"type-post","3":"status-publish","4":"format-standard","5":"has-post-thumbnail","7":"category-grenoble","8":"tag-actu","9":"tag-actualites","10":"tag-auvergne-rhone-alpes","11":"tag-drome","12":"tag-edition-grenoble-agglomeration","13":"tag-edition-romans-nord-drome","14":"tag-edition-valence-rhone-crussol-vallee-de-la-drome","15":"tag-eu","16":"tag-europe","17":"tag-fcg-fc-grenoble-rugby","18":"tag-fil-info-sport","19":"tag-fr","20":"tag-france","21":"tag-grenoble","22":"tag-grenoble-bassin","23":"tag-isere","24":"tag-news","25":"tag-pro-d2","26":"tag-republique-francaise","27":"tag-romans","28":"tag-romans-sur-isere","29":"tag-rugby","30":"tag-sport","31":"tag-valence","32":"tag-valence-bassin","33":"tag-vrdr-valence-romans-drome-rugby"},"share_on_mastodon":{"url":"https:\/\/pubeurope.com\/@fr\/115810735396879346","error":""},"_links":{"self":[{"href":"https:\/\/www.europesays.com\/fr\/wp-json\/wp\/v2\/posts\/630740","targetHints":{"allow":["GET"]}}],"collection":[{"href":"https:\/\/www.europesays.com\/fr\/wp-json\/wp\/v2\/posts"}],"about":[{"href":"https:\/\/www.europesays.com\/fr\/wp-json\/wp\/v2\/types\/post"}],"author":[{"embeddable":true,"href":"https:\/\/www.europesays.com\/fr\/wp-json\/wp\/v2\/users\/2"}],"replies":[{"embeddable":true,"href":"https:\/\/www.europesays.com\/fr\/wp-json\/wp\/v2\/comments?post=630740"}],"version-history":[{"count":0,"href":"https:\/\/www.europesays.com\/fr\/wp-json\/wp\/v2\/posts\/630740\/revisions"}],"wp:featuredmedia":[{"embeddable":true,"href":"https:\/\/www.europesays.com\/fr\/wp-json\/wp\/v2\/media\/630741"}],"wp:attachment":[{"href":"https:\/\/www.europesays.com\/fr\/wp-json\/wp\/v2\/media?parent=630740"}],"wp:term":[{"taxonomy":"category","embeddable":true,"href":"https:\/\/www.europesays.com\/fr\/wp-json\/wp\/v2\/categories?post=630740"},{"taxonomy":"post_tag","embeddable":true,"href":"https:\/\/www.europesays.com\/fr\/wp-json\/wp\/v2\/tags?post=630740"}],"curies":[{"name":"wp","href":"https:\/\/api.w.org\/{rel}","templated":true}]}}