{"id":630746,"date":"2025-12-30T21:55:11","date_gmt":"2025-12-30T21:55:11","guid":{"rendered":"https:\/\/www.europesays.com\/fr\/630746\/"},"modified":"2025-12-30T21:55:11","modified_gmt":"2025-12-30T21:55:11","slug":"strasbourg-previsions-meteo-du-mardi-30-decembre-2025","status":"publish","type":"post","link":"https:\/\/www.europesays.com\/fr\/630746\/","title":{"rendered":"Strasbourg : pr\u00e9visions m\u00e9t\u00e9o du mardi 30 d\u00e9cembre 2025"},"content":{"rendered":"<p>\u00c0 Strasbourg, la journ\u00e9e du mardi 30 d\u00e9cembre 2025 d\u00e9marre sous un ciel tr\u00e8s nuageux avec des temp\u00e9ratures fra\u00eeches proches de z\u00e9ro. Les \u00e9claircies se font plus pr\u00e9sentes en apr\u00e8s-midi avant un soir d\u00e9gag\u00e9 et froid.<\/p>\n<p>    Alerte m\u00e9t\u00e9o en cours<\/p>\n<p>Le Bas-Rhin est plac\u00e9 aujourd\u2019hui en vigilance <b>Jaune neige-verglas<\/b>. Les services m\u00e9t\u00e9o signalent des chauss\u00e9es localement glissantes et la pr\u00e9sence de quelques plaques de givre, en particulier dans les zones rurales et sur les ponts, particuli\u00e8rement sensibles au refroidissement nocturne.<\/p>\n<p>Il est donc recommand\u00e9 de limiter les d\u00e9placements matinaux, d\u2019anticiper des temps de trajet plus longs, et de garder cha\u00eenes ou pneus hiver \u00e0 port\u00e9e de main dans le coffre. Pour suivre les consignes officielles et l\u2019\u00e9volution du niveau de vigilance, consultez notre <a href=\"https:\/\/www.meteocity.com\/france\/alertes\" target=\"_blank\" rel=\"noopener\">page d\u00e9di\u00e9e aux alertes m\u00e9t\u00e9orologiques<\/a>.<\/p>\n<p>Matin : grisaille persistante, lever du soleil \u00e0 08 h 21<\/p>\n<p>\u00c0 09 h, Strasbourg s\u2019\u00e9veille sous un ciel <b>tr\u00e8s nuageux<\/b>. Le thermom\u00e8tre affiche <b>-1 \u00b0C<\/b>, mais le vent de Nord-Nord-Est, discret \u00e0 3 km\/h, accentue la sensation de froid, avec un ressenti de <b>-4 \u00b0C<\/b>.<\/p>\n<p>L\u2019humidit\u00e9 atteint pr\u00e8s de 90 %. Aucune pr\u00e9cipitation n\u2019est pr\u00e9vue et la pression, \u00e9lev\u00e9e \u00e0 1 028 hPa, t\u00e9moigne d\u2019une masse d\u2019air stable. Le soleil franchit l\u2019horizon \u00e0 08 h 21, d\u00e9voilant de subtils contrastes gris argent\u00e9s sur les toits givr\u00e9s.<\/p>\n<p>Ce matin, il est conseill\u00e9 de superposer plusieurs couches de v\u00eatements, gants et bonnet de rigueur. Prudence sur les pistes cyclables, potentiellement glissantes. Bonne nouvelle pour les automobilistes : la probabilit\u00e9 de pr\u00e9cipitations reste nulle, limitant le risque de formation de verglas suppl\u00e9mentaire.<\/p>\n<p>Apr\u00e8s-midi : premi\u00e8res \u00e9claircies<\/p>\n<p>Vers 15 h, la n\u00e9bulosit\u00e9 diminue peu \u00e0 peu. Quelques \u00e9claircies apparaissent, offrant un ciel <b>l\u00e9g\u00e8rement nuageux<\/b>. La temp\u00e9rature atteint son maximum journalier \u00e0 <b>2 \u00b0C<\/b>, mais le vent de Nord-Est, soufflant \u00e0 11 km\/h, maintient un ressenti proche de <b>-2 \u00b0C<\/b>.<\/p>\n<p>L\u2019air s\u2019ass\u00e8che l\u00e9g\u00e8rement, l\u2019humidit\u00e9 tombant \u00e0 74 %. Toujours aucune pluie \u00e0 l\u2019horizon. Cette situation anticyclonique, typique de la fin d\u2019ann\u00e9e, garantit une bonne visibilit\u00e9 pour les artisans, les march\u00e9s de No\u00ebl ou les croisi\u00e8res sur l\u2019Ill.<\/p>\n<p>On peut profiter d\u2019une balade digestive, mais la vigilance reste de mise avec les enfants : les surfaces expos\u00e9es \u00e0 l\u2019ombre restent froides. Les UV demeurent faibles, mais une cr\u00e8me hydratante reste appr\u00e9ciable pour prot\u00e9ger la peau du froid sec persistant.<\/p>\n<p>Soir : ciel d\u00e9gag\u00e9, coucher du soleil \u00e0 16 h 42<\/p>\n<p>Apr\u00e8s 21 h, l\u2019atmosph\u00e8re devient limpide. Le ciel s\u2019\u00e9claircit totalement et la temp\u00e9rature redescend \u00e0 <b>-2 \u00b0C<\/b>. Sous la bise de Nord-Nord-Est soufflant \u00e0 8 km\/h, le ressenti descend jusqu\u2019\u00e0 <b>-6 \u00b0C<\/b>.<\/p>\n<p>Le soleil se couche d\u00e8s 16 h 42, annon\u00e7ant une longue soir\u00e9e hivernale. Le taux d\u2019humidit\u00e9, contenu \u00e0 78 %, facilite la dissipation des plafonds bas. La pression grimpe \u00e0 1 030 hPa, confirmant une stabilit\u00e9 persistante.<\/p>\n<p>Pour admirer les illuminations, privil\u00e9giez des chaussures isolantes \u00e0 semelles antid\u00e9rapantes. Les conducteurs peuvent retrouver un givre rapide sur les pare-brises avant minuit. La probabilit\u00e9 de pr\u00e9cipitation reste nulle ; le ciel est id\u00e9al pour observer quelques \u00e9toiles.<\/p>\n<p>Tendance pour demain 31 d\u00e9cembre<\/p>\n<p>Dans la nuit suivante, le vent bascule au Sud-Sud-Ouest. \u00c0 00 h, il fera <b>-4 \u00b0C<\/b> avec un ressenti de <b>-8 \u00b0C<\/b>, signe d\u2019un flux l\u00e9g\u00e8rement changeant. Quelques nuages \u00e9pars donneront un ciel variable, sans pr\u00e9cipitation.<\/p>\n<p>Selon la synth\u00e8se du 31 d\u00e9cembre, la temp\u00e9rature oscillera entre <b>-5 \u00b0C<\/b> au petit matin et 0 \u00b0C l\u2019apr\u00e8s-midi. L\u2019humidit\u00e9 atteindra 77 %, avec un vent faible \u00e0 7 km\/h : l\u2019ambiance restera froide mais globalement calme pour les pr\u00e9paratifs du r\u00e9veillon.<\/p>\n<p>Les mod\u00e8les n\u2019envisagent pas d\u2019averse significative pour le Nouvel An. On garde tout de m\u00eame gants et grattoir \u00e0 disposition. Pour organiser vos activit\u00e9s festives plus en d\u00e9tail, consultez <a href=\"https:\/\/www.meteocity.com\/france\/strasbourg-v2973783\/tourisme\" target=\"_blank\" rel=\"noopener\">notre page tourisme<\/a> d\u00e9di\u00e9e \u00e0 Strasbourg.<\/p>\n","protected":false},"excerpt":{"rendered":"\u00c0 Strasbourg, la journ\u00e9e du mardi 30 d\u00e9cembre 2025 d\u00e9marre sous un ciel tr\u00e8s nuageux avec des temp\u00e9ratures&hellip;\n","protected":false},"author":2,"featured_media":630747,"comment_status":"","ping_status":"","sticky":false,"template":"","format":"standard","meta":{"footnotes":""},"categories":[2820],"tags":[1111,11,1777,674,1011,27,775,12,25,640],"class_list":{"0":"post-630746","1":"post","2":"type-post","3":"status-publish","4":"format-standard","5":"has-post-thumbnail","7":"category-strasbourg","8":"tag-actu","9":"tag-actualites","10":"tag-eu","11":"tag-europe","12":"tag-fr","13":"tag-france","14":"tag-grand-est","15":"tag-news","16":"tag-republique-francaise","17":"tag-strasbourg"},"share_on_mastodon":{"url":"https:\/\/pubeurope.com\/@fr\/115810751256877698","error":""},"_links":{"self":[{"href":"https:\/\/www.europesays.com\/fr\/wp-json\/wp\/v2\/posts\/630746","targetHints":{"allow":["GET"]}}],"collection":[{"href":"https:\/\/www.europesays.com\/fr\/wp-json\/wp\/v2\/posts"}],"about":[{"href":"https:\/\/www.europesays.com\/fr\/wp-json\/wp\/v2\/types\/post"}],"author":[{"embeddable":true,"href":"https:\/\/www.europesays.com\/fr\/wp-json\/wp\/v2\/users\/2"}],"replies":[{"embeddable":true,"href":"https:\/\/www.europesays.com\/fr\/wp-json\/wp\/v2\/comments?post=630746"}],"version-history":[{"count":0,"href":"https:\/\/www.europesays.com\/fr\/wp-json\/wp\/v2\/posts\/630746\/revisions"}],"wp:featuredmedia":[{"embeddable":true,"href":"https:\/\/www.europesays.com\/fr\/wp-json\/wp\/v2\/media\/630747"}],"wp:attachment":[{"href":"https:\/\/www.europesays.com\/fr\/wp-json\/wp\/v2\/media?parent=630746"}],"wp:term":[{"taxonomy":"category","embeddable":true,"href":"https:\/\/www.europesays.com\/fr\/wp-json\/wp\/v2\/categories?post=630746"},{"taxonomy":"post_tag","embeddable":true,"href":"https:\/\/www.europesays.com\/fr\/wp-json\/wp\/v2\/tags?post=630746"}],"curies":[{"name":"wp","href":"https:\/\/api.w.org\/{rel}","templated":true}]}}