{"id":630748,"date":"2025-12-30T21:56:12","date_gmt":"2025-12-30T21:56:12","guid":{"rendered":"https:\/\/www.europesays.com\/fr\/630748\/"},"modified":"2025-12-30T21:56:12","modified_gmt":"2025-12-30T21:56:12","slug":"je-veux-quils-soient-condamnes","status":"publish","type":"post","link":"https:\/\/www.europesays.com\/fr\/630748\/","title":{"rendered":"Je veux qu\u2019ils soient condamn\u00e9s"},"content":{"rendered":"<p>                    Par<br \/>\n        <strong><br \/>\n            <a href=\"https:\/\/actu.fr\/auteur\/ugo-maillard\" title=\"Consulter tous les articles de Ugo Maillard\" target=\"_blank\" rel=\"noopener\">Ugo Maillard<\/a><br \/>\n                    <\/strong><\/p>\n<p>        Publi\u00e9 le<\/p>\n<p>            30 d\u00e9c. 2025 \u00e0 14h30        <\/p>\n<p>Un jeune homme d\u00e9sabus\u00e9. Dylan Bosredon, un jeune Ni\u00e7ois de 29\u00a0ans, est engag\u00e9 dans une tr\u00e8s longue bataille pour obtenir justice et r\u00e9paration. Rien ne pr\u00e9destinait ce gar\u00e7on qui a grandi \u00e0 Saint-Jean-Cap-Ferrat (<a href=\"https:\/\/actu.fr\/provence-alpes-cote-d-azur\/alpes-maritimes_06\" target=\"_blank\" rel=\"noopener\">Alpes-Maritimes<\/a>) \u00e0 devenir, malgr\u00e9 lui, un fin connaisseur du droit. Son destin a bascul\u00e9 en 2012. Il est 21h lorsque Dylan, alors \u00e2g\u00e9 de 16\u00a0ans, quitte le domicile familial \u00e0 v\u00e9lo pour rejoindre son groupe d\u2019amis. Alors qu\u2019il circule sur l\u2019avenue de la Lib\u00e9ration de la commune maralpine, il aper\u00e7oit \u00e0 une centaine de m\u00e8tres un camion de chantier.<\/p>\n<p>    <a href=\"https:\/\/www.google.com\/maps\/embed?pb=!1m18!1m12!1m3!1d5769.962415656567!2d7.328186670999758!3d43.69015407474691!2m3!1f0!2f0!3f0!3m2!1i1024!2i768!4f13.1!3m3!1m2!1s0x12cddb4026d1f0bb%3A0x39797b482f7834e0!2sAv.%20de%20la%20Lib%C3%A9ration%2C%2006230%20Saint-Jean-Cap-Ferrat!5e0!3m2!1sfr!2sfr!4v1767018804894!5m2!1sfr!2sfr\" title=\"Ouvrie le lien\" target=\"_blank\" rel=\"noopener\">Cliquez ici pour visualiser le contenu<\/a><\/p>\n<p class=\" wall-content\">Ne voyant pas de panneau indiquant des travaux en cours, il ne se m\u00e9fie pas et poursuit sa route. En d\u00e9passant le camion, il percute une pelleteuse en mouvement de plein fouet. \u00ab\u2009Ma t\u00eate a heurt\u00e9, au niveau de la tempe, le godet\u2009\u00bb, retrace Dylan \u00e0 <a href=\"https:\/\/actu.fr\/nice\/\" target=\"_blank\" rel=\"noopener\">actu Nice<\/a>. Le d\u00e9but d\u2019une longue bataille.<\/p>\n<p>Encore des s\u00e9quelles physiques<\/p>\n<p class=\" wall-content\">Pris en charge par les secours, Dylan Bosredon est transport\u00e9 vers le centre hospitalier le plus proche. Il restera plusieurs jours \u00e0 l\u2019h\u00f4pital et pr\u00e8s de <strong>huit mois alit\u00e9s<\/strong>, au domicile de sa maman.<\/p>\n<p class=\" wall-content\">Casquette viss\u00e9e sur la t\u00eate \u00ab\u2009pour cacher la cicatrice de cet accident\u2009\u00bb, Dylan ne peut oublier ce jour tant il le marque, 13\u00a0ans plus tard. \u00ab\u2009Hormis mon horrible balafre sur le cr\u00e2ne, j\u2019ai encore des s\u00e9quelles du choc. Aujourd\u2019hui, j\u2019ai toujours des pertes de m\u00e9moire, des maux de t\u00eate r\u00e9guliers et je ne dors que quelques heures par nuit\u2026 Mais je ne vais pas commencer \u00e0 prendre des somnif\u00e8res \u00e0 29\u00a0ans\u2009\u00bb, souffle le jeune ni\u00e7ois.<\/p>\n<p class=\" wall-content\">Alors lanc\u00e9 dans un BTS d\u2019horticulture, Dylan a \u00e9t\u00e9 contraint d\u2019arr\u00eater sa passion. Il confie, d\u00e9sormais \u00ab\u2009vivre de petits boulots\u2009\u00bb pour subvenir \u00e0 ses besoins.<\/p>\n<p>Aucune enqu\u00eate ouverte<\/p>\n<p class=\" wall-content\">Sorti des tumultes de l\u2019hospitalisation, le gar\u00e7on s\u2019enquiert de l\u2019avanc\u00e9e des investigations pour <strong>d\u00e9terminer les responsabilit\u00e9s dans son accident<\/strong>. \u00c0 sa plus grande surprise, il apprend que les forces de l\u2019ordre \u00ab\u2009ont refus\u00e9 la plainte de [sa] m\u00e8re\u2009\u00bb. Pas de plainte et donc, pas d\u2019enqu\u00eate.<\/p>\n<p>Votre r\u00e9gion, votre actu !<\/p>\n<p>Recevez chaque jour les infos qui comptent pour vous.<\/p>\n<p>\t<a href=\"https:\/\/actu.fr\/newsletter\" class=\"ac-btn ac-btn--corner ac-btn--medium ac-btn--blue800\" target=\"_blank\" rel=\"noopener\">S&rsquo;incrire<\/a><\/p>\n<p class=\" wall-content\">\u00ab\u2009Lorsque j\u2019ai eu 18\u00a0ans, soit deux apr\u00e8s l\u2019accident, j\u2019ai d\u00e9cid\u00e9 de reprendre l\u2019affaire en main pour obtenir justice, explique Dylan avant de retracer son long parcours judiciaire\u2009: J\u2019ai trouv\u00e9 un avocat, je lui ai fourni tout le dossier, avec notamment les attestations de deux t\u00e9moins oculaires. Il a accept\u00e9 de m\u2019aider, mais rien n\u2019a avanc\u00e9. Tout est au point mort depuis des ann\u00e9es. J\u2019ai adress\u00e9 des courriers au b\u00e2tonnier, au procureur, rien.\u2009\u00bb<\/p>\n<p class=\" wall-content\">Le d\u00e9lai de prescription des dommages corporels des enfants \u00e9tant fix\u00e9 \u00e0 10\u00a0ans, Dylan Bosredon craint que la course contre la montre qu\u2019il a engag\u00e9e soit vaine.<\/p>\n<p class=\" wall-content\">Sollicit\u00e9 par la r\u00e9daction d\u2019actu Nice, le parquet de Nice confirme qu\u2019aucune enqu\u00eate n\u2019est ouverte. Son avocat, n\u2019a lui, pas r\u00e9pondu \u00e0 nos demandes d\u2019interview.<\/p>\n<p>\u00ab\u2009Je veux qu\u2019ils soient condamn\u00e9s au p\u00e9nal\u2009\u00bb<\/p>\n<p class=\" wall-content\">\u00ab\u2009Je veux la reconnaissance de mon accident et si l\u2019enqu\u00eate le permet, d\u2019avoir des gens condamn\u00e9s pour cet accident\u2009\u00bb, l\u00e2che Dylan en guise de cri du c\u0153ur, visant notamment l\u2019entreprise de BTP pr\u00e9sente ce jour-l\u00e0.<\/p>\n<blockquote class=\"ac-article-quote wall-content\">\n<p>J\u2019ai failli perdre la vie. Je pourrais \u00eatre un l\u00e9gume mais, heureusement, j\u2019ai juste une \u00e9norme cicatrice.<\/p>\n<p>    <strong>Dylan Bosredon<\/strong>\n            <\/p><\/blockquote>\n<p class=\" wall-content\">Pour le jeune homme de 29\u00a0ans, qui glisse ne plus jamais \u00eatre remont\u00e9 sur un v\u00e9lo, la reconnaissance, la condamnation et les indemnisations qui en d\u00e9couleraient sont capitales. \u00ab\u2009Je veux qu\u2019ils soient condamn\u00e9s au p\u00e9nal\u2009\u00bb, conclut le jeune homme.<\/p>\n<p class=\" wall-content\">Personnalisez votre actualit\u00e9 en ajoutant vos villes et m\u00e9dias en favori avec <a href=\"https:\/\/moncompte.actu.fr\" title=\"D\u00e9couvez Mon Actu\" rel=\"nofollow noopener\" data-trk=\"{&quot;cta&quot;:{&quot;action&quot;:&quot;https:\\\/\\\/moncompte.actu.fr&quot;,&quot;category&quot;:&quot;mon compte&quot;,&quot;from&quot;:&quot;article footer&quot;,&quot;name&quot;:&quot;Mon actu&quot;,&quot;type&quot;:&quot;cta&quot;}}\" target=\"_blank\">Mon Actu<\/a>.<\/p>\n","protected":false},"excerpt":{"rendered":"Par Ugo Maillard Publi\u00e9 le 30 d\u00e9c. 2025 \u00e0 14h30 Un jeune homme d\u00e9sabus\u00e9. Dylan Bosredon, un jeune&hellip;\n","protected":false},"author":2,"featured_media":630749,"comment_status":"","ping_status":"","sticky":false,"template":"","format":"standard","meta":{"footnotes":""},"categories":[2819],"tags":[119,1111,11,1777,674,118,1011,27,303,12,2401,882,25,240],"class_list":{"0":"post-630748","1":"post","2":"type-post","3":"status-publish","4":"format-standard","5":"has-post-thumbnail","7":"category-nice","8":"tag-accident","9":"tag-actu","10":"tag-actualites","11":"tag-eu","12":"tag-europe","13":"tag-faits-divers","14":"tag-fr","15":"tag-france","16":"tag-justice","17":"tag-news","18":"tag-nice","19":"tag-provence-alpes-cote-dazur","20":"tag-republique-francaise","21":"tag-temoignage"},"share_on_mastodon":{"url":"https:\/\/pubeurope.com\/@fr\/115810755191052315","error":""},"_links":{"self":[{"href":"https:\/\/www.europesays.com\/fr\/wp-json\/wp\/v2\/posts\/630748","targetHints":{"allow":["GET"]}}],"collection":[{"href":"https:\/\/www.europesays.com\/fr\/wp-json\/wp\/v2\/posts"}],"about":[{"href":"https:\/\/www.europesays.com\/fr\/wp-json\/wp\/v2\/types\/post"}],"author":[{"embeddable":true,"href":"https:\/\/www.europesays.com\/fr\/wp-json\/wp\/v2\/users\/2"}],"replies":[{"embeddable":true,"href":"https:\/\/www.europesays.com\/fr\/wp-json\/wp\/v2\/comments?post=630748"}],"version-history":[{"count":0,"href":"https:\/\/www.europesays.com\/fr\/wp-json\/wp\/v2\/posts\/630748\/revisions"}],"wp:featuredmedia":[{"embeddable":true,"href":"https:\/\/www.europesays.com\/fr\/wp-json\/wp\/v2\/media\/630749"}],"wp:attachment":[{"href":"https:\/\/www.europesays.com\/fr\/wp-json\/wp\/v2\/media?parent=630748"}],"wp:term":[{"taxonomy":"category","embeddable":true,"href":"https:\/\/www.europesays.com\/fr\/wp-json\/wp\/v2\/categories?post=630748"},{"taxonomy":"post_tag","embeddable":true,"href":"https:\/\/www.europesays.com\/fr\/wp-json\/wp\/v2\/tags?post=630748"}],"curies":[{"name":"wp","href":"https:\/\/api.w.org\/{rel}","templated":true}]}}