{"id":630750,"date":"2025-12-30T21:57:14","date_gmt":"2025-12-30T21:57:14","guid":{"rendered":"https:\/\/www.europesays.com\/fr\/630750\/"},"modified":"2025-12-30T21:57:14","modified_gmt":"2025-12-30T21:57:14","slug":"nice-et-strasbourg-visent-des-joueurs-de-premiere-league","status":"publish","type":"post","link":"https:\/\/www.europesays.com\/fr\/630750\/","title":{"rendered":"Nice et Strasbourg visent des joueurs de Premi\u00e8re League"},"content":{"rendered":"<p data-start=\"100\" data-end=\"568\">Qui dit 1er janvier dit certes nouvelle ann\u00e9e, mais aussi mercato hivernal. Et les clubs de Ligue 1 l\u2019ont bien compris, notamment Nice, qui cherche \u00e0 relancer une \u00e9quipe en crise. Alors que le secteur d\u00e9fensif ni\u00e7ois est diminu\u00e9 (Dante, Youssouf Ndayishimiye, Mohamed Abdelmonem et Mo\u00efse Bombito sont tous out), les Aiglons se seraient pench\u00e9s ces derni\u00e8res semaines sur la piste menant au joueur de Tottenham Ben Davies (32 ans), selon les informations de L\u2019\u00c9quipe. Mais la venue du capitaine de la s\u00e9lection galloise (100 s\u00e9lections, 3 buts), \u00e0 qui il ne reste que six mois de contrat et qui ne rentre pas vraiment dans les plans de Thomas Frank, l\u2019entra\u00eeneur des Spurs, est loin d\u2019\u00eatre \u00e9vidente. Car le joueur, arriv\u00e9 \u00e0 Londres en 2014, dispose d\u2019un salaire confortable en Angleterre. Et qu\u2019il souhaiterait un contrat longue dur\u00e9e, deux \u00e9l\u00e9ments pas forc\u00e9ment au go\u00fbt du Gym.<\/p>\n<p><strong data-start=\"1008\" data-end=\"1052\">Strasbourg piste un grand espoir anglais<\/strong><\/p>\n<p data-start=\"1008\" data-end=\"1722\">Selon la BBC, Strasbourg aimerait faire un gros coup cet hiver. Le Racing s\u2019int\u00e9resse \u00e0 James McAtee, sous contrat avec Nottingham Forest (actuel 17e de Premier League) jusqu\u2019en 2030. Lui qui sort d\u2019une bonne saison \u00e0 Manchester City (37 matches toutes comp\u00e9titions confondues), le capitaine de l\u2019Angleterre championne d\u2019Europe Espoirs, avait \u00e9t\u00e9 achet\u00e9 25 M\u20ac par Forest. Mais le joueur de 23 ans n\u2019a pas confirm\u00e9 (une seule titularisation en championnat). C\u2019est pour cette raison que les Alsaciens se sont pench\u00e9s sur un pr\u00eat cet hiver. Les deux clubs entretiennent une bonne relation, notamment depuis le transfert de l\u2019ailier Dilane Bakwa (35 M\u20ac), l\u2019\u00e9t\u00e9 dernier.<\/p>\n","protected":false},"excerpt":{"rendered":"Qui dit 1er janvier dit certes nouvelle ann\u00e9e, mais aussi mercato hivernal. Et les clubs de Ligue 1&hellip;\n","protected":false},"author":2,"featured_media":630751,"comment_status":"","ping_status":"","sticky":false,"template":"","format":"standard","meta":{"footnotes":""},"categories":[2819],"tags":[1111,11,1777,674,1011,27,64961,12,2401,882,25],"class_list":{"0":"post-630750","1":"post","2":"type-post","3":"status-publish","4":"format-standard","5":"has-post-thumbnail","7":"category-nice","8":"tag-actu","9":"tag-actualites","10":"tag-eu","11":"tag-europe","12":"tag-fr","13":"tag-france","14":"tag-ligue-1-actus","15":"tag-news","16":"tag-nice","17":"tag-provence-alpes-cote-dazur","18":"tag-republique-francaise"},"share_on_mastodon":{"url":"https:\/\/pubeurope.com\/@fr\/115810758984035313","error":""},"_links":{"self":[{"href":"https:\/\/www.europesays.com\/fr\/wp-json\/wp\/v2\/posts\/630750","targetHints":{"allow":["GET"]}}],"collection":[{"href":"https:\/\/www.europesays.com\/fr\/wp-json\/wp\/v2\/posts"}],"about":[{"href":"https:\/\/www.europesays.com\/fr\/wp-json\/wp\/v2\/types\/post"}],"author":[{"embeddable":true,"href":"https:\/\/www.europesays.com\/fr\/wp-json\/wp\/v2\/users\/2"}],"replies":[{"embeddable":true,"href":"https:\/\/www.europesays.com\/fr\/wp-json\/wp\/v2\/comments?post=630750"}],"version-history":[{"count":0,"href":"https:\/\/www.europesays.com\/fr\/wp-json\/wp\/v2\/posts\/630750\/revisions"}],"wp:featuredmedia":[{"embeddable":true,"href":"https:\/\/www.europesays.com\/fr\/wp-json\/wp\/v2\/media\/630751"}],"wp:attachment":[{"href":"https:\/\/www.europesays.com\/fr\/wp-json\/wp\/v2\/media?parent=630750"}],"wp:term":[{"taxonomy":"category","embeddable":true,"href":"https:\/\/www.europesays.com\/fr\/wp-json\/wp\/v2\/categories?post=630750"},{"taxonomy":"post_tag","embeddable":true,"href":"https:\/\/www.europesays.com\/fr\/wp-json\/wp\/v2\/tags?post=630750"}],"curies":[{"name":"wp","href":"https:\/\/api.w.org\/{rel}","templated":true}]}}