{"id":630752,"date":"2025-12-30T21:59:38","date_gmt":"2025-12-30T21:59:38","guid":{"rendered":"https:\/\/www.europesays.com\/fr\/630752\/"},"modified":"2025-12-30T21:59:38","modified_gmt":"2025-12-30T21:59:38","slug":"nantes-deux-renforts-arrivent-pour-eviter-la-chute-sports","status":"publish","type":"post","link":"https:\/\/www.europesays.com\/fr\/630752\/","title":{"rendered":"Nantes : Deux renforts arrivent pour \u00e9viter la chute : Sports"},"content":{"rendered":"<p class=\"date\">\n                                                            Juba Touabi, Media365, publi\u00e9 le mardi 30 d\u00e9cembre 2025 \u00e0 15h53\n                                                    <\/p>\n<p>\u00c0 l&rsquo;approche de l&rsquo;ouverture du march\u00e9 des transferts hivernal, le FC Nantes multiplie les initiatives pour enrayer une spirale n\u00e9gative et s&rsquo;extirper de la zone de rel\u00e9gation.<\/p>\n<p>Le club lig\u00e9rien s&rsquo;active en coulisses pour renforcer un effectif fragilis\u00e9. Deux renforts sont en passe d&rsquo;\u00eatre boucl\u00e9s : Ibrahima Sissoko et Zakaria Aboukhlal devraient prochainement poser leurs valises \u00e0 la Joneli\u00e8re. Avec un classement pr\u00e9occupant et une dynamique inqui\u00e9tante, le FC Nantes aborde ce recrutement hivernal avec l&rsquo;urgence d&rsquo;une mission maintien. Apr\u00e8s les arriv\u00e9es d\u00e9j\u00e0 enregistr\u00e9es de Deiver Machado (ex-Lens) et R\u00e9my Cabella (pr\u00eat\u00e9 par l&rsquo;Olympiakos), la direction nantaise entend continuer \u00e0 renforcer l&rsquo;effectif sans attendre.<\/p>\n<p>Aboukhlal, pari sur un rebond<\/p>\n<p>Le milieu de terrain malien Ibrahima Sissoko est sur le point de s&rsquo;engager avec les Canaris \u00e0 en croire les informations du quotidien sportif l&rsquo;Equipe. Un accord avoisinant les deux millions d&rsquo;euros aurait \u00e9t\u00e9 trouv\u00e9 avec le club allemand de Bochum, pensionnaire de deuxi\u00e8me division allemande. L&rsquo;ancien Strasbourgeois, actuellement engag\u00e9 en Coupe d&rsquo;Afrique des Nations, conna\u00eet bien les exigences de la Ligue 1. Son profil robuste et exp\u00e9riment\u00e9 vient combler un vide dans l&rsquo;entrejeu nantais. Pour le club, le joueur de 28 ans repr\u00e9sente une pi\u00e8ce ma\u00eetresse dans la strat\u00e9gie de redressement mise en \u0153uvre cet hiver.<\/p>\n<p>Autre visage attendu en Loire-Atlantique : celui de Zakaria Aboukhlal. L&rsquo;ailier marocain, r\u00e9v\u00e9l\u00e9 \u00e0 Toulouse, s&rsquo;appr\u00eate \u00e0 rejoindre Nantes sous forme de pr\u00eat avec option d&rsquo;achat en provenance du Torino. Peu utilis\u00e9 en Serie A, l&rsquo;international de 25 ans esp\u00e8re relancer sa saison dans un championnat qu&rsquo;il conna\u00eet mieux. Sa capacit\u00e9 \u00e0 dynamiter les d\u00e9fenses pourrait apporter une bouff\u00e9e d&rsquo;oxyg\u00e8ne \u00e0 un secteur en panne d&rsquo;inspiration depuis le d\u00e9but de l&rsquo;exercice.<\/p>\n","protected":false},"excerpt":{"rendered":"Juba Touabi, Media365, publi\u00e9 le mardi 30 d\u00e9cembre 2025 \u00e0 15h53 \u00c0 l&rsquo;approche de l&rsquo;ouverture du march\u00e9 des&hellip;\n","protected":false},"author":2,"featured_media":630753,"comment_status":"","ping_status":"","sticky":false,"template":"","format":"standard","meta":{"footnotes":""},"categories":[2818],"tags":[1111,11,1777,674,1011,27,766,12,2636,25],"class_list":{"0":"post-630752","1":"post","2":"type-post","3":"status-publish","4":"format-standard","5":"has-post-thumbnail","7":"category-nantes","8":"tag-actu","9":"tag-actualites","10":"tag-eu","11":"tag-europe","12":"tag-fr","13":"tag-france","14":"tag-nantes","15":"tag-news","16":"tag-pays-de-la-loire","17":"tag-republique-francaise"},"share_on_mastodon":{"url":"https:\/\/pubeurope.com\/@fr\/115810766942701349","error":""},"_links":{"self":[{"href":"https:\/\/www.europesays.com\/fr\/wp-json\/wp\/v2\/posts\/630752","targetHints":{"allow":["GET"]}}],"collection":[{"href":"https:\/\/www.europesays.com\/fr\/wp-json\/wp\/v2\/posts"}],"about":[{"href":"https:\/\/www.europesays.com\/fr\/wp-json\/wp\/v2\/types\/post"}],"author":[{"embeddable":true,"href":"https:\/\/www.europesays.com\/fr\/wp-json\/wp\/v2\/users\/2"}],"replies":[{"embeddable":true,"href":"https:\/\/www.europesays.com\/fr\/wp-json\/wp\/v2\/comments?post=630752"}],"version-history":[{"count":0,"href":"https:\/\/www.europesays.com\/fr\/wp-json\/wp\/v2\/posts\/630752\/revisions"}],"wp:featuredmedia":[{"embeddable":true,"href":"https:\/\/www.europesays.com\/fr\/wp-json\/wp\/v2\/media\/630753"}],"wp:attachment":[{"href":"https:\/\/www.europesays.com\/fr\/wp-json\/wp\/v2\/media?parent=630752"}],"wp:term":[{"taxonomy":"category","embeddable":true,"href":"https:\/\/www.europesays.com\/fr\/wp-json\/wp\/v2\/categories?post=630752"},{"taxonomy":"post_tag","embeddable":true,"href":"https:\/\/www.europesays.com\/fr\/wp-json\/wp\/v2\/tags?post=630752"}],"curies":[{"name":"wp","href":"https:\/\/api.w.org\/{rel}","templated":true}]}}