{"id":630754,"date":"2025-12-30T22:00:14","date_gmt":"2025-12-30T22:00:14","guid":{"rendered":"https:\/\/www.europesays.com\/fr\/630754\/"},"modified":"2025-12-30T22:00:14","modified_gmt":"2025-12-30T22:00:14","slug":"quelle-est-cette-nouvelle-boite-de-nuit-chic-qui-sinstalle-rue-sainte-catherine-pour-le-nouvel-an","status":"publish","type":"post","link":"https:\/\/www.europesays.com\/fr\/630754\/","title":{"rendered":"quelle est cette nouvelle bo\u00eete de nuit \u00ab\u00a0chic\u00a0\u00bb qui s\u2019installe rue Sainte-Catherine pour le Nouvel An\u00a0?"},"content":{"rendered":"<p>Depuis la reprise des lieux, les travaux s\u2019encha\u00eenent pour transformer l\u2019espace&#8230;<\/p>\n<p>Depuis la reprise des lieux, les travaux s\u2019encha\u00eenent pour transformer l\u2019espace de 174\u00a0m\u00e8tres\u00a0carr\u00e9s en un club \u00e0 l\u2019esth\u00e9tique affirm\u00e9e\u00a0: noir et or, pierres remplac\u00e9es, grands miroirs install\u00e9s sur toute la longueur pour accentuer l\u2019impression de grandeur. Le club, qui pourra accueillir entre 450 et 500\u00a0personnes, ouvre ce mercredi 31\u00a0d\u00e9cembre.<\/p>\n<p>Inspir\u00e9 des nuits parisiennes<\/p>\n<p>\u00ab\u00a0\u00c7a fait des semaines que je suis stress\u00e9\u00a0\u00bb, confie l\u2019un des associ\u00e9s, qui a souhait\u00e9 rester anonyme. Il pr\u00e9cise que, dans le monde de la nuit, il n\u2019est pas d\u2019usage de d\u00e9voiler son identit\u00e9. La devanture a \u00e9t\u00e9 pos\u00e9e mardi soir, \u00e0 la veille de l\u2019ouverture, pour un lancement \u00ab\u00a0pile dans les temps\u00a0\u00bb.<\/p>\n<p>L\u2019ambiance musicale se veut g\u00e9n\u00e9raliste, entre shatta, afro et sons commerciaux. \u00ab\u00a0C\u2019est une bo\u00eete de nuit de prestige, pas une \u2018\u2018chicha\u2019\u2019\u00a0\u00bb, insistent les g\u00e9rants. La direction artistique a \u00e9t\u00e9 confi\u00e9e \u00e0 Jamel, 23\u00a0ans, surnomm\u00e9 \u00ab\u00a0le Mage\u00a0\u00bb, qui dit avoir senti \u00ab\u00a0une vraie demande, notamment de la part d\u2019influenceurs, pour une bo\u00eete plus chic \u00e0 Bordeaux\u00a0\u00bb, inspir\u00e9e d\u2019\u00e9tablissements parisiens comme le Boum Boum ou l\u2019Arc Paris.<\/p>\n<blockquote><p>\u00ab\u00a0L\u2019objectif, ce n\u2019est pas que \u00e7a dure sur une courte p\u00e9riode, mais au moins sur les dix prochaines ann\u00e9es\u00a0\u00bb<\/p><\/blockquote>\n<p>Au Millenium Club, la s\u00e9lection \u00e0 l\u2019entr\u00e9e est clairement annonc\u00e9e. Trois crit\u00e8res seront scrut\u00e9s par la s\u00e9curit\u00e9\u00a0: la tenue vestimentaire, le comportement et la majorit\u00e9. \u00ab\u00a0Baskets sales, \u00e7a ne rentre pas\u00a0\u00bb, illustre l\u2019associ\u00e9. Jeans soign\u00e9s ou beaux pantalons sont attendus, talons privil\u00e9gi\u00e9s pour les femmes, et pas de tee-shirts ou pulls avec des marques apparentes.<\/p>\n<p>Le rappeur Naza<\/p>\n<p>Les agents de s\u00e9curit\u00e9, tous en costume, disposent de dix \u00e0 vingt ans d\u2019exp\u00e9rience. Vingt-six cam\u00e9ras ont \u00e9t\u00e9 install\u00e9es \u00e0 l\u2019int\u00e9rieur de l\u2019\u00e9tablissement. Certains agents auront \u00e9galement pour mission de raccompagner les clients, notamment les femmes, vers un taxi, un tram ou un bus \u00e0 la sortie, une mesure pr\u00e9sent\u00e9e comme essentielle.<\/p>\n<p>Pour <a href=\"https:\/\/www.sudouest.fr\/economie\/transports\/reveillon-du-31-decembre-des-trams-toute-la-nuit-mais-une-circulation-adaptee-dans-la-metropole-bordelaise-27240158.php\" target=\"_blank\" rel=\"noopener\">la soir\u00e9e du Nouvel An<\/a>, le club ouvrira de\u00a022\u00a0heures \u00e0\u00a06\u00a0heures du matin, gr\u00e2ce \u00e0 une d\u00e9rogation que les associ\u00e9s esp\u00e8rent obtenir durablement. L\u2019entr\u00e9e sera gratuite pour les femmes avant 23\u00a0heures et \u00e0\u00a015\u00a0euros pour les hommes. Apr\u00e8s minuit, les tarifs passeront \u00e0\u00a016\u00a0euros en pr\u00e9vente et 20\u00a0euros sur place.<\/p>\n","protected":false},"excerpt":{"rendered":"Depuis la reprise des lieux, les travaux s\u2019encha\u00eenent pour transformer l\u2019espace&#8230; Depuis la reprise des lieux, les travaux&hellip;\n","protected":false},"author":2,"featured_media":630755,"comment_status":"","ping_status":"","sticky":false,"template":"","format":"standard","meta":{"footnotes":""},"categories":[2817],"tags":[1111,11,1997,1777,674,1011,27,12,2219,25],"class_list":{"0":"post-630754","1":"post","2":"type-post","3":"status-publish","4":"format-standard","5":"has-post-thumbnail","7":"category-bordeaux","8":"tag-actu","9":"tag-actualites","10":"tag-bordeaux","11":"tag-eu","12":"tag-europe","13":"tag-fr","14":"tag-france","15":"tag-news","16":"tag-nouvelle-aquitaine","17":"tag-republique-francaise"},"share_on_mastodon":{"url":"https:\/\/pubeurope.com\/@fr\/115810770845780540","error":""},"_links":{"self":[{"href":"https:\/\/www.europesays.com\/fr\/wp-json\/wp\/v2\/posts\/630754","targetHints":{"allow":["GET"]}}],"collection":[{"href":"https:\/\/www.europesays.com\/fr\/wp-json\/wp\/v2\/posts"}],"about":[{"href":"https:\/\/www.europesays.com\/fr\/wp-json\/wp\/v2\/types\/post"}],"author":[{"embeddable":true,"href":"https:\/\/www.europesays.com\/fr\/wp-json\/wp\/v2\/users\/2"}],"replies":[{"embeddable":true,"href":"https:\/\/www.europesays.com\/fr\/wp-json\/wp\/v2\/comments?post=630754"}],"version-history":[{"count":0,"href":"https:\/\/www.europesays.com\/fr\/wp-json\/wp\/v2\/posts\/630754\/revisions"}],"wp:featuredmedia":[{"embeddable":true,"href":"https:\/\/www.europesays.com\/fr\/wp-json\/wp\/v2\/media\/630755"}],"wp:attachment":[{"href":"https:\/\/www.europesays.com\/fr\/wp-json\/wp\/v2\/media?parent=630754"}],"wp:term":[{"taxonomy":"category","embeddable":true,"href":"https:\/\/www.europesays.com\/fr\/wp-json\/wp\/v2\/categories?post=630754"},{"taxonomy":"post_tag","embeddable":true,"href":"https:\/\/www.europesays.com\/fr\/wp-json\/wp\/v2\/tags?post=630754"}],"curies":[{"name":"wp","href":"https:\/\/api.w.org\/{rel}","templated":true}]}}