{"id":630758,"date":"2025-12-30T22:02:14","date_gmt":"2025-12-30T22:02:14","guid":{"rendered":"https:\/\/www.europesays.com\/fr\/630758\/"},"modified":"2025-12-30T22:02:14","modified_gmt":"2025-12-30T22:02:14","slug":"la-qualite-de-lair-est-mauvaise-a-toulouse-et-le-restera-jusqua-la-fin-de-lannee","status":"publish","type":"post","link":"https:\/\/www.europesays.com\/fr\/630758\/","title":{"rendered":"la qualit\u00e9 de l&rsquo;air est mauvaise \u00e0 Toulouse et le restera jusqu&rsquo;\u00e0 la fin de l&rsquo;ann\u00e9e"},"content":{"rendered":"<p>                    Par<br \/>\n        <strong><br \/>\n            <a href=\"https:\/\/actu.fr\/auteur\/guillaume-laurens\" title=\"Consulter tous les articles de Guillaume Laurens\" target=\"_blank\" rel=\"noopener\">Guillaume Laurens<\/a><br \/>\n                    <\/strong><\/p>\n<p>        Publi\u00e9 le<\/p>\n<p>            30 d\u00e9c. 2025 \u00e0 12h31        <\/p>\n<p>Les publics fragiles, les plus sensibles \u00e0 la <strong>pollution<\/strong>, l\u2019ont \u00e0 nouveau senti passer\u2009: la <strong>qualit\u00e9 de l\u2019air<\/strong> est encore de <strong>pi\u00e8tre qualit\u00e9<\/strong>, ce mardi 30\u00a0d\u00e9cembre 2025, dans l\u2019agglom\u00e9ration de <a href=\"https:\/\/actu.fr\/toulouse\/\" target=\"_blank\" rel=\"noopener\"><strong>Toulouse<\/strong><\/a>.<\/p>\n<p>Une qualit\u00e9 de l\u2019air mauvaise depuis lundi \u00e0 Toulouse<\/p>\n<p class=\" wall-content\">La qualit\u00e9 de l\u2019air est en effet qualifi\u00e9e de<strong> \u00ab\u2009mauvaise\u2009\u00bb<\/strong> ce mardi en Haute-Garonne par Atmo Occitanie. Pr\u00e9cis\u00e9ment, l\u2019Observatoire agr\u00e9\u00e9 pour la surveillance de la qualit\u00e9 de l\u2019air dans la r\u00e9gion donne une <strong>note de 4<\/strong> sur un maximum de 6. C\u2019est le seul des 13 d\u00e9partements du territoire dans ce cas.<\/p>\n<blockquote class=\"ac-article-quote wall-content\">\n<p>Mardi, l&rsquo;indice de la qualit\u00e9 de l&rsquo;air devrait \u00eatre mauvais sur le d\u00e9partement de la Haute-Garonne en raison des concentrations de particules fines. <\/p>\n<p>    <strong>Atmo Occitanie<\/strong>\n            <\/p><\/blockquote>\n<p class=\" wall-content\">Ce m\u00eame indice \u00ab\u2009sera moyen \u00e0 d\u00e9grad\u00e9 sur le reste de la r\u00e9gion [avec des indices de 2 \u00e0 3, NDLR] en raison des concentrations en ozone et en particules\u2009\u00bb, pr\u00e9cise Atmo Occitanie.<\/p>\n<p>Activit\u00e9s, sorties\u2026 Quelles sont les recommandations face \u00e0 la pollution ?<\/p>\n<p>En Haute-Garonne, o\u00f9 l&rsquo;indice de la qualit\u00e9 de l\u2019air est mauvais ce mardi, Atmo Occitanie appelle \u00e0 \u00ab\u00a0r\u00e9duire les activit\u00e9s intenses \u00e0 l\u2019ext\u00e9rieur si vous ressentez des sympt\u00f4mes\u00a0\u00bb de type mal aux yeux, toux ou maux de gorge. Pour les loisirs ou balades, \u00ab\u00a0vous pouvez y aller mais \u00e9vitez les zones \u00e0 fort trafic routier\u00a0\u00bb, pr\u00e9conise l&rsquo;observatoire, qui invite les \u00ab\u00a0personnes sensibles\u00a0\u00bb \u00e0 se m\u00e9nager.<\/p>\n<p>Vid\u00e9os : en ce moment sur ActuTrois jours d\u2019affil\u00e9e de pollution\u2009?<\/p>\n<p class=\" wall-content\">En Haute-Garonne, les relev\u00e9s d\u2019Atmo Occitanie font en r\u00e9alit\u00e9 \u00e9tat d\u2019une mauvaise qualit\u00e9 de l\u2019air <strong>depuis lundi 29\u00a0d\u00e9cembre<\/strong> \u2013 ce qui n\u2019\u00e9tait pas pr\u00e9vu -, et sans doute jusqu\u2019\u00e0 la toute fin de l\u2019ann\u00e9e 2025, puisque l\u2019observatoire pr\u00e9voit toujours un indice \u00ab\u2009mauvais\u2009\u00bb ce<strong> mercredi 31\u00a0d\u00e9cembre.<\/strong><\/p>\n<p>Votre r\u00e9gion, votre actu !<\/p>\n<p>Recevez chaque jour les infos qui comptent pour vous.<\/p>\n<p>\t<a href=\"https:\/\/actu.fr\/newsletter\" class=\"ac-btn ac-btn--corner ac-btn--medium ac-btn--blue800\" target=\"_blank\" rel=\"noopener\">S&rsquo;incrire<\/a><br \/>\nMercredi, 25e et dernier jour de pollution de l\u2019ann\u00e9e\u2009?<\/p>\n<p class=\" wall-content\">Si les relev\u00e9s sont conformes aux pr\u00e9visions, et que la Haute-Garonne reste class\u00e9e en qualit\u00e9 de l\u2019air mauvaise ce mercredi, ce sera ce 31\u00a0d\u00e9cembre le 4e jour de pollution du mois dans le d\u00e9partement, apr\u00e8s <a href=\"https:\/\/actu.fr\/occitanie\/toulouse_31555\/sable-du-sahara-episode-de-pollution-en-cours-a-toulouse-la-qualite-de-l-air-est-mauvaise-en-haute-garonne_63583584.html\" target=\"_blank\" rel=\"noopener\">celui du mardi\u00a016<\/a>. Et le<strong> 25e jour de pollution<\/strong>\u00a0sur toute l\u2019ann\u00e9e 2025.<\/p>\n<p class=\" wall-content\">Personnalisez votre actualit\u00e9 en ajoutant vos villes et m\u00e9dias en favori avec <a href=\"https:\/\/moncompte.actu.fr\" title=\"D\u00e9couvez Mon Actu\" rel=\"nofollow noopener\" data-trk=\"{&quot;cta&quot;:{&quot;action&quot;:&quot;https:\\\/\\\/moncompte.actu.fr&quot;,&quot;category&quot;:&quot;mon compte&quot;,&quot;from&quot;:&quot;article footer&quot;,&quot;name&quot;:&quot;Mon actu&quot;,&quot;type&quot;:&quot;cta&quot;}}\" target=\"_blank\">Mon Actu<\/a>.<\/p>\n","protected":false},"excerpt":{"rendered":"Par Guillaume Laurens Publi\u00e9 le 30 d\u00e9c. 2025 \u00e0 12h31 Les publics fragiles, les plus sensibles \u00e0 la&hellip;\n","protected":false},"author":2,"featured_media":630759,"comment_status":"","ping_status":"","sticky":false,"template":"","format":"standard","meta":{"footnotes":""},"categories":[2816],"tags":[1111,11,1777,674,1011,27,12,2680,1800,25,104,2312],"class_list":{"0":"post-630758","1":"post","2":"type-post","3":"status-publish","4":"format-standard","5":"has-post-thumbnail","7":"category-toulouse","8":"tag-actu","9":"tag-actualites","10":"tag-eu","11":"tag-europe","12":"tag-fr","13":"tag-france","14":"tag-news","15":"tag-occitanie","16":"tag-pollution","17":"tag-republique-francaise","18":"tag-societe","19":"tag-toulouse"},"share_on_mastodon":{"url":"https:\/\/pubeurope.com\/@fr\/115810778726934606","error":""},"_links":{"self":[{"href":"https:\/\/www.europesays.com\/fr\/wp-json\/wp\/v2\/posts\/630758","targetHints":{"allow":["GET"]}}],"collection":[{"href":"https:\/\/www.europesays.com\/fr\/wp-json\/wp\/v2\/posts"}],"about":[{"href":"https:\/\/www.europesays.com\/fr\/wp-json\/wp\/v2\/types\/post"}],"author":[{"embeddable":true,"href":"https:\/\/www.europesays.com\/fr\/wp-json\/wp\/v2\/users\/2"}],"replies":[{"embeddable":true,"href":"https:\/\/www.europesays.com\/fr\/wp-json\/wp\/v2\/comments?post=630758"}],"version-history":[{"count":0,"href":"https:\/\/www.europesays.com\/fr\/wp-json\/wp\/v2\/posts\/630758\/revisions"}],"wp:featuredmedia":[{"embeddable":true,"href":"https:\/\/www.europesays.com\/fr\/wp-json\/wp\/v2\/media\/630759"}],"wp:attachment":[{"href":"https:\/\/www.europesays.com\/fr\/wp-json\/wp\/v2\/media?parent=630758"}],"wp:term":[{"taxonomy":"category","embeddable":true,"href":"https:\/\/www.europesays.com\/fr\/wp-json\/wp\/v2\/categories?post=630758"},{"taxonomy":"post_tag","embeddable":true,"href":"https:\/\/www.europesays.com\/fr\/wp-json\/wp\/v2\/tags?post=630758"}],"curies":[{"name":"wp","href":"https:\/\/api.w.org\/{rel}","templated":true}]}}