{"id":630760,"date":"2025-12-30T22:03:11","date_gmt":"2025-12-30T22:03:11","guid":{"rendered":"https:\/\/www.europesays.com\/fr\/630760\/"},"modified":"2025-12-30T22:03:11","modified_gmt":"2025-12-30T22:03:11","slug":"battu-nettement-a-toulouse-le-gfca-termine-mal-lannee","status":"publish","type":"post","link":"https:\/\/www.europesays.com\/fr\/630760\/","title":{"rendered":"battu nettement \u00e0 Toulouse, le GFCA termine mal l&rsquo;ann\u00e9e"},"content":{"rendered":"<p>Sous la menace \u2013 de plus en plus pr\u00e9gnante, h\u00e9las, l&rsquo;appel ayant semble-t-il peu de chances d&rsquo;\u00eatre entendu \u2013 d&rsquo;un retrait de trois points via une d\u00e9cision pour le moins controvers\u00e9e de la DNACG, le GFCA se pr\u00e9sentait donc en position de lanterne rouge, hier soir. Et ce, dans un Palais des Sports somme toute fort convenablement garni compte tenu d&rsquo;une date susceptible de laisser perplexe plus d&rsquo;un suiveur\u2026<\/p>\n<p>Pourtant, faisant comme si de rien n&rsquo;\u00e9tait, le GFCA tient la drag\u00e9e haute au favori : 11-11. Toutefois, alors que tout est encore possible (16-13 seulement en faveur des Garonnais), le \u00a0\u00bb challenge vid\u00e9o \u00a0\u00bb donne gain de cause \u00e0 ces derniers, qui font le break : 17-13. Transcend\u00e9e par sa r\u00e9ussite, l&rsquo;artillerie lourde prend alors l&rsquo;ascendant et le \u00a0\u00bb block \u00a0\u00bb corse ne peut que se fissurer sous les assauts r\u00e9p\u00e9t\u00e9s : 22-17, 23-17, 24-17\u2026 Les Ajacciens ont beau sauver deux balles de set, le retard, trop cons\u00e9quent, est impossible \u00e0 combler : 25-19.<\/p>\n<p>\u00ab\u00a0D&rsquo;une sanction \u00e0 l&rsquo;autre, nous prenons coup sur coup, voil\u00e0 pourquoi nous sommes dans le dur\u00a0\u00bb<\/p>\n<p>La suite ? Elle ressemble \u00e0 s&rsquo;y m\u00e9prendre \u00e0 un remake du sc\u00e9nario pr\u00e9c\u00e9dent. Le \u00a0\u00bb Gaz&rsquo; \u00a0\u00bb soutient tout d&rsquo;abord amplement la comparaison : 13-13. Oui mai&#8230;<\/p>\n","protected":false},"excerpt":{"rendered":"Sous la menace \u2013 de plus en plus pr\u00e9gnante, h\u00e9las, l&rsquo;appel ayant semble-t-il peu de chances d&rsquo;\u00eatre entendu&hellip;\n","protected":false},"author":2,"featured_media":630761,"comment_status":"","ping_status":"","sticky":false,"template":"","format":"standard","meta":{"footnotes":""},"categories":[2816],"tags":[17,1111,11,9339,1777,674,1011,27,6392,26830,42345,12,2680,25,60,17770,2312,1470],"class_list":{"0":"post-630760","1":"post","2":"type-post","3":"status-publish","4":"format-standard","5":"has-post-thumbnail","7":"category-toulouse","8":"tag-17","9":"tag-actu","10":"tag-actualites","11":"tag-battu","12":"tag-eu","13":"tag-europe","14":"tag-fr","15":"tag-france","16":"tag-gfca","17":"tag-mal","18":"tag-nettement","19":"tag-news","20":"tag-occitanie","21":"tag-republique-francaise","22":"tag-sports","23":"tag-termine","24":"tag-toulouse","25":"tag-volley"},"share_on_mastodon":{"url":"https:\/\/pubeurope.com\/@fr\/115810784630779786","error":""},"_links":{"self":[{"href":"https:\/\/www.europesays.com\/fr\/wp-json\/wp\/v2\/posts\/630760","targetHints":{"allow":["GET"]}}],"collection":[{"href":"https:\/\/www.europesays.com\/fr\/wp-json\/wp\/v2\/posts"}],"about":[{"href":"https:\/\/www.europesays.com\/fr\/wp-json\/wp\/v2\/types\/post"}],"author":[{"embeddable":true,"href":"https:\/\/www.europesays.com\/fr\/wp-json\/wp\/v2\/users\/2"}],"replies":[{"embeddable":true,"href":"https:\/\/www.europesays.com\/fr\/wp-json\/wp\/v2\/comments?post=630760"}],"version-history":[{"count":0,"href":"https:\/\/www.europesays.com\/fr\/wp-json\/wp\/v2\/posts\/630760\/revisions"}],"wp:featuredmedia":[{"embeddable":true,"href":"https:\/\/www.europesays.com\/fr\/wp-json\/wp\/v2\/media\/630761"}],"wp:attachment":[{"href":"https:\/\/www.europesays.com\/fr\/wp-json\/wp\/v2\/media?parent=630760"}],"wp:term":[{"taxonomy":"category","embeddable":true,"href":"https:\/\/www.europesays.com\/fr\/wp-json\/wp\/v2\/categories?post=630760"},{"taxonomy":"post_tag","embeddable":true,"href":"https:\/\/www.europesays.com\/fr\/wp-json\/wp\/v2\/tags?post=630760"}],"curies":[{"name":"wp","href":"https:\/\/api.w.org\/{rel}","templated":true}]}}