{"id":630762,"date":"2025-12-30T22:04:53","date_gmt":"2025-12-30T22:04:53","guid":{"rendered":"https:\/\/www.europesays.com\/fr\/630762\/"},"modified":"2025-12-30T22:04:53","modified_gmt":"2025-12-30T22:04:53","slug":"parcours-decouverte-des-5-sens-a-lille-experiences-interactives-et-immersives-date-horaires-tarifs","status":"publish","type":"post","link":"https:\/\/www.europesays.com\/fr\/630762\/","title":{"rendered":"Parcours d\u00e9couverte des 5 sens \u00e0 Lille, Exp\u00e9riences interactives et immersives : date, horaires, tarifs"},"content":{"rendered":"<p class=\"fw-bold font-size-16 my-1\"> 17 rue des stations | <a href=\"https:\/\/www.jds.fr\/lille\/\" target=\"_blank\" rel=\"noopener\">Lille<\/a><\/p>\n<p class=\"fw-bold font-size-16 my-1\"> Payant  (<a href=\"#tarifs\" class=\"js-scrollTo\">voir les d\u00e9tails<\/a>)<\/p>\n<ul class=\"list-unstyled d-flex flex-wrap mt-2\">\n<li class=\"me-2 mb-2\">insolite<\/li>\n<li class=\"me-2 mb-2\">immersif<\/li>\n<li class=\"me-2 mb-2\">sensoriel<\/li>\n<li class=\"me-2 mb-2\">enfants<\/li>\n<li class=\"me-2 mb-2\">famille<\/li>\n<li class=\"me-2 mb-2\">amis<\/li>\n<li class=\"me-2 mb-2\">int\u00e9rieur<\/li>\n<li class=\"me-2 mb-2\">2h-3h<\/li>\n<li class=\"me-2 mb-2\">EVG<\/li>\n<li class=\"me-2 mb-2\">EVJF<\/li>\n<\/ul>\n<p><a class=\"btn btn-lg shadow-lg btn-primary rounded-pill fnac_link\" data-fnac=\"haut\" href=\"https:\/\/lb.affilae.com\/r\/?p=5f7dd9b02760126e01e487b3&amp;af=628&amp;lp=https%3A%2F%2Fwww.funbooker.com%2Ffr%2Fannonce%2Fparcours-decouverte-des-5-sens-a-lille%2Fvoir%3Futm_source%3Daffilae%26utm_medium%3Djds\" target=\"_blank\" rel=\"nofollow noopener\"> Acheter des billets<\/a><\/p>\n<p>Vous cherchez une activit\u00e9 fun, ludique et engag\u00e9e \u00e0 faire en famille ou entre amis\u00a0? Participez \u00e0 un parcours sensoriel unique \u00e0 Lille\u00a0!<\/p>\n<p><a data-lightbox=\"article\" data-title=\"Parcours d\u00e9couverte des 5 sens \u00e0 Lille DR\" class=\"image detail fullwidth  position-relative d-block\" href=\"https:\/\/www.jds.fr\/medias\/image\/parcours-decouverte-des-5-sens-a-lille-805305-920-0-F.webp\" title=\"Parcours d\u00e9couverte des 5 sens \u00e0 Lille DR\" target=\"_blank\" rel=\"noopener\"><br \/>\n<img decoding=\"async\" loading=\"lazy\" src=\"https:\/\/www.europesays.com\/fr\/wp-content\/uploads\/2025\/12\/parcours-decouverte-des-5-sens-a-lille-805305-1200-0.webp.webp\"   width=\"685\" alt=\"Parcours d\u00e9couverte des 5 sens \u00e0 Lille\" class=\"border\"\/><br \/>\nDR<br \/>\nParcours d\u00e9couverte des 5 sens \u00e0 Lille<br \/>\n<\/a><\/p>\n<p><strong>Parcours SENSAS<\/strong>, activit\u00e9 ludique et engag\u00e9e<\/p>\n<p><strong>Dur\u00e9e\u00a0:<\/strong> 2 h\u00a0\u2014 max. 13 personnes par \u00e9quipe\u00a0\u2014 \u00e0 partir de 7 ans\u00a0\u2014 pas de condition physique particuli\u00e8re<\/p>\n<p>Il s\u2019agit d\u2019un nouveau concept de divertissement tr\u00e8s ludique au cours duquel vous vivrez une exp\u00e9rience sensorielle unique. Vous devrez relever des d\u00e9fis sensoriels \u00e0 travers un parcours de six ateliers. Chacun des ateliers vous privera d\u2019un de vos sens afin de vous sensibiliser aux handicaps sensoriels.<\/p>\n<p><strong>En bref\u00a0:<\/strong><\/p>\n<ul>\n<li>80 % des ateliers se d\u00e9roulent dans l\u2019obscurit\u00e9 la plus totale<\/li>\n<li>Chaque \u00e9preuve r\u00e9ussie vous fait gagner une amulette, transform\u00e9e en don pour une association<\/li>\n<\/ul>\n<p>Une activit\u00e9 insolite et id\u00e9ale pour une sortie entre amis, notamment pour un enterrement de vie de c\u00e9libataire. Accessible d\u00e8s 7 ans, SENSAS convient tr\u00e8s bien aux sorties en famille.<\/p>\n<p>            Renseignements<\/p>\n<p><strong class=\"font-size-18\">O\u00f9\u00a0:<\/strong><br \/> 17 rue des stations<a class=\"mt-1 d-block ps-4\" href=\"https:\/\/www.jds.fr\/lille\/\" target=\"_blank\" rel=\"noopener\"> 59000 Lille<\/a><\/p>\n<p>Tarifs et billetterie\u00a0: <\/p>\n<p>Enfant &#8211; Semaine, Prix \/ enfant &#8211; de 7 \u00e0 11 ans : 24\u00a0\u20ac<br \/>Enfant &#8211; Week-end, Prix \/ enfant &#8211; de 7 \u00e0 11 ans : 26\u00a0\u20ac<br \/>Ado &#8211; Semaine, Prix \/ enfant &#8211; de 12 \u00e0 17 ans : 25\u00a0\u20ac<br \/>Ado &#8211; Week-end, Prix \/ enfant &#8211; de 12 \u00e0 17 ans : 27\u00a0\u20ac<br \/>Adulte &#8211; Semaine, Prix \/ personne : 29\u00a0\u20ac<br \/>Adulte &#8211; Week-end, Prix \/ personne : 30\u00a0\u20ac<\/p>\n<p>Dans la m\u00eame rubrique<\/p>\n<ul class=\"mt-3 list-unstyled list-articles-v2\" id=\"liste-dates-69544c79ab4c8\">\n<li class=\"col-12 pt-4\" data-view-id-type=\"1\" data-view-id=\"895370\" data-view-bc=\"0\"><a class=\"image\" href=\"https:\/\/www.jds.fr\/lille\/activite-experience\/visites\/visite-lille-en-1913-entre-bourse-textiles-et-charbon-895370_A\" target=\"_blank\" rel=\"noopener\"><img decoding=\"async\" loading=\"lazy\" src=\"https:\/\/www.europesays.com\/fr\/wp-content\/uploads\/2025\/12\/0-28692500-1756929415-757841-180-180.webp.webp\" width=\"180\" height=\"180\" alt=\"Visite : Lille en 1913, entre Bourse, textiles et charbon\" class=\"border\"\/><\/a><\/li>\n<li class=\"col-12 pt-4\" data-view-id-type=\"1\" data-view-id=\"934796\" data-view-bc=\"0\"><a class=\"d-block titre text-black mb-1 mb-md-2\" href=\"https:\/\/www.jds.fr\/lille\/activite-experience\/visites\/villa-cavrois-934796_A\" target=\"_blank\" rel=\"noopener\">Villa Cavrois<\/a>Jusqu&rsquo;au 31\/12\/2025<a href=\"https:\/\/www.jds.fr\/lille\/croix\/patrimoine-historique\/villa-cavrois-19392_L\" class=\"lieu font-size-14 text-gray-700 d-block lh-sm my-1\" target=\"_blank\" rel=\"noopener\"> Villa Cavrois &#8211; Croix<\/a>Villa Cavrois, un \u00e9v\u00e9nement \u00e0 voir \u00e0 Lille (Villa Cavrois Croix), du 1 janvier 2024 au 31 d\u00e9cembre 2025. Toutes les informations pratiques (tarifs, billetterie, plan de salle) [\u2026]<a class=\"image\" href=\"https:\/\/www.jds.fr\/lille\/activite-experience\/visites\/villa-cavrois-934796_A\" target=\"_blank\" rel=\"noopener\"><img decoding=\"async\" loading=\"lazy\" src=\"https:\/\/www.europesays.com\/fr\/wp-content\/uploads\/2025\/12\/1767132285_506_.jpeg\" width=\"180\" height=\"180\" alt=\"Villa Cavrois\"\/><\/a><\/li>\n<li class=\"li_gp_div\">\n<\/li>\n<li class=\"col-12 pt-4\" data-view-id-type=\"1\" data-view-id=\"891355\" data-view-bc=\"0\"><a class=\"image\" href=\"https:\/\/www.jds.fr\/lille\/activite-experience\/visites\/jeu-de-piste-decouverte-les-mysteres-de-lille-891355_A\" target=\"_blank\" rel=\"noopener\"><img decoding=\"async\" loading=\"lazy\" src=\"https:\/\/www.europesays.com\/fr\/wp-content\/uploads\/2025\/12\/0-16563100-1743243909-574104-180-180.webp.webp\" width=\"180\" height=\"180\" alt=\"Jeu de piste d\u00e9couverte Les myst\u00e8res de Lille\" class=\"border\"\/><\/a><\/li>\n<li class=\"col-12 pt-4\" data-view-id-type=\"1\" data-view-id=\"1266187\" data-view-bc=\"0\"><a class=\"image\" href=\"https:\/\/www.jds.fr\/lille\/activite-experience\/experiences-interactives-immersives\/aushopping-v2-devoile-noel-a-croquer-decor-enchanteur-et-fabrique-gourmande-1266187_A\" target=\"_blank\" rel=\"noopener\"><img decoding=\"async\" loading=\"lazy\" src=\"https:\/\/www.europesays.com\/fr\/wp-content\/uploads\/2025\/12\/0-13836800-1764342249-781326-180-180.webp.webp\" width=\"180\" height=\"180\" alt=\"Aushopping V2 d\u00e9voile \u201cNo\u00ebl \u00e0 croquer\u201d : d\u00e9cor enchanteur et fabrique gourmande\" class=\"border\"\/><\/a><\/li>\n<li class=\"col-12 pt-4\" data-view-id-type=\"1\" data-view-id=\"1289817\" data-view-bc=\"0\"><a class=\"d-block titre text-black mb-1 mb-md-2\" href=\"https:\/\/www.jds.fr\/lille\/activite-experience\/aventure\/inside-game-les-mondes-fantastiques-1289817_A\" target=\"_blank\" rel=\"noopener\">Inside Game\u00a0: Les Mondes Fantastiques <\/a>Jusqu&rsquo;au 30\/06\/2026 LilleL\u2019aventure immersive la plus magique de France revient \u00e0 Lille\u00a0!\u00a0. Apr\u00e8s le succ\u00e8s ph\u00e9nom\u00e9nal du D\u00e9fi des Sorciers, [\u2026]<a class=\"image\" href=\"https:\/\/www.jds.fr\/lille\/activite-experience\/aventure\/inside-game-les-mondes-fantastiques-1289817_A\" target=\"_blank\" rel=\"noopener\"><img decoding=\"async\" loading=\"lazy\" src=\"https:\/\/www.europesays.com\/fr\/wp-content\/uploads\/2025\/12\/0-07459200-1766070112-796641-180-180.webp.webp\" width=\"180\" height=\"180\" alt=\"Inside Game : Les Mondes Fantastiques \" class=\"border\"\/><\/a><\/li>\n<li class=\"li_gp_div li_gp_div_infeed\"\/>\n<li class=\"col-12 pt-4\" data-view-id-type=\"1\" data-view-id=\"1253913\" data-view-bc=\"0\"><a class=\"d-block titre text-black mb-1 mb-md-2\" href=\"https:\/\/www.jds.fr\/lille\/activite-experience\/ateliers\/stage-theatre-a-lille-1253913_A\" target=\"_blank\" rel=\"noopener\">Stage Th\u00e9\u00e2tre \u00e0 Lille <\/a>Jusqu&rsquo;au 31\/12\/2025 LilleCe stage est fait pour vous si\u00a0:&#13;<br \/>\nVous voulez d\u00e9couvrir le Cours Florent en participant au stage phare de l\u2019\u00e9cole\u00a0;. Vous souhaitez apprendre des [\u2026]<a class=\"image\" href=\"https:\/\/www.jds.fr\/lille\/activite-experience\/ateliers\/stage-theatre-a-lille-1253913_A\" target=\"_blank\" rel=\"noopener\"><img decoding=\"async\" loading=\"lazy\" src=\"https:\/\/www.europesays.com\/fr\/wp-content\/uploads\/2025\/12\/0-66912700-1763401813-773010-180-180.webp.webp\" width=\"180\" height=\"180\" alt=\"Stage Th\u00e9\u00e2tre \u00e0 Lille \" class=\"border\"\/><\/a><\/li>\n<li class=\"col-12 pt-4\" data-view-id-type=\"1\" data-view-id=\"1260304\" data-view-bc=\"0\"><a class=\"image\" href=\"https:\/\/www.jds.fr\/lille\/activite-experience\/visites\/loisirs-11-17-ans-au-prj-laennec-vacances-fin-d-annee-2025-1260304_A\" target=\"_blank\" rel=\"noopener\"><img decoding=\"async\" loading=\"lazy\" src=\"https:\/\/www.europesays.com\/fr\/wp-content\/uploads\/2025\/06\/1750663687_222_visite-guidee-141572-180-180.webp.webp\" width=\"180\" height=\"180\" alt=\"Loisirs 11\/17 ans au PRJ Laennec (vacances fin d'ann\u00e9e 2025)\" class=\"border\"\/><\/a><\/li>\n<li class=\"col-12 pt-4\" data-view-id-type=\"1\" data-view-id=\"603968\" data-view-bc=\"0\"><a class=\"image\" href=\"https:\/\/www.jds.fr\/lille\/activite-experience\/ateliers\/cours-de-danse-flamenco-pena-estrella-lille-nord-pas-de-calais-picardie-hdf-603968_A\" target=\"_blank\" rel=\"noopener\"><img decoding=\"async\" loading=\"lazy\" src=\"https:\/\/www.europesays.com\/fr\/wp-content\/uploads\/2025\/12\/0-84729000-1756740994-706911-180-180.webp.webp\" width=\"180\" height=\"180\" alt=\"Cours de danse Flamenco Pe\u00f1a Estrella Lille Nord Pas de Calais Picardie HDF\" class=\"border\"\/><\/a><\/li>\n<li class=\"col-12 pt-4\" data-view-id-type=\"1\" data-view-id=\"603997\" data-view-bc=\"0\"><a class=\"image\" href=\"https:\/\/www.jds.fr\/lille\/activite-experience\/ateliers\/flamencokids-cours-danse-flamenco-enfants-pena-estrella-lille-npdc-picardie-hdf-603997_A\" target=\"_blank\" rel=\"noopener\"><img decoding=\"async\" loading=\"lazy\" src=\"https:\/\/www.europesays.com\/fr\/wp-content\/uploads\/2025\/12\/0-88011000-1722867601-704118-180-180.webp.webp\" width=\"180\" height=\"180\" alt=\"FLAMENCOKIDS Cours Danse Flamenco Enfants Pe\u00f1a Estrella  Lille NPDC Picardie HDF\" class=\"border\"\/><\/a><\/li>\n<li class=\"li_gp_div li_gp_div_infeed\"\/>\n<li class=\"col-12 pt-4\" data-view-id-type=\"1\" data-view-id=\"628911\" data-view-bc=\"0\"><a class=\"image\" href=\"https:\/\/www.jds.fr\/lille\/activite-experience\/ateliers\/flamencokids-cours-de-danse-flamenco-enfants-iberica-seclin-hauts-de-france-628911_A\" target=\"_blank\" rel=\"noopener\"><img decoding=\"async\" loading=\"lazy\" src=\"https:\/\/www.europesays.com\/fr\/wp-content\/uploads\/2025\/12\/0-35517000-1724768974-692650-180-180.webp.webp\" width=\"180\" height=\"180\" alt=\"FLAMENCOKIDS Cours de danse Flamenco enfants Ib\u00e9rica SECLIN Hauts de France\" class=\"border\"\/><\/a><\/li>\n<li class=\"col-12 pt-4\" data-view-id-type=\"1\" data-view-id=\"628942\" data-view-bc=\"0\"><a class=\"image\" href=\"https:\/\/www.jds.fr\/lille\/activite-experience\/ateliers\/flamenc-tonic-cours-cardio-flamenco-fitness-iberica-seclin-hauts-de-france-628942_A\" target=\"_blank\" rel=\"noopener\"><img decoding=\"async\" loading=\"lazy\" src=\"https:\/\/www.europesays.com\/fr\/wp-content\/uploads\/2025\/12\/0-39580100-1724777123-692653-180-180.webp.webp\" width=\"180\" height=\"180\" alt=\"Flamenc'tonic' Cours cardio Flamenco fitness Ib\u00e9rica Seclin Hauts de France\" class=\"border\"\/><\/a><\/li>\n<li class=\"col-12 pt-4\" data-view-id-type=\"1\" data-view-id=\"1116101\" data-view-bc=\"0\"><a class=\"d-block titre text-black mb-1 mb-md-2\" href=\"https:\/\/www.jds.fr\/lille\/activite-experience\/ateliers\/atelier-de-conversation-en-francais-1116101_A\" target=\"_blank\" rel=\"noopener\">Atelier de conversation en fran\u00e7ais<\/a>Du 08\/01\/2026 au 27\/06\/2026 Roubaix<br \/>\nVous souhaitez pratiquer le fran\u00e7ais pour \u00eatre plus \u00e0 l&rsquo;aise \u00e0 l&rsquo;oral\u00a0?<br \/>\nCet atelier de conversation est fait pour vous. Venez discuter en toute convivialit\u00e9 avec des [\u2026]<a class=\"image\" href=\"https:\/\/www.jds.fr\/lille\/activite-experience\/ateliers\/atelier-de-conversation-en-francais-1116101_A\" target=\"_blank\" rel=\"noopener\"><img decoding=\"async\" loading=\"lazy\" src=\"https:\/\/www.europesays.com\/fr\/wp-content\/uploads\/2025\/11\/ateliers-artistiques-peinture-pinceau-technique-ar-127061-180-180.webp.webp\" width=\"180\" height=\"180\" alt=\"Atelier de conversation en fran\u00e7ais\" class=\"border\"\/><\/a><\/li>\n<li class=\"col-12 pt-4\" data-view-id-type=\"1\" data-view-id=\"1177572\" data-view-bc=\"0\"><a class=\"d-block titre text-black mb-1 mb-md-2\" href=\"https:\/\/www.jds.fr\/lille\/activite-experience\/ateliers\/atelier-peinture-au-mini-lab-1177572_A\" target=\"_blank\" rel=\"noopener\">Atelier peinture au Mini-Lab<\/a>Le 11\/01\/2026 LilleVenez d\u00e9couvrir les techniques de la peinture acrylique avec Vincent Gav\u00e9riaux, illustrateur naturaliste du Mus\u00e9e d\u2019histoire naturelle de Lille. Chaque session vous offre [\u2026]<a class=\"image\" href=\"https:\/\/www.jds.fr\/lille\/activite-experience\/ateliers\/atelier-peinture-au-mini-lab-1177572_A\" target=\"_blank\" rel=\"noopener\"><img decoding=\"async\" loading=\"lazy\" src=\"https:\/\/www.europesays.com\/fr\/wp-content\/uploads\/2025\/11\/ateliers-artistiques-peinture-pinceau-technique-ar-127061-180-180.webp.webp\" width=\"180\" height=\"180\" alt=\"Atelier peinture au Mini-Lab\" class=\"border\"\/><\/a><\/li>\n<li class=\"li_gp_div li_gp_div_infeed\"\/>\n<li class=\"col-12 pt-4\" data-view-id-type=\"1\" data-view-id=\"1177582\" data-view-bc=\"0\"><a class=\"d-block titre text-black mb-1 mb-md-2\" href=\"https:\/\/www.jds.fr\/lille\/activite-experience\/ateliers\/atelier-gravure-au-mini-lab-1177582_A\" target=\"_blank\" rel=\"noopener\">Atelier gravure au Mini-Lab<\/a>Le 14\/01\/2026 Lille<br \/>\nEn se basant sur des mod\u00e8les d&rsquo;illustrations animali\u00e8res, chaque participant\u00b7e s\u00e9lectionnera une esp\u00e8ce \u00e0 styliser, gravera son dessin \u00e0 la pointe s\u00e8che sur sa plaque, [\u2026]<a class=\"image\" href=\"https:\/\/www.jds.fr\/lille\/activite-experience\/ateliers\/atelier-gravure-au-mini-lab-1177582_A\" target=\"_blank\" rel=\"noopener\"><img decoding=\"async\" loading=\"lazy\" src=\"https:\/\/www.europesays.com\/fr\/wp-content\/uploads\/2025\/11\/ateliers-artistiques-peinture-pinceau-technique-ar-127061-180-180.webp.webp\" width=\"180\" height=\"180\" alt=\"Atelier gravure au Mini-Lab\" class=\"border\"\/><\/a><\/li>\n<li class=\"col-12 pt-4\" data-view-id-type=\"1\" data-view-id=\"1177578\" data-view-bc=\"0\"><a class=\"d-block titre text-black mb-1 mb-md-2\" href=\"https:\/\/www.jds.fr\/lille\/activite-experience\/ateliers\/atelier-dessin-au-mini-lab-1177578_A\" target=\"_blank\" rel=\"noopener\">Atelier dessin au Mini-Lab<\/a>Le 21\/01\/2026 Lille<br \/>\nAccompagn\u00e9.e.s de l\u2019illustrateur naturaliste Vincent Gav\u00e9riaux, vos enfants auront le plaisir de d\u00e9couvrir et de dessiner \u00e0 chaque session une nouvelle esp\u00e8ce animale [\u2026]<a class=\"image\" href=\"https:\/\/www.jds.fr\/lille\/activite-experience\/ateliers\/atelier-dessin-au-mini-lab-1177578_A\" target=\"_blank\" rel=\"noopener\"><img decoding=\"async\" loading=\"lazy\" src=\"https:\/\/www.europesays.com\/fr\/wp-content\/uploads\/2025\/11\/ateliers-artistiques-peinture-pinceau-technique-ar-127061-180-180.webp.webp\" width=\"180\" height=\"180\" alt=\"Atelier dessin au Mini-Lab\" class=\"border\"\/><\/a><\/li>\n<li class=\"col-12 pt-4\" data-view-id-type=\"1\" data-view-id=\"1177598\" data-view-bc=\"0\"><a class=\"d-block titre text-black mb-1 mb-md-2\" href=\"https:\/\/www.jds.fr\/lille\/activite-experience\/ateliers\/atelier-broderie-sur-photos-au-mini-lab-1177598_A\" target=\"_blank\" rel=\"noopener\">Atelier broderie sur photos au Mini-Lab<\/a>Le 28\/01\/2026 LilleAs-tu d\u00e9j\u00e0 exp\u00e9riment\u00e9 la broderie sur photo\u00a0? Le Mus\u00e9e propose de t&rsquo;essayer \u00e0 cet art du fil en redonnant vie et couleur \u00e0 des photos d\u2019archives du Mus\u00e9e\u00a0!\n<p>   [\u2026]<a class=\"image\" href=\"https:\/\/www.jds.fr\/lille\/activite-experience\/ateliers\/atelier-broderie-sur-photos-au-mini-lab-1177598_A\" target=\"_blank\" rel=\"noopener\"><img decoding=\"async\" loading=\"lazy\" src=\"https:\/\/www.europesays.com\/fr\/wp-content\/uploads\/2025\/11\/ateliers-artistiques-peinture-pinceau-technique-ar-127061-180-180.webp.webp\" width=\"180\" height=\"180\" alt=\"Atelier broderie sur photos au Mini-Lab\" class=\"border\"\/><\/a><\/li>\n<li class=\"col-12 pt-4\" data-view-id-type=\"1\" data-view-id=\"1305179\" data-view-bc=\"0\"><a class=\"image\" href=\"https:\/\/www.jds.fr\/lille\/activite-experience\/ateliers\/atelier-de-magie-ados-adultes-festival-vive-la-magie-1305179_A\" target=\"_blank\" rel=\"noopener\"><img decoding=\"async\" loading=\"lazy\" src=\"https:\/\/www.europesays.com\/fr\/wp-content\/uploads\/2025\/12\/0-54801200-1766826263-810233-180-180.webp.webp\" width=\"180\" height=\"180\" alt=\"Atelier de magie ados \/ adultes - Festival vive la magie\" class=\"border\"\/><\/a><\/li>\n<li class=\"li_gp_div li_gp_div_infeed\"\/>\n<li class=\"col-12 pt-4\" data-view-id-type=\"1\" data-view-id=\"1305187\" data-view-bc=\"0\"><a class=\"image\" href=\"https:\/\/www.jds.fr\/lille\/activite-experience\/ateliers\/atelier-de-magie-enfants-festival-vive-la-magie-1305187_A\" target=\"_blank\" rel=\"noopener\"><img decoding=\"async\" loading=\"lazy\" src=\"https:\/\/www.europesays.com\/fr\/wp-content\/uploads\/2025\/12\/0-52615400-1766830027-810239-180-180.webp.webp\" width=\"180\" height=\"180\" alt=\"Atelier de magie enfants - Festival vive la magie\" class=\"border\"\/><\/a><\/li>\n<\/ul>\n<p><a href=\"https:\/\/www.jds.fr\/lille\/magazine\/\" class=\"btn btn-outline-primary py-2 px-4\" target=\"_blank\" rel=\"noopener\">Voir toutes les actualit\u00e9s \u00e0 Lille<\/a><\/p>\n<p class=\"mt-0 mb-3 h2\">Newsletter JDS Lille<\/p>\n<p class=\"font-size-18 fw-normal lh-sm\">Pr\u00eat pour un week-end de folie\u00a0? Chaque jeudi tous les bons plans sorties<\/p>\n","protected":false},"excerpt":{"rendered":"17 rue des stations | Lille Payant (voir les d\u00e9tails) insolite immersif sensoriel enfants famille amis int\u00e9rieur 2h-3h&hellip;\n","protected":false},"author":2,"featured_media":630763,"comment_status":"","ping_status":"","sticky":false,"template":"","format":"standard","meta":{"footnotes":""},"categories":[2815],"tags":[1111,11,1777,674,1011,27,811,1307,12,25],"class_list":{"0":"post-630762","1":"post","2":"type-post","3":"status-publish","4":"format-standard","5":"has-post-thumbnail","7":"category-lille","8":"tag-actu","9":"tag-actualites","10":"tag-eu","11":"tag-europe","12":"tag-fr","13":"tag-france","14":"tag-hauts-de-france","15":"tag-lille","16":"tag-news","17":"tag-republique-francaise"},"share_on_mastodon":{"url":"https:\/\/pubeurope.com\/@fr\/115810791242307071","error":""},"_links":{"self":[{"href":"https:\/\/www.europesays.com\/fr\/wp-json\/wp\/v2\/posts\/630762","targetHints":{"allow":["GET"]}}],"collection":[{"href":"https:\/\/www.europesays.com\/fr\/wp-json\/wp\/v2\/posts"}],"about":[{"href":"https:\/\/www.europesays.com\/fr\/wp-json\/wp\/v2\/types\/post"}],"author":[{"embeddable":true,"href":"https:\/\/www.europesays.com\/fr\/wp-json\/wp\/v2\/users\/2"}],"replies":[{"embeddable":true,"href":"https:\/\/www.europesays.com\/fr\/wp-json\/wp\/v2\/comments?post=630762"}],"version-history":[{"count":0,"href":"https:\/\/www.europesays.com\/fr\/wp-json\/wp\/v2\/posts\/630762\/revisions"}],"wp:featuredmedia":[{"embeddable":true,"href":"https:\/\/www.europesays.com\/fr\/wp-json\/wp\/v2\/media\/630763"}],"wp:attachment":[{"href":"https:\/\/www.europesays.com\/fr\/wp-json\/wp\/v2\/media?parent=630762"}],"wp:term":[{"taxonomy":"category","embeddable":true,"href":"https:\/\/www.europesays.com\/fr\/wp-json\/wp\/v2\/categories?post=630762"},{"taxonomy":"post_tag","embeddable":true,"href":"https:\/\/www.europesays.com\/fr\/wp-json\/wp\/v2\/tags?post=630762"}],"curies":[{"name":"wp","href":"https:\/\/api.w.org\/{rel}","templated":true}]}}