{"id":630764,"date":"2025-12-30T22:05:24","date_gmt":"2025-12-30T22:05:24","guid":{"rendered":"https:\/\/www.europesays.com\/fr\/630764\/"},"modified":"2025-12-30T22:05:24","modified_gmt":"2025-12-30T22:05:24","slug":"grandes-dates-2026-zoom-sur-lille","status":"publish","type":"post","link":"https:\/\/www.europesays.com\/fr\/630764\/","title":{"rendered":"Grandes Dates 2026 &#8211; Zoom Sur Lille"},"content":{"rendered":"<p class=\"has-text-align-center\"><strong>Zoom Sur Lille<\/strong> vous propose <strong>quelques grandes dates<\/strong> pour cette <strong>ann\u00e9e 2026<\/strong><\/p>\n<p style=\"text-align: justify;\">Spectacle-D\u00eener spectacle \u00ab\u00a0Fabricurious\u00a0\u00bb<br \/><strong>09 janvier 2026 &gt; 19 juin 2026 <\/strong>(certains vendredis &amp; samedis) <strong>\u2013 Casino Barri\u00e8re Lille<\/strong><br \/>Le nouveau spectacle musical du Casino Barri\u00e8re Lille : \u00ab\u00a0Amazing\u00a0\u00bb, vous entra\u00eene dans un monde parall\u00e8le o\u00f9 la musique est une force divine repr\u00e9sent\u00e9e par 4 dieux : Soul, Rock, Pop et \u00c9lectro. <\/p>\n<p><img loading=\"lazy\" decoding=\"async\" width=\"1024\" height=\"683\" src=\"https:\/\/www.europesays.com\/fr\/wp-content\/uploads\/2025\/11\/art_amazing_04-1024x683.jpg\" alt=\"\" class=\"wp-image-88659\" style=\"aspect-ratio:1.499267935578331;object-fit:cover;width:500px\"  \/><\/p>\n<p style=\"text-align: justify;\">Salon du lyc\u00e9en et de l\u2019\u00e9tudiant<br \/><strong>15 janvier 2026 &gt; 17 janvier 2026 \u2013 Lille Grand Palais<\/strong><br \/>Rencontrez des professionnels de l\u2019orientation, \u00e9changez avec des \u00e9tudiants et des repr\u00e9sentants d\u2019\u00e9coles et de formations, assistez aux conf\u00e9rences de l\u2019\u00c9tudiant et posez toutes vos questions. <a href=\"https:\/\/www.letudiant.fr\/compte\/salon-1\/authentification.html?referer=https%3A%2F%2Fmy.letudiant.fr%2Faccount%2Fprovider%2Fsaml%2Fsalon-1%3FRelayState%3Dhttps%253A%2F%2Fmyletudiant.eventmaker.io%2Foauth%2Fauthorize%253Fclient_id%253DYAdxykFjeLIzfidZ9QQIUns3Lp0GOk2Co8sD88msbbk%2526code_challenge%253Dbp7UtYf_kqunPSYfsoNRLIsrDOyQJQ1S8ayfJJYn54Y%2526code_challenge_method%253DS256%2526locale%253Dfr%2526provider%253D68c933a4d1692677db262a14%2526redirect_uri%253Dhttps%25253A%25252F%25252Fsalon-du-lyceen-et-de-l-etudiant-lille.salon.letudiant.fr\" target=\"_blank\" rel=\"noopener\">Inscription gratuite mais obligatoire<\/a><\/p>\n<p style=\"text-align: justify;\">L\u2019International Lille Tattoo Convention<br \/><strong>23 janvier 2026 &gt; 25 janvier 2026 \u2013 Lille Grand Palais<\/strong><br \/> Du tatouage traditionnel dit \u00ab \u00e0 l\u2019ancienne \u00bb jusqu\u2019aux styles avant-gardistes et actuels, tous les styles sont repr\u00e9sent\u00e9s. L\u2019occasion de laisser les plus grands sp\u00e9cialistes du tatouage sublimer votre peau\u2026 ou de simplement venir d\u00e9couvrir cet univers, les concerts et les nombreuses animations, en famille ou entre amis.<\/p>\n<p style=\"text-align: justify;\">Festival Lillarious<br \/><strong>30 janvier 2026 &gt; 08 f\u00e9vrier 2026 \u2013 Lille<\/strong><br \/>La programmation de Lillarious s\u2019affirme comme riche, audacieuse et f\u00e9d\u00e9ratrice, structur\u00e9e autour de trois axes cl\u00e9s : innovation, transmission et inclusion. Cette d\u00e9marche fait du festival un v\u00e9ritable laboratoire du spectacle de demain, o\u00f9 les formes se r\u00e9inventent, les fronti\u00e8res se repoussent\u2026 et o\u00f9 l\u2019on r\u00e9fl\u00e9chit ensemble au pouvoir de l\u2019humour, \u00e0 l\u2019impact de l\u2019intelligence artificielle sur la cr\u00e9ation artistique, et au r\u00f4le du rire dans la soci\u00e9t\u00e9 et la culture.<\/p>\n<p style=\"text-align: justify;\">PLAY IN CHALLENGER <br \/><strong>16 f\u00e9vrier 2026 &gt; 22 f\u00e9vrier 2026 \u2013 Tennis Club Lillois Lille M\u00e9tropole<br \/><\/strong>Le Tennis Club Lillois Lille M\u00e9tropole organise son traditionnel Open International, premier tournoi masculin au nord de Paris.<\/p>\n<p style=\"text-align: justify;\">Lille Neige<br \/><strong>14 f\u00e9vrier 2026 &gt; 01 mars 2026 \u2013 Gare Saint Sauveur<br \/><\/strong>Une multitude d\u2019activit\u00e9s hivernales, majoritairement gratuites, propos\u00e9e \u00e0 toute la famille : luge, tyrolienne, mur d\u2019escalade\u2026<\/p>\n<p style=\"text-align: justify;\">Foire Expo de Lille<br \/><strong>19 f\u00e9vrier 2026 &gt; 23 f\u00e9vrier 2026 \u2013 Lille Grand Palais<br \/><\/strong>La Foire Expo de Lille r\u00e9unit plus de 150 exposants sur 6 000m\u00b2 autour de 5 grands univers : Maison &amp; Habitat, Automobilit\u00e9, Shopping, Artisanat, et Vins &amp; Gastronomie. Pendant 5 jours, profitez d\u2019animations en continu (d\u00e9monstrations, d\u00e9gustations, testings produits, danses, concerts) ainsi que d\u2019ateliers cuisine, bricolage, bien-\u00eatre et loisirs pour toute la famille. C\u00f4t\u00e9 saveurs, un grand Food Court, une brasserie et un bar \u00e9ph\u00e9m\u00e8re vous attendent dans une ambiance authentique, populaire et chaleureuse, fid\u00e8le \u00e0 l\u2019esprit du Nord. Et ne manquez pas la nocturne sp\u00e9ciale du jeudi 19 f\u00e9vrier (19h \u00e0 22h) : concerts, DJ sets, performances et animations in\u00e9dites pour une soir\u00e9e 100 % festive.<\/p>\n<p style=\"text-align: justify;\">Tournoi des Six Nations <br \/><strong>22 f\u00e9vrier 2026 \u2013 Decathlon Arena \u2013 Stade Pierre Mauroy<br \/><\/strong>Ce sera une occasion unique pour les supporters d\u2019apporter leur soutien lors de cette rencontre du Tournoi des Six Nations 2026, o\u00f9 le XV de France pourra d\u00e9montrer son niveau de jeu et sa d\u00e9termination face \u00e0 la Squadra Azzurra.<\/p>\n<p style=\"text-align: justify;\">Cirque Arlette Gruss<br \/><strong>28 f\u00e9vrier 2026 &gt; 15 mars 2026 \u2013 Champ de Mars<\/strong><br \/>Le Cirque Arlette Gruss propose durant plus de 2h une quinzaine de num\u00e9ros (chevaux, clown, chiens, bascule, globe des motos\u2026). Les 13 mars 2026, le Cirque Arlette Gruss propose \u00e9galement un d\u00eener-spectacle.<\/p>\n<p><img loading=\"lazy\" decoding=\"async\" width=\"1024\" height=\"683\" src=\"https:\/\/www.europesays.com\/fr\/wp-content\/uploads\/2025\/12\/art_cirque_arlette_gruss_lille_2022_01-1024x683.jpg\" alt=\"\" class=\"wp-image-60884\" style=\"aspect-ratio:1.499267935578331;object-fit:cover;width:500px\"  \/><\/p>\n<p style=\"text-align: justify;\">Le Festival International Vive la Magie <br \/><strong>07 mars 2026 au 08 mars 2026 \u2013 Th\u00e9\u00e2tre S\u00e9bastopol de Lille<\/strong><br \/>18\u00e8me \u00e9dition et toujours autant de performances magiques \u00e9poustouflantes par les plus grands artistes magiciens internationaux du moment. Un univers f\u00e9erique o\u00f9 l\u2019impossible devient possible !<\/p>\n<p style=\"text-align: justify;\"><strong>Lille Art Up ! <\/strong><br \/><strong>12 mars 2026 &gt; 15 mars 2026 \u2013 Lille Grand Palais<\/strong><br \/>Avec chaque ann\u00e9e plus de 100 galeries fran\u00e7aises et internationales et 750 artistes pr\u00e9sent\u00e9s, Lille Art Up !, la foire d\u2019art contemporain de Lille vous attends ! <\/p>\n<p style=\"text-align: justify;\">Le Chti \u2013 le City Guide du Grand Lille<br \/><strong>mars 2026 &gt; mars 2026 \u2013 M\u00e9tropole lilloise<br \/><\/strong>Distribution du guide des bons plans de la m\u00e9tropole lilloise dans diff\u00e9rents lieux de la m\u00e9tropole lilloise.<\/p>\n<p style=\"text-align: justify;\">Festival S\u00e9ries Mania<br \/><strong>20 mars 2026 &gt; 27 mars 2026 \u2013 Lille<\/strong><br \/>Le Festival International \u2013 Series Mania Lille Hauts-de-France est de retour ! Il r\u00e9unira les meilleurs acteurs, auteurs et producteurs de s\u00e9ries t\u00e9l\u00e9.<\/p>\n<p style=\"text-align: justify;\">Urban de Trail<br \/><strong>04 avril 2026 \u2013 Lille<\/strong><br \/>La Ligue des Hauts-de-France d\u2019Athl\u00e9tisme organise une course de 5km, une course de 10km ainsi qu\u2019un Trail Urbain de 8km dans les rues de Lille.<\/p>\n<p>Foires aux Man\u00e8ges de Printemps<br \/><strong>Avril 2026 &gt; mai 2026 \u2013 Champ de Mars<\/strong><br \/>La Foire aux Man\u00e8ges de Printemps propose environ 50 attractions pour petits et grands.<\/p>\n<p style=\"text-align: justify;\">Video Mapping Festival<br \/><strong>10 avril 2026&gt; 11 avril 2026 \u2013 Lille<\/strong><br \/>Afin de se consacrer pleinement \u00e0 cette discipline en plein d\u00e9veloppement, le Festival a pour ambition de pr\u00e9senter le mapping vid\u00e9o sous toutes ses formes (mapping monumental, sur objet, jeu vid\u00e9o, immersif, interactif\u2026)\u2026 Une vingtaine de cr\u00e9ations \u00e0 d\u00e9couvrir \u00e0 travers un parcours dans toute la ville.<\/p>\n<p><img loading=\"lazy\" decoding=\"async\" width=\"1024\" height=\"683\" src=\"https:\/\/www.europesays.com\/fr\/wp-content\/uploads\/2025\/12\/video_mapping_festival_2023_pba-1024x683.jpg\" alt=\"\" class=\"wp-image-76197\" style=\"aspect-ratio:1.4992860651486386;width:500px\"  \/><\/p>\n<p>lille3000<br \/><strong>Printemps 2026 \u2013 Gare Saint Sauveur<\/strong><br \/>lille3000 revient au printemps 2026 avec une nouvelle exposition.<\/p>\n<p style=\"text-align: justify;\">La Louche d\u2019Or : Festival international de la soupe<br \/><strong>01 mai 2026 \u2013 Place de la Nouvelle Aventure<br \/><\/strong>Le tour du monde de soupes dans le quartier de Wazemmes, en pr\u00e9sence de centaines d\u2019artistes qui cr\u00e9ent un v\u00e9ritable bouillon de culture d\u00e9bordant des rues !<\/p>\n<p style=\"text-align: justify;\">Festival Wazemmes l\u2019Accord\u00e9on<br \/><strong>02 mai 2026 &gt; 31 mai 2026 \u2013 Lille<\/strong><strong><br \/><\/strong>Ce festival de musiques actuelles est un \u00e9v\u00e9nement festif et de rassemblement inter-g\u00e9n\u00e9rationnel. Un rendez-vous accord\u00e9onesques, de (re)d\u00e9couvertes chromatiques et de spectacles diatoniques.<\/p>\n<p style=\"text-align: justify;\">Nuit Europ\u00e9enne des Mus\u00e9es<br \/><strong>23 mai 2026 \u2013 Lille<\/strong><br \/>Les mus\u00e9es lillois vous ouvrent leurs portes gratuitement une partie de la nuit. D\u00e9couvrez ou red\u00e9couvrez les collections des mus\u00e9es lillois la nuit tomb\u00e9e\u2026<\/p>\n<p style=\"text-align: justify;\">Randonn\u00e9e Cycliste Lille &gt; Hardelot<br \/><strong>07 juin 2026 \u2013 Esplanade du Champ de Mars de Lille<br \/><\/strong>D\u00e9part entre 6h et 7h45 depuis Lille pour une distance de plus de 150 km.<\/p>\n<p style=\"text-align: justify;\">Concert de Gims<br \/><strong>12 &amp; 13 juin 2026 \u2013 Decathlon Arena Stade Pierre Mauroy \u2013 Villeneuve d\u2019Ascq<\/strong><br \/>Ce concert sera l\u2019occasion de (re)d\u00e9couvrir ses plus grands titres : Ciel, Ninao, Parisienne, Air Force Blanche, Spider, Sois pas timide, Appelle ta copine\u2026<\/p>\n<p style=\"text-align: justify;\">Lille piano(s) festival <br \/><strong>Juin 2026 \u2013 Orchestre Nationale de Lille (et autres lieux de la ville)<\/strong><br \/>3 jours exceptionnels de piano, sous la direction de chefs invit\u00e9s.<\/p>\n<p style=\"text-align: justify;\">F\u00eate de la Musique<br \/><strong> 21 juin 2026 \u2013 Lille<\/strong><br \/>Tous les musiciens amateurs lillois sont invit\u00e9s \u00e0 jouer aux quatre coins de la ville ! Parall\u00e8lement, les \u00e9tablissements culturels lillois organisent des \u00e9v\u00e9nements et des concerts.<\/p>\n<p><img loading=\"lazy\" decoding=\"async\" width=\"1024\" height=\"768\" src=\"https:\/\/www.europesays.com\/fr\/wp-content\/uploads\/2025\/09\/braderie_capanga-1024x768.jpg\" alt=\"\" class=\"wp-image-79090\" style=\"aspect-ratio:1.3333333333333333;width:500px\"  \/><\/p>\n<p style=\"text-align: justify;\">Festival Lille Clef de Soleil <br \/><strong>Juin 2026 &gt; ao\u00fbt 2026 \u2013 Lille<\/strong><br \/>Chaque jeudi \u00e0 18h30, un concert de musique classique, par des artistes de renomm\u00e9e internationale. La programmation m\u00eale les grandes \u0153uvres du r\u00e9pertoire \u00e0 des cr\u00e9ations contemporaines.<\/p>\n<p style=\"text-align: justify;\">Concert de The Weeknd<br \/><strong>03 &amp; 04 juillet 2026 \u2013 Decathlon Arena Stade Pierre Mauroy \u2013 Villeneuve d\u2019Ascq<\/strong><br \/>La tourn\u00e9e c\u00e9l\u00e8bre la trilogie d\u2019albums acclam\u00e9s de The Weeknd \u2014 After Hours (2020), Dawn FM (2022) et Hurry Up Tomorrow (2025) \u2014 et met en avant ses plus grands succ\u00e8s.<\/p>\n<p style=\"text-align: justify;\">Lille Aventure Nature<br \/><strong>Juillet 2026 &gt; ao\u00fbt 2026 \u2013 Lille Bois-Blancs<\/strong><br \/>Un village de loisirs avec des animations pour tous<\/p>\n<p style=\"text-align: justify;\">F\u00eate Nationale<br \/><strong> 14 Juillet 2026 \u2013 Lille<\/strong><br \/>Lille comm\u00e9more la prise de la Bastille ! La ville pavois\u00e9e est le th\u00e9\u00e2tre d\u2019un d\u00e9fil\u00e9 militaire le matin et d\u2019un superbe spectacle pyrotechnique (\u00e0 23h sur le Champ de Mars).<\/p>\n<p style=\"text-align: justify;\">Foire aux Man\u00e8ges<br \/><strong>Fin ao\u00fbt 2026 &gt; Fin septembre 2026 \u2013 Champ de Mars<\/strong><br \/>Avec plus de 180 attractions, la Foire aux Man\u00e8ges de Lille se place au tout premier rang des f\u00eates foraines de France. Avis aux amateurs de sensations fortes, de foule, de barbe \u00e0 papa et de pommes d\u2019amour !<\/p>\n<p><img loading=\"lazy\" decoding=\"async\" width=\"1024\" height=\"683\" src=\"https:\/\/www.europesays.com\/fr\/wp-content\/uploads\/2025\/12\/foire_maneges_lille_2024_03-1024x683.jpg\" alt=\"\" class=\"wp-image-78679\" style=\"aspect-ratio:1.499267935578331;width:500px\"  \/><\/p>\n<p style=\"text-align: justify;\">Braderie de Lille<br \/><strong>\u00a005 septembre 2026 &gt; 06 septembre 2026 \u2013 Lille<\/strong><br \/>Du samedi au dimanche : 2 jours pour tout vendre et tout acheter sur le plus grand march\u00e9 aux puces d\u2019Europe. 80 km d\u2019\u00e9tals, 8 000 vendeurs et 1 \u00e0 2 millions de visiteurs ! Sans oublier la d\u00e9gustation de moules frites.<\/p>\n<p style=\"text-align: justify;\">Journ\u00e9es Europ\u00e9ennes du Patrimoine<br \/><strong>19 septembre 2026 &gt; 20 septembre 2026 \u2013 Lille<\/strong><br \/>De nombreux lieux lillois sont ouverts aux publics.<\/p>\n<p style=\"text-align: justify;\">Lille Street Food Festival <br \/><strong>D\u00e9but octobre 2026 \u2013 Euratechnologies<br \/><\/strong>Le Lille Street Food Festival met \u00e0 l\u2019honneur les chefs de la m\u00e9tropole passionn\u00e9s par la food culture et leur savoir-faire ! V\u00e9ritable vivier de jeunes chefs talentueux qui font vibrer le c\u0153ur de la gastronomie locale, la m\u00e9tropole lilloise s\u2019inscrit parmi les destinations food reconnues \u00e0 l\u2019\u00e9chelle europ\u00e9enne. Une occasion de se retrouver autour d\u2019un verre et d\u2019une belle assiette dans une ambiance conviviale et bon enfant.<\/p>\n<p>Festival International du Court M\u00e9trage<br \/><strong>Septembre 2026 \u2013 Lille<br \/><\/strong>Comp\u00e9titions internationales (animation, fiction, exp\u00e9rimental, film tr\u00e8s court).<\/p>\n<p style=\"text-align: justify;\">La Grande F\u00eate Lilloise du Cirque<br \/><strong>Octobre 2026 &gt; novembre 2026 \u2013 Champ de Mars<\/strong><br \/>Durant plus de 2h, le spectacle familial de la Grande F\u00eate Lilloise du Cirque vous fera frissonner, rire et vibrer gr\u00e2ce aux nombreux artistes venus du monde entier.<\/p>\n<p><img loading=\"lazy\" decoding=\"async\" width=\"1024\" height=\"683\" src=\"https:\/\/www.europesays.com\/fr\/wp-content\/uploads\/2025\/12\/cirque_lille_2019_01-1024x683.jpg\" alt=\"\" class=\"wp-image-39700\" style=\"aspect-ratio:1.499267935578331;object-fit:cover;width:500px\"  \/><\/p>\n<p>Marathon de Lille <br \/><strong>25 octobre 2026 \u2013 Lille<\/strong><br \/>31 ans apr\u00e8s la derni\u00e8re \u00e9dition, le marathon international de Lille fera son grand retour en terres lilloises \u00e0 l\u2019automne 2026. A noter qu\u2019un semi-marathon &amp; un 10km sont \u00e9galement pr\u00e9vues.<\/p>\n<p style=\"text-align: justify;\">Le Perno Festival<br \/><strong>Novembre 2026 \u2013 Lille<\/strong><br \/>Depuis plus de 30 ans, \u00ab Le P\u00e8re No\u00ebl est-il un Rocker? \u00bb est une association qui organise chaque ann\u00e9e Le Perno Festival, un festival de musique solidaire qui se r\u00e9sume par l\u2019\u00e9quation : 1 place de concert = 1 jouet offert = 1 enfant heureux.<\/p>\n<p style=\"text-align: justify;\">F\u00eates de Fin d\u2019Ann\u00e9e<br \/><strong> Novembre 2026 &gt; Janvier 2027 \u2013 Place Rihour \u2013 Grand\u2019Place \u2013 Place du Th\u00e9\u00e2tre<br \/><\/strong>En plein c\u0153ur de l\u2019hiver, Lille \u00e9tincelle et rayonne de joie de vivre ! D\u2019un coup de baguette magique, la ville rev\u00eat ses habits de f\u00eate pour vous accueillir dans une ambiance f\u00e9erique. Les chalets du Village de No\u00ebl regorgent d\u2019id\u00e9es cadeaux, de santons, de d\u00e9corations pour le sapin et de produits festifs, tandis que la Grande Roue tourne majestueusement au milieu d\u2019un somptueux d\u00e9cor et offre une vue incroyable sur la ville.<\/p>\n<p><img loading=\"lazy\" decoding=\"async\" width=\"1024\" height=\"678\" src=\"https:\/\/www.europesays.com\/fr\/wp-content\/uploads\/2025\/11\/noel2017_01-1024x678.jpg\" alt=\"\" class=\"wp-image-24897\" style=\"aspect-ratio:1.5103244837758112;width:500px\"  \/><\/p>\n<p class=\"has-text-align-right\">Photos : \u00a9 Zoom Sur Lille<\/p>\n","protected":false},"excerpt":{"rendered":"Zoom Sur Lille vous propose quelques grandes dates pour cette ann\u00e9e 2026 Spectacle-D\u00eener spectacle \u00ab\u00a0Fabricurious\u00a0\u00bb09 janvier 2026 &gt;&hellip;\n","protected":false},"author":2,"featured_media":630765,"comment_status":"","ping_status":"","sticky":false,"template":"","format":"standard","meta":{"footnotes":""},"categories":[2815],"tags":[1111,11,1063,5398,4156,1777,674,849,3274,8260,1011,27,73974,811,708,1307,3276,29658,7107,12,25,210],"class_list":{"0":"post-630764","1":"post","2":"type-post","3":"status-publish","4":"format-standard","5":"has-post-thumbnail","7":"category-lille","8":"tag-actu","9":"tag-actualites","10":"tag-animations","11":"tag-cirque","12":"tag-concerts","13":"tag-eu","14":"tag-europe","15":"tag-festival","16":"tag-fiesta","17":"tag-foire-aux-maneges","18":"tag-fr","19":"tag-france","20":"tag-grandes-dates-2024","21":"tag-hauts-de-france","22":"tag-humour","23":"tag-lille","24":"tag-lille3000","25":"tag-magie","26":"tag-musees","27":"tag-news","28":"tag-republique-francaise","29":"tag-tour-de-france"},"share_on_mastodon":{"url":"","error":""},"_links":{"self":[{"href":"https:\/\/www.europesays.com\/fr\/wp-json\/wp\/v2\/posts\/630764","targetHints":{"allow":["GET"]}}],"collection":[{"href":"https:\/\/www.europesays.com\/fr\/wp-json\/wp\/v2\/posts"}],"about":[{"href":"https:\/\/www.europesays.com\/fr\/wp-json\/wp\/v2\/types\/post"}],"author":[{"embeddable":true,"href":"https:\/\/www.europesays.com\/fr\/wp-json\/wp\/v2\/users\/2"}],"replies":[{"embeddable":true,"href":"https:\/\/www.europesays.com\/fr\/wp-json\/wp\/v2\/comments?post=630764"}],"version-history":[{"count":0,"href":"https:\/\/www.europesays.com\/fr\/wp-json\/wp\/v2\/posts\/630764\/revisions"}],"wp:featuredmedia":[{"embeddable":true,"href":"https:\/\/www.europesays.com\/fr\/wp-json\/wp\/v2\/media\/630765"}],"wp:attachment":[{"href":"https:\/\/www.europesays.com\/fr\/wp-json\/wp\/v2\/media?parent=630764"}],"wp:term":[{"taxonomy":"category","embeddable":true,"href":"https:\/\/www.europesays.com\/fr\/wp-json\/wp\/v2\/categories?post=630764"},{"taxonomy":"post_tag","embeddable":true,"href":"https:\/\/www.europesays.com\/fr\/wp-json\/wp\/v2\/tags?post=630764"}],"curies":[{"name":"wp","href":"https:\/\/api.w.org\/{rel}","templated":true}]}}