{"id":630768,"date":"2025-12-30T22:07:17","date_gmt":"2025-12-30T22:07:17","guid":{"rendered":"https:\/\/www.europesays.com\/fr\/630768\/"},"modified":"2025-12-30T22:07:17","modified_gmt":"2025-12-30T22:07:17","slug":"sept-licenciements-a-lhotel-saint-charles-de-marseille","status":"publish","type":"post","link":"https:\/\/www.europesays.com\/fr\/630768\/","title":{"rendered":"Sept licenciements \u00e0 l&rsquo;h\u00f4tel Saint-Charles de Marseille"},"content":{"rendered":"<p>Ce mardi 30\u00a0d\u00e9cembre au matin, malgr\u00e9 le froid, ils sont une dizaine \u00e0 agiter les banderoles et \u00e0 taper sur les casseroles. Devant l\u2019entr\u00e9e de l\u2019h\u00f4tel centre <a href=\"https:\/\/www.laprovence.com\/article\/societe\/3253858294613\/circulation-des-trains-perturbee-en-gare-saint-charles-a-marseille-en-raison-dun-bagage-abandonne\" target=\"_blank\" rel=\"noopener\">gare Saint-Charles<\/a>, boulevard Maurice-Bourdet (1er), le bruit attire l\u2019attention des passants. Il r\u00e9sonne aussi dans la salle du petit-d\u00e9jeuner o\u00f9 les touristes terminent leurs croissants. Dehors, les employ\u00e9s de l\u2019ex-Holiday Inn, en gr\u00e8ve depuis la veille, gardent le rythme. Au lendemain de No\u00ebl, les 25 salari\u00e9s de <a href=\"https:\/\/www.laprovence.com\/article\/guide-shopping\/12427720501201\/les-11-meilleurs-hotels-spa-en-paca-les-adresses-incontournables-pour-une-escapade-bien-etre\" target=\"_blank\" rel=\"noopener\">l\u2019\u00e9tablissement<\/a>, dont seize au nettoyage, ont appris que sept d\u2019entre eux seront <a href=\"https:\/\/www.laprovence.com\/article\/region\/251281447386515\/a-laeroport-marseille-provence-des-salaries-vires-pour-avoir-donne-des-invendus-accusent-leur-direction\" target=\"_blank\" rel=\"noopener\">licenci\u00e9s<\/a> \u00ab\u00a0pour raison \u00e9conomique\u00a0\u00bb.<\/p>\n<p>Alors, sur le trottoir, ils le savent, ils jouent leur survie. Toufik Ghodbane, \u00e9quipier ici depuis \u00ab\u00a015\u00a0ans et six mois\u00a0\u00bb est concern\u00e9. \u00ab\u00a0On l\u2019a appris par visio le 26\u00a0d\u00e9cembre, \u00e7a a \u00e9t\u00e9 brutal, souligne le repr\u00e9sentant syndical CNT-SO. La RH nous a justifi\u00e9 ces licenciements pour raisons \u00e9conomiques mais tout est opaque\u00a0: les r\u00e9sultats financiers du groupe sont plut\u00f4t bons et parmi les salari\u00e9s vis\u00e9s, on ne retrouve que des syndiqu\u00e9s ou des personnalit\u00e9s qui n\u2019ont pas peur de dire les choses\u2026\u00a0\u00bb Sur la pancarte qu\u2019il soul\u00e8ve, un slogan repris par ses coll\u00e8gues\u00a0: \u00ab\u00a0On n\u2019est pas des chiffres, on est des \u00eatres humains\u00a0\u00bb.<\/p>\n<p>\u00ab\u00a0Rien n\u2019est clair dans cette annonce\u00a0\u00bb<\/p>\n<p>\u00c0 c\u00f4t\u00e9 de l\u2019entr\u00e9e principale, un panneau viss\u00e9 indique que l\u2019h\u00f4tel de 120 chambres s\u2019appr\u00eate \u00e0 \u00ab\u00a0se transformer\u00a0\u00bb pour devenir un \u00ab\u00a0Novotel\u00a0\u00bb. Le 12\u00a0janvier en effet, les travaux d\u00e9buteront dans les \u00e9tages de l\u2019\u00e9tablissement rachet\u00e9 en\u00a02023 par le groupe h\u00f4telier Alboran, cr\u00e9\u00e9 en\u00a02016 et propri\u00e9taire de 28 h\u00f4tels en France.<\/p>\n<p>\u00ab\u00a0Est-ce que la direction ne profiterait tout simplement pas de ces travaux de transformation en h\u00f4tel quatre \u00e9toiles pour se s\u00e9parer d\u2019une partie de ses salari\u00e9s au lieu de les placer en ch\u00f4mage partiel\u00a0?\u00a0\u00bb, questionne une employ\u00e9e solidaire. \u00c0 ses c\u00f4t\u00e9s, Ga\u00eblle Barbero, d\u00e9fenseure syndicale CNT-SO, acquiesce. \u00ab\u00a0La strat\u00e9gie est connue, le groupe rach\u00e8te des h\u00f4tels en crise et renouvelle ses \u00e9quipes. En tout cas, rien n\u2019est clair dans cette annonce de la RH, qui ne respecte en tout cas pas le droit. On ne va pas en rester l\u00e0\u00a0\u00bb, promet-elle.<\/p>\n<p><img alt=\"D\u00e9j\u00e0 en gr\u00e8ve en 2016, pour le versement de leur prime de fin d\u2019ann\u00e9e, les salari\u00e9s avaient obtenu gain de cause.\" loading=\"lazy\" decoding=\"async\" data-nimg=\"fill\" class=\" TwicCore_img__i9TC1 undefined  undefined\" style=\"position:absolute;height:100%;width:100%;left:0;top:0;right:0;bottom:0;color:transparent;background-size:cover;background-position:50% 50%;background-repeat:no-repeat;background-image:url(&quot;data:image\/svg+xml;charset=utf-8,%3Csvg xmlns='http:\/\/www.w3.org\/2000\/svg' %3E%3Cfilter id='b' color-interpolation-filters='sRGB'%3E%3CfeGaussianBlur stdDeviation='20'\/%3E%3CfeColorMatrix values='1 0 0 0 0 0 1 0 0 0 0 0 1 0 0 0 0 0 100 -1' result='s'\/%3E%3CfeFlood x='0' y='0' width='100%25' height='100%25'\/%3E%3CfeComposite operator='out' in='s'\/%3E%3CfeComposite in2='SourceGraphic'\/%3E%3CfeGaussianBlur stdDeviation='20'\/%3E%3C\/filter%3E%3Cimage width='100%25' height='100%25' x='0' y='0' preserveAspectRatio='none' style='filter: url(%23b);' href='https:\/\/pictures.laprovence.com\/cdn-cgi\/image\/blur=250\/media\/melody\/2025\/12\/30\/devant-l-hotel-saint-charles-les-salaries-protestent-depuis-lundi-contre-sept-licenciements-qu-ils-j-1767115970_aea615ede3596d2b615ede359e6b61v_.jpg'\/%3E%3C\/svg%3E&quot;)\"   src=\"https:\/\/www.europesays.com\/fr\/wp-content\/uploads\/2025\/12\/devant-l-hotel-saint-charles-les-salaries-protestent-depuis-lundi-contre-sept-licenciements-qu-ils-j.jpeg\"\/>D\u00e9j\u00e0 en gr\u00e8ve en 2016, pour le versement de leur prime de fin d\u2019ann\u00e9e, les salari\u00e9s avaient obtenu gain de cause. \/ Photo Ch.C.<\/p>\n<p>D\u00e9j\u00e0 en gr\u00e8ve en\u00a02016, pour le versement de leur prime de fin d\u2019ann\u00e9e, les salari\u00e9s avaient obtenu gain de cause. \u00ab\u00a0C\u2019est pour cela que nous ne l\u00e2cherons pas\u00a0\u00bb, insiste le repr\u00e9sentant du personnel, Toufik Ghodbane. Contact\u00e9e, la direction n\u2019a pas souhait\u00e9 s\u2019exprimer.<\/p>\n","protected":false},"excerpt":{"rendered":"Ce mardi 30\u00a0d\u00e9cembre au matin, malgr\u00e9 le froid, ils sont une dizaine \u00e0 agiter les banderoles et \u00e0&hellip;\n","protected":false},"author":2,"featured_media":630769,"comment_status":"","ping_status":"","sticky":false,"template":"","format":"standard","meta":{"footnotes":""},"categories":[2814],"tags":[17,1111,11,1777,674,1011,27,12170,353,884,12,882,25,1178,2559,104],"class_list":{"0":"post-630768","1":"post","2":"type-post","3":"status-publish","4":"format-standard","5":"has-post-thumbnail","7":"category-marseille","8":"tag-17","9":"tag-actu","10":"tag-actualites","11":"tag-eu","12":"tag-europe","13":"tag-fr","14":"tag-france","15":"tag-lhotel","16":"tag-licenciements","17":"tag-marseille","18":"tag-news","19":"tag-provence-alpes-cote-dazur","20":"tag-republique-francaise","21":"tag-saint-charles","22":"tag-sept","23":"tag-societe"},"share_on_mastodon":{"url":"https:\/\/pubeurope.com\/@fr\/115810798419802738","error":""},"_links":{"self":[{"href":"https:\/\/www.europesays.com\/fr\/wp-json\/wp\/v2\/posts\/630768","targetHints":{"allow":["GET"]}}],"collection":[{"href":"https:\/\/www.europesays.com\/fr\/wp-json\/wp\/v2\/posts"}],"about":[{"href":"https:\/\/www.europesays.com\/fr\/wp-json\/wp\/v2\/types\/post"}],"author":[{"embeddable":true,"href":"https:\/\/www.europesays.com\/fr\/wp-json\/wp\/v2\/users\/2"}],"replies":[{"embeddable":true,"href":"https:\/\/www.europesays.com\/fr\/wp-json\/wp\/v2\/comments?post=630768"}],"version-history":[{"count":0,"href":"https:\/\/www.europesays.com\/fr\/wp-json\/wp\/v2\/posts\/630768\/revisions"}],"wp:featuredmedia":[{"embeddable":true,"href":"https:\/\/www.europesays.com\/fr\/wp-json\/wp\/v2\/media\/630769"}],"wp:attachment":[{"href":"https:\/\/www.europesays.com\/fr\/wp-json\/wp\/v2\/media?parent=630768"}],"wp:term":[{"taxonomy":"category","embeddable":true,"href":"https:\/\/www.europesays.com\/fr\/wp-json\/wp\/v2\/categories?post=630768"},{"taxonomy":"post_tag","embeddable":true,"href":"https:\/\/www.europesays.com\/fr\/wp-json\/wp\/v2\/tags?post=630768"}],"curies":[{"name":"wp","href":"https:\/\/api.w.org\/{rel}","templated":true}]}}