{"id":63077,"date":"2025-04-30T00:23:10","date_gmt":"2025-04-30T00:23:10","guid":{"rendered":"https:\/\/www.europesays.com\/fr\/63077\/"},"modified":"2025-04-30T00:23:10","modified_gmt":"2025-04-30T00:23:10","slug":"jean-marie-delbos-victime-zero-de-betharram-liberation","status":"publish","type":"post","link":"https:\/\/www.europesays.com\/fr\/63077\/","title":{"rendered":"Jean-Marie Delbos, \u00abvictime z\u00e9ro\u00bb de B\u00e9tharram \u2013 Lib\u00e9ration"},"content":{"rendered":"<p class=\"sc-ksZaOG ehjQrN text-element\">Pour Jean-Marie Delbos, 79 ans et quelques cancers, B\u00e9tharram, c\u2019est le combat d\u2019une vie. Ou plut\u00f4t le combat pour sa vie. Comme il existe un patient z\u00e9ro \u2015 le premier qui contracte une maladie lors des grandes \u00e9pid\u00e9mies \u2015, le B\u00e9arnais est la \u00abvictime z\u00e9ro\u00bb de l\u2019immense scandale de B\u00e9tharram, ce fleuron de l\u2019enseignement catholique dans les Pyr\u00e9en\u00e9es-Atlantiques qui, pendant des d\u00e9cennies, <a href=\"https:\/\/www.liberation.fr\/societe\/education\/derriere-les-murs-du-college-betharram-les-combines-des-pretres-directeurs-pour-maintenir-le-silence-20250407_WI2AP4FFIJCWBEP5NO3NQUUTAQ\/\" target=\"_blank\" rel=\"noopener\">a consciencieusement camoufl\u00e9 la terreur et la perversit\u00e9 qui y r\u00e9gnaient<\/a>. Le retrait\u00e9 de la police est le premier \u00e0 avoir publiquement r\u00e9v\u00e9l\u00e9 cet oc\u00e9an d\u2019horreurs, le premier de la longue liste de ceux qui, ces derniers mois, portent, les uns apr\u00e8s les autres, leur dossier au procureur de la R\u00e9publique de Pau \u2015 200 jusqu\u2019\u00e0 pr\u00e9sent.<\/p>\n<p class=\"sc-ksZaOG ehjQrN text-element\">\u00abPersonne ne m\u2019interdit de parler\u00bb, lance Jean-Marie Delbos, attabl\u00e9, ce jour de printemps, devant une eau gazeuse. Personne (ni rien) n\u2019arr\u00eate le B\u00e9arnais, grande gueule et forte t\u00eate. Dans ce genre de mauvaises affaires, il en faut toujours des capables de foncer dans le tas. Le dos cass\u00e9, marchant difficilement avec une b\u00e9quille, il a roul\u00e9 une centaine de kilom\u00e8tres depuis son village natal Castetnau-Camblong, dans le B\u00e9arn, jusqu\u2019\u00e0 Lourdes. C\u2019est la deuxi\u00e8me fois qu\u2019on s\u2019y rencontre.<\/p>\n<p class=\"sc-ksZaOG ehjQrN text-element\">Il y a trois ans et demi, le 6 novembre 2021, Jean-Marie Del<\/p>\n","protected":false},"excerpt":{"rendered":"Pour Jean-Marie Delbos, 79 ans et quelques cancers, B\u00e9tharram, c\u2019est le combat d\u2019une vie. Ou plut\u00f4t le combat&hellip;\n","protected":false},"author":2,"featured_media":63078,"comment_status":"","ping_status":"","sticky":false,"template":"","format":"standard","meta":{"footnotes":""},"categories":[2],"tags":[11,11870,11863,1011,27,12,25,799],"class_list":{"0":"post-63077","1":"post","2":"type-post","3":"status-publish","4":"format-standard","5":"has-post-thumbnail","7":"category-actualites","8":"tag-actualites","9":"tag-betharram","10":"tag-catholicisme","11":"tag-fr","12":"tag-france","13":"tag-news","14":"tag-republique-francaise","15":"tag-violences-sexuelles"},"share_on_mastodon":{"url":"https:\/\/pubeurope.com\/@fr\/114424067155725615","error":""},"_links":{"self":[{"href":"https:\/\/www.europesays.com\/fr\/wp-json\/wp\/v2\/posts\/63077","targetHints":{"allow":["GET"]}}],"collection":[{"href":"https:\/\/www.europesays.com\/fr\/wp-json\/wp\/v2\/posts"}],"about":[{"href":"https:\/\/www.europesays.com\/fr\/wp-json\/wp\/v2\/types\/post"}],"author":[{"embeddable":true,"href":"https:\/\/www.europesays.com\/fr\/wp-json\/wp\/v2\/users\/2"}],"replies":[{"embeddable":true,"href":"https:\/\/www.europesays.com\/fr\/wp-json\/wp\/v2\/comments?post=63077"}],"version-history":[{"count":0,"href":"https:\/\/www.europesays.com\/fr\/wp-json\/wp\/v2\/posts\/63077\/revisions"}],"wp:featuredmedia":[{"embeddable":true,"href":"https:\/\/www.europesays.com\/fr\/wp-json\/wp\/v2\/media\/63078"}],"wp:attachment":[{"href":"https:\/\/www.europesays.com\/fr\/wp-json\/wp\/v2\/media?parent=63077"}],"wp:term":[{"taxonomy":"category","embeddable":true,"href":"https:\/\/www.europesays.com\/fr\/wp-json\/wp\/v2\/categories?post=63077"},{"taxonomy":"post_tag","embeddable":true,"href":"https:\/\/www.europesays.com\/fr\/wp-json\/wp\/v2\/tags?post=63077"}],"curies":[{"name":"wp","href":"https:\/\/api.w.org\/{rel}","templated":true}]}}