{"id":630777,"date":"2025-12-30T22:13:17","date_gmt":"2025-12-30T22:13:17","guid":{"rendered":"https:\/\/www.europesays.com\/fr\/630777\/"},"modified":"2025-12-30T22:13:17","modified_gmt":"2025-12-30T22:13:17","slug":"spectacle-visuel-feu-dartifice-quest-ce-qui-vous-attend-a-paris-pour-la-saint-sylvestre","status":"publish","type":"post","link":"https:\/\/www.europesays.com\/fr\/630777\/","title":{"rendered":"Spectacle visuel, feu d&rsquo;artifice&#8230; qu&rsquo;est-ce qui vous attend \u00e0 Paris pour la Saint-Sylvestre ?"},"content":{"rendered":"<ul class=\"jsx-862013697 ArticleChapo__List\">\n<li class=\"jsx-862013697 ArticleChapo__List_Item flex\">Un grand spectacle visuel est pr\u00e9vu sur l\u2019Arc de Triomphe pour basculer vers 2026 avant le traditionnel feu d&rsquo;artifice.<\/li>\n<li class=\"jsx-862013697 ArticleChapo__List_Item flex\">Acc\u00e8s filtr\u00e9s, stations ferm\u00e9es et dispositif de s\u00e9curit\u00e9 renforc\u00e9&#8230; on vous explique tout ce qu&rsquo;il faut anticiper.<\/li>\n<\/ul>\n<p data-module=\"article-paragraph\" class=\"jsx-157965717 Paragraph Paragraph__End\">Apr\u00e8s la d\u00e9ception pour beaucoup de <a href=\"https:\/\/www.tf1info.fr\/justice-faits-divers\/fete-de-fin-d-annee-concert-annule-sur-les-champs-elysees-et-mesures-de-securite-renforcees-sur-les-marches-de-noel-2410609.html\" target=\"_blank\" rel=\"noopener\">l&rsquo;annulation du concert (nouvelle fen\u00eatre)<\/a> du Nouvel An, Paris va miser cette ann\u00e9e sur l&rsquo;image et l&rsquo;\u00e9motion pour le passage \u00e0 2026. D\u00e8s 23h50 ce mercredi, un mapping vid\u00e9o monumental sera projet\u00e9 sur l&rsquo;Arc de Triomphe. Con\u00e7u par l\u2019agence AV Extended sous la direction artistique de J\u00e9r\u00e9mie Bellot, le spectacle mettra en sc\u00e8ne \u00ab\u00a0le Paris des arts et des id\u00e9es : une ville atelier, une ville sc\u00e8ne, une ville livre\u00a0\u00bb, explique la mairie de la capitale sur son site Internet.<\/p>\n<p data-module=\"article-paragraph\" class=\"jsx-157965717 Paragraph Paragraph__End\">La fresque sera accompagn\u00e9e d\u2019une cr\u00e9ation musicale originale sign\u00e9e Ena Eno et Andr\u00e9 Manoukian, avant le compte \u00e0 rebours vers minuit. Plusieurs tableaux ponctueront la projection, dont un hommage au jumelage entre Paris et Rome, qui f\u00eatera ses 70 ans en 2026, ainsi que des clins d&rsquo;\u0153il au sport parisien, marqu\u00e9 cette ann\u00e9e par les <a href=\"https:\/\/www.tf1info.fr\/sport\/football-trophees-matchs-buts-victoires-palmares-2025-l-annee-record-du-psg-paris-saint-germain-en-chiffres-2413629.html\" target=\"_blank\" rel=\"noopener\">performances du PSG (nouvelle fen\u00eatre)<\/a>.<\/p>\n<p>Feu d&rsquo;artifice maintenu<\/p>\n<p data-module=\"article-paragraph\" class=\"jsx-157965717 Paragraph\">\u00c0 minuit pile, le traditionnel feu d\u2019artifice prendra le relais. Il d\u00e9butera par un flash blanc total, suivi d\u2019une d\u00e9ferlante de lumi\u00e8res dor\u00e9es, argent\u00e9es et bleues, illuminant la fa\u00e7ade de l\u2019Arc de Triomphe. La bande-son de ce moment-cl\u00e9 sera enti\u00e8rement port\u00e9e par des artistes f\u00e9minines, avec des titres actuels, et \u00ab\u00a0un clin d&rsquo;\u0153il musical \u00e0 l\u2019Italie\u00a0\u00bb, pr\u00e9cise encore la Ville. Le spectacle se conclura sur Imagine de John Lennon, \u00ab\u00a0pour d\u00e9buter l\u2019ann\u00e9e dans un esprit de paix, d\u2019espoir et de fraternit\u00e9\u00a0\u00bb.<\/p>\n<p data-module=\"article-paragraph\" class=\"jsx-157965717 Paragraph Paragraph__End\">L\u2019entr\u00e9e se fera exclusivement par des points de filtrage, avec palpations de s\u00e9curit\u00e9 et contr\u00f4le des sacs. La vente et la consommation d\u2019alcool sur la voie publique seront interdites dans le p\u00e9rim\u00e8tre s\u00e9curis\u00e9, dont la carte est accessible sur le site de la Ville de Paris, tout comme les artifices et tout objet pouvant servir de projectile.<\/p>\n<p>Important dispositif de s\u00e9curit\u00e9<\/p>\n<p data-module=\"article-paragraph\" class=\"jsx-157965717 Paragraph\">L\u2019entr\u00e9e se fera exclusivement par des points de filtrage, avec palpations de s\u00e9curit\u00e9 et contr\u00f4le des sacs. La vente et la consommation d\u2019alcool sur la voie publique seront interdites dans le p\u00e9rim\u00e8tre s\u00e9curis\u00e9, dont la carte est accessible sur le site de la Ville de Paris, tout comme les artifices et tout objet pouvant servir de projectile.<\/p>\n<p data-module=\"article-paragraph\" class=\"jsx-157965717 Paragraph Paragraph__End\">Les terrasses de la plus c\u00e9l\u00e8bre avenue de Paris devront \u00e9galement \u00eatre enti\u00e8rement d\u00e9barrass\u00e9es de leur mobilier jusqu\u2019au petit matin. C\u00f4t\u00e9 transports, de nombreuses stations de m\u00e9tro fermeront d\u00e8s l\u2019apr\u00e8s-midi, notamment Charles-de-Gaulle\u2013\u00c9toile, Concorde ou Franklin D. Roosevelt, avant des r\u00e9ouvertures progressives \u00e0 partir d&rsquo;une heure du matin, dans le cadre du plan transport sp\u00e9cial Nouvel An.<\/p>\n<blockquote class=\"jsx-2786790838 Quote__Text\"><p>Les rassemblements festifs, on les encadre, mais on ne tol\u00e8re pas les violences<\/p><\/blockquote>\n<p>Laurent Nunez, minsitre de l&rsquo;Int\u00e9rieur<\/p>\n<p data-module=\"article-paragraph\" class=\"jsx-157965717 Paragraph Paragraph__End\">En l\u2019absence de concert, annul\u00e9 pour limiter les risques de mouvements de foule, les autorit\u00e9s ont donc opt\u00e9 pour un format plus ma\u00eetris\u00e9. \u00ab\u00a0Les rassemblements festifs, on les encadre, mais on ne tol\u00e8re pas les violences\u00a0\u00bb, a pr\u00e9venu le ministre de l\u2019Int\u00e9rieur Laurent Nu\u00f1ez, appelant les forces de l\u2019ordre \u00e0 faire preuve de \u00ab\u00a0r\u00e9activit\u00e9 et de fermet\u00e9\u00a0\u00bb en cas d\u2019incident. Pour cela, environ 10.000 policiers et gendarmes seront <a href=\"https:\/\/www.tf1info.fr\/justice-faits-divers\/reactivite-et-fermete-90-000-policiers-crs-voici-le-dispositif-de-securite-pour-le-reveillon-du-nouvel-an-2415639.html\" target=\"_blank\" rel=\"noopener\">mobilis\u00e9s pour la nuit (nouvelle fen\u00eatre)<\/a> du 31 d\u00e9cembre.<\/p>\n<p><a href=\"https:\/\/www.tf1info.fr\/sante\/association-prevention-routiere-accidents-alcootest-huit-francais-sur-dix-boiront-de-l-alcool-au-nouvel-an-il-est-essentiel-d-anticiper-son-retour-2415667.html\" rel=\"noopener\" class=\"jsx-3308031228 Link flex\" target=\"_blank\"><img decoding=\"async\" src=\"https:\/\/www.europesays.com\/fr\/wp-content\/uploads\/2025\/12\/repas-consommation-alcool-c29950-0@1x.jpeg\" alt=\"Getty Images\" loading=\"lazy\" importance=\"low\" fetchpriority=\"low\" class=\"\" aria-hidden=\"true\"\/><\/p>\n<p class=\"jsx-3657663356 ReadMoreArticle__Title\">Lire aussi<\/p>\n<p class=\"jsx-3657663356\">Huit Fran\u00e7ais sur dix boiront de l&rsquo;alcool au Nouvel An : \u00ab\u00a0Il est essentiel d&rsquo;anticiper son retour\u00a0\u00bb<\/p>\n<p><\/a><\/p>\n<p data-module=\"article-paragraph\" class=\"jsx-157965717 Paragraph Paragraph__End\">Une forte affluence est attendue non seulement sur les Champs-\u00c9lys\u00e9es, mais aussi au Trocad\u00e9ro, au Champ-de-Mars, pr\u00e8s de la tour Eiffel, aux Halles ou encore \u00e0 Montmartre. \u00ab\u00a0On ne s\u2019attend pas \u00e0 plus d\u2019incidents que l\u2019an pass\u00e9, mais c\u2019est d\u00e9j\u00e0 beaucoup trop\u00a0\u00bb, a insist\u00e9 le num\u00e9ro 2 du gouvernement. Alors conseil : t\u00e2chez d&rsquo;arriver t\u00f4t et de vous v\u00eatir chaudement car les temp\u00e9ratures pourraient passer en n\u00e9gatif en milieu de soir\u00e9e.<\/p>\n<p>AA<\/p>\n","protected":false},"excerpt":{"rendered":"Un grand spectacle visuel est pr\u00e9vu sur l\u2019Arc de Triomphe pour basculer vers 2026 avant le traditionnel feu&hellip;\n","protected":false},"author":2,"featured_media":630778,"comment_status":"","ping_status":"","sticky":false,"template":"","format":"standard","meta":{"footnotes":""},"categories":[1888],"tags":[1111,1928,11,1927,1921,1777,674,1011,27,1922,6246,5454,2041,12,1926,39117,626,1925,1072,93,25,133,2040],"class_list":{"0":"post-630777","1":"post","2":"type-post","3":"status-publish","4":"format-standard","5":"has-post-thumbnail","7":"category-paris","8":"tag-actu","9":"tag-actu-paris","10":"tag-actualites","11":"tag-actualites-paris","12":"tag-article-video","13":"tag-eu","14":"tag-europe","15":"tag-fr","16":"tag-france","17":"tag-info","18":"tag-john-lennon","19":"tag-laurent-nunez","20":"tag-medias-et-divertissement","21":"tag-news","22":"tag-news-paris","23":"tag-nouvel-an","24":"tag-paris","25":"tag-paris-news","26":"tag-police","27":"tag-psg","28":"tag-republique-francaise","29":"tag-video","30":"tag-video-culture"},"share_on_mastodon":{"url":"https:\/\/pubeurope.com\/@fr\/115810821976359947","error":""},"_links":{"self":[{"href":"https:\/\/www.europesays.com\/fr\/wp-json\/wp\/v2\/posts\/630777","targetHints":{"allow":["GET"]}}],"collection":[{"href":"https:\/\/www.europesays.com\/fr\/wp-json\/wp\/v2\/posts"}],"about":[{"href":"https:\/\/www.europesays.com\/fr\/wp-json\/wp\/v2\/types\/post"}],"author":[{"embeddable":true,"href":"https:\/\/www.europesays.com\/fr\/wp-json\/wp\/v2\/users\/2"}],"replies":[{"embeddable":true,"href":"https:\/\/www.europesays.com\/fr\/wp-json\/wp\/v2\/comments?post=630777"}],"version-history":[{"count":0,"href":"https:\/\/www.europesays.com\/fr\/wp-json\/wp\/v2\/posts\/630777\/revisions"}],"wp:featuredmedia":[{"embeddable":true,"href":"https:\/\/www.europesays.com\/fr\/wp-json\/wp\/v2\/media\/630778"}],"wp:attachment":[{"href":"https:\/\/www.europesays.com\/fr\/wp-json\/wp\/v2\/media?parent=630777"}],"wp:term":[{"taxonomy":"category","embeddable":true,"href":"https:\/\/www.europesays.com\/fr\/wp-json\/wp\/v2\/categories?post=630777"},{"taxonomy":"post_tag","embeddable":true,"href":"https:\/\/www.europesays.com\/fr\/wp-json\/wp\/v2\/tags?post=630777"}],"curies":[{"name":"wp","href":"https:\/\/api.w.org\/{rel}","templated":true}]}}