{"id":630807,"date":"2025-12-30T22:29:11","date_gmt":"2025-12-30T22:29:11","guid":{"rendered":"https:\/\/www.europesays.com\/fr\/630807\/"},"modified":"2025-12-30T22:29:11","modified_gmt":"2025-12-30T22:29:11","slug":"je-veux-continuer-djokovic-se-voit-jouer-meme-apres-les-jeux-olympiques-de-2028-a-los-angeles","status":"publish","type":"post","link":"https:\/\/www.europesays.com\/fr\/630807\/","title":{"rendered":"\u00abje veux continuer\u00bb, Djokovic se voit jouer m\u00eame apr\u00e8s les Jeux Olympiques de 2028 \u00e0 Los Angeles"},"content":{"rendered":"<p>\n    L\u2019ancien num\u00e9ro un mondial a d\u00e9clar\u00e9 \u00e0 Duba\u00ef qu\u2019il ne pensait pas \u00e0 la retraite et pourrait m\u00eame jouer apr\u00e8s Jeux Olympiques de 2028 \u00e0 Los Angeles.<\/p>\n<p class=\"fig-paragraph\">Pr\u00e9sent au World Sports Summit de Duba\u00ef, le tennisman\u00a0<a href=\"http:\/\/www.lefigaro.fr\/sports\/tennis\/tennis-djokovic-preparera-l-open-d-australie-avec-l-atp-250-d-adelaide-20251216\" target=\"_blank\" data-fig-type=\"NewsFlash\" rel=\"noopener\" data-gtm-custom-categorie=\"navigation\" data-gtm-custom-action=\"crossclick\" data-gtm-custom-label=\"Contextuel\" data-gtm-event=\"customEventSPE\" data-fig-domain=\"LEFIGARO\">Novak Djokovic<\/a> a une nouvelle fois \u00e9t\u00e9 questionn\u00e9 sur sa retraite. Le Serbe \u00e2g\u00e9 de 38 ans a alors d\u00e9clar\u00e9 selon\u00a0<a href=\"https:\/\/www.thenationalnews.com\/sport\/2025\/12\/29\/novak-djokovic-targets-2028-los-angeles-olympics-but-wants-to-just-keep-going\/?utm_source=twitter&amp;utm_medium=socialsharebtn&amp;related=TheNatWorld,NationalComment,LifeNationalUAE,NatSportUAE&amp;via=TheNationalNews\" target=\"_blank\" rel=\"sponsored noopener\" data-gtm-custom-categorie=\"navigation\" data-gtm-custom-action=\"crossclick\" data-gtm-custom-label=\"Contextuel\" data-gtm-event=\"customEventSPE\">The National\u00a0<\/a>: \u00abJe veux continuer. Les Jeux Olympiques de Los Angeles 2028 sont en quelque sorte un objectif, mais honn\u00eatement, il n\u2019y a pas de limite. Alors on verra bien. Vous voyez ce que je veux dire\u00a0? Continuons\u00a0!\u00bb\u00a0<\/p>\n<p class=\"fig-paragraph\">\u2019Djoko\u2019 a ensuite d\u00e9velopp\u00e9\u00a0: \u00abJ\u2019adore frapper la balle de tennis et j\u2019adore la comp\u00e9tition. Je disais aux gars avec qui je parlais, les grands noms du football, que tout est question de passion et d\u2019amour, et tant que vous avez le sentiment de jouer \u00e0 un haut niveau et que votre corps suit, pourquoi pas\u00a0?\u00a0Les gens adorent parler et sp\u00e9culer sur ma retraite. Mais au final, j\u2019ai le sentiment de contribuer encore \u00e0 l\u2019essor du tennis.\u00bb<\/p>\n<p>                                            <a class=\"fig-a11y-skip\" href=\"#fig-a11y-skip-main-inarticle\" data-module=\"a11y-skip\" data-context=\"was @visible\"><br \/>\n    Passer la publicit\u00e9<br \/>\n<\/a>            <\/p>\n<p class=\"fig-paragraph\">Cette ann\u00e9e, Djokovic a une nouvelle fois montr\u00e9 qu\u2019il \u00e9tait encore en forme Malgr\u00e9 ses 38 ans, le Serbe est le seul joueur du circuit (except\u00e9 Alcaraz et Sinner) \u00e0 s\u2019\u00eatre qualifi\u00e9 en demi-finale de chacun des quatre tournois du Grand Chelem en 2025. L\u2019homme aux 24 titres du Grand Chelem a ajout\u00e9\u00a0: \u00ab J\u2019ai l\u2019impression qu\u2019il y a aussi un changement dans le tennis auquel je veux participer\u00a0\u00bb, a-t-il poursuivi. \u00ab Donc oui, je suis toujours en forme. Je suis pr\u00eat \u00e0 relever de nouveaux d\u00e9fis. Les jeunes sont l\u00e0. Bien s\u00fbr, ils sont excellents. [Sinner et Alcaraz] forment la nouvelle grande rivalit\u00e9. J\u2019adore voir les diff\u00e9rentes g\u00e9n\u00e9rations se succ\u00e9der. Je suis toujours l\u00e0, alors j\u2019aime observer.\u00a0\u00bb<\/p>\n","protected":false},"excerpt":{"rendered":"L\u2019ancien num\u00e9ro un mondial a d\u00e9clar\u00e9 \u00e0 Duba\u00ef qu\u2019il ne pensait pas \u00e0 la retraite et pourrait m\u00eame&hellip;\n","protected":false},"author":2,"featured_media":630808,"comment_status":"","ping_status":"","sticky":false,"template":"","format":"standard","meta":{"footnotes":""},"categories":[1415],"tags":[1011,27,73975,6433,137,60,1467],"class_list":{"0":"post-630807","1":"post","2":"type-post","3":"status-publish","4":"format-standard","5":"has-post-thumbnail","7":"category-tennis","8":"tag-fr","9":"tag-france","10":"tag-jo2028","11":"tag-novak-djokovic","12":"tag-retraite","13":"tag-sports","14":"tag-tennis"},"share_on_mastodon":{"url":"https:\/\/pubeurope.com\/@fr\/115810884852507429","error":""},"_links":{"self":[{"href":"https:\/\/www.europesays.com\/fr\/wp-json\/wp\/v2\/posts\/630807","targetHints":{"allow":["GET"]}}],"collection":[{"href":"https:\/\/www.europesays.com\/fr\/wp-json\/wp\/v2\/posts"}],"about":[{"href":"https:\/\/www.europesays.com\/fr\/wp-json\/wp\/v2\/types\/post"}],"author":[{"embeddable":true,"href":"https:\/\/www.europesays.com\/fr\/wp-json\/wp\/v2\/users\/2"}],"replies":[{"embeddable":true,"href":"https:\/\/www.europesays.com\/fr\/wp-json\/wp\/v2\/comments?post=630807"}],"version-history":[{"count":0,"href":"https:\/\/www.europesays.com\/fr\/wp-json\/wp\/v2\/posts\/630807\/revisions"}],"wp:featuredmedia":[{"embeddable":true,"href":"https:\/\/www.europesays.com\/fr\/wp-json\/wp\/v2\/media\/630808"}],"wp:attachment":[{"href":"https:\/\/www.europesays.com\/fr\/wp-json\/wp\/v2\/media?parent=630807"}],"wp:term":[{"taxonomy":"category","embeddable":true,"href":"https:\/\/www.europesays.com\/fr\/wp-json\/wp\/v2\/categories?post=630807"},{"taxonomy":"post_tag","embeddable":true,"href":"https:\/\/www.europesays.com\/fr\/wp-json\/wp\/v2\/tags?post=630807"}],"curies":[{"name":"wp","href":"https:\/\/api.w.org\/{rel}","templated":true}]}}