{"id":630809,"date":"2025-12-30T22:33:10","date_gmt":"2025-12-30T22:33:10","guid":{"rendered":"https:\/\/www.europesays.com\/fr\/630809\/"},"modified":"2025-12-30T22:33:10","modified_gmt":"2025-12-30T22:33:10","slug":"cyclo-cross-cyclo-cross-superprestige-tibor-del-grosso-simpose-dans-la-nuit-de-diegem-nys-troisieme","status":"publish","type":"post","link":"https:\/\/www.europesays.com\/fr\/630809\/","title":{"rendered":"Cyclo-cross. Cyclo-cross. Superprestige &#8211; Tibor Del Grosso s&rsquo;impose dans la nuit de Diegem, Nys troisi\u00e8me"},"content":{"rendered":"<p>En l&rsquo;absence de beaucoup de cadors tels que <strong><a href=\"https:\/\/www.cyclismactu.net\/..\/news-x2o-trofee-route-mathieu-van-der-poel-j-ai-eu-beaucoup-de-chance-aujourd-hui-91388.html\" target=\"_blank\" rel=\"noopener\">Mathieu van der Poel<\/a><\/strong>, <strong>Wout van Aert <\/strong>ou <strong><a href=\"https:\/\/www.cyclismactu.net\/..\/news-cyclisme-cyclo-cross-fin-de-saison-pour-laurens-sweeck-apres-sa-chute-loenhout-91391.html\" target=\"_blank\" rel=\"noopener\">Laurens Sweeck<\/a><\/strong>, la sixi\u00e8me manche de superprestige \u00e0 Diegem s&rsquo;annon\u00e7ait \u00eatre un duel entre <strong><a href=\"https:\/\/www.cyclismactu.net\/..\/news-coupe-du-monde-cyclo-cross-tibor-del-grosso-j-ai-creve-trois-tours-de-fin-91373.html\" target=\"_blank\" rel=\"noopener\">Tibor del Grosso<\/a> <\/strong>(Alpecin-Deceuninck)\u00a0et <strong><a href=\"https:\/\/www.cyclismactu.net\/..\/news-coupe-du-monde-cyclo-cross-thibau-nys-c-etait-tres-difficile-de-faire-difference-91372.html\" target=\"_blank\" rel=\"noopener\">Thibau Nys<\/a> <\/strong>(Baloise Glowi Lions). Un duel auquel il faudra s&rsquo;habituer puisque les champions des Pays-Bas et de Belgique incarnent le pr\u00e9sent et surtout le futur de la discipline. Et ce duel a effectivement eu lieu puisque, si <strong>Del Grosso <\/strong>s&rsquo;est rapidement isol\u00e9 en t\u00eate de course,<strong>\u00a0Nys <\/strong>n&rsquo;a pas l\u00e2ch\u00e9 et est parvenu \u00e0 revenir sur son adversaire. Mais apr\u00e8s de nombreux efforts, <strong>Nys <\/strong>a explos\u00e9, laissant la surprise <strong>Joran Wyseure <\/strong>(Crelan &#8211; Corendon) prendre la deuxi\u00e8me place.<\/p>\n<p>Vid\u00e9o &#8211; La revanche de Del Grosso apr\u00e8s Dendermonde Lire la suite de l&rsquo;article&#13;<\/p>\n<p>\u00a0<\/p>\n<p>&#13;<\/p>\n<blockquote class=\"twitter-tweet\" style=\"width:100%!important;max-width:550px!important;min-width:250px;height:500px;\"><p>&#13;<\/p>\n<p dir=\"ltr\" lang=\"es\">? Pero, \u00bfque est\u00e1 pasando aqu\u00ed?<\/p>\n<p>? Del Grosso comete un error pero se rehace tras la ca\u00edda de Nys que afecta directamente a Wyseure<a href=\"https:\/\/twitter.com\/hashtag\/SuperprestigeDiegem?src=hash&amp;ref_src=twsrc%5Etfw\" target=\"_blank\" rel=\"noopener\">#SuperprestigeDiegem<\/a> <a href=\"https:\/\/t.co\/aBfY9HKqOt\">pic.twitter.com\/aBfY9HKqOt<\/a><\/p>\n<p>&#13;<br \/>\n\u2014 Eurosport.es (@Eurosport_ES) <a href=\"https:\/\/twitter.com\/Eurosport_ES\/status\/2006092184966287421?ref_src=twsrc%5Etfw\" target=\"_blank\" rel=\"noopener\">December 30, 2025<\/a><\/p><\/blockquote>\n<p>&#13;<br \/>\n&#13;<br \/>\nDel Grosso plus fort dans le sable de Diegem&#13;<\/p>\n<p>\u00c0 la faveur d&rsquo;un mauvais d\u00e9part du champion de Belgique, <strong>Tibor del Grosso <\/strong>s&rsquo;est isol\u00e9 apr\u00e8s le premier bac \u00e0 sable mais n&rsquo;est pas r\u00e9ellement parvenu \u00e0 creuser l&rsquo;\u00e9cart sur son adversaire. Finalement, <strong>Thibau Nys <\/strong>est revenu au prix d&rsquo;un gros effort dans le quatri\u00e8me tour puis \u00e0 nouveau dans le cinqui\u00e8me tour, apr\u00e8s une nouvelle erreur. Plus fort dans le bac \u00e0 sable, le N\u00e9erlandais \u00e0 fait mal \u00e0 chaque tour \u00e0 son concurrent, lui imposant \u00e0 chaque fois une longue poursuite. Mais \u00e0 un tour de l&rsquo;arriv\u00e9e, le sable a \u00e0 nouveau eu raison du Belge, provoquant une chute qui an\u00e9antira ses espoirs de victoire. Apr\u00e8s avoir tout mis dans un dernier espoir de revenir, <strong>Nys <\/strong>a explos\u00e9 et l&rsquo;invit\u00e9 surprise <strong>Joran Wyseure <\/strong>en a profit\u00e9 pour prendre la deuxi\u00e8me place.<\/p>\n<p><script async src=\"https:\/\/platform.twitter.com\/widgets.js\" charset=\"utf-8\"><\/script><\/p>\n","protected":false},"excerpt":{"rendered":"En l&rsquo;absence de beaucoup de cadors tels que Mathieu van der Poel, Wout van Aert ou Laurens Sweeck,&hellip;\n","protected":false},"author":2,"featured_media":630810,"comment_status":"","ping_status":"","sticky":false,"template":"","format":"standard","meta":{"footnotes":""},"categories":[1411],"tags":[1154,207,59294,211,1011,27,60,61425,210,212,208,213],"class_list":{"0":"post-630809","1":"post","2":"type-post","3":"status-publish","4":"format-standard","5":"has-post-thumbnail","7":"category-cyclisme","8":"tag-cycling","9":"tag-cyclisme","10":"tag-cyclo-cross","11":"tag-ffc","12":"tag-fr","13":"tag-france","14":"tag-sports","15":"tag-superprestige","16":"tag-tour-de-france","17":"tag-uci","18":"tag-velo","19":"tag-world-tour"},"share_on_mastodon":{"url":"https:\/\/pubeurope.com\/@fr\/115810900597585475","error":""},"_links":{"self":[{"href":"https:\/\/www.europesays.com\/fr\/wp-json\/wp\/v2\/posts\/630809","targetHints":{"allow":["GET"]}}],"collection":[{"href":"https:\/\/www.europesays.com\/fr\/wp-json\/wp\/v2\/posts"}],"about":[{"href":"https:\/\/www.europesays.com\/fr\/wp-json\/wp\/v2\/types\/post"}],"author":[{"embeddable":true,"href":"https:\/\/www.europesays.com\/fr\/wp-json\/wp\/v2\/users\/2"}],"replies":[{"embeddable":true,"href":"https:\/\/www.europesays.com\/fr\/wp-json\/wp\/v2\/comments?post=630809"}],"version-history":[{"count":0,"href":"https:\/\/www.europesays.com\/fr\/wp-json\/wp\/v2\/posts\/630809\/revisions"}],"wp:featuredmedia":[{"embeddable":true,"href":"https:\/\/www.europesays.com\/fr\/wp-json\/wp\/v2\/media\/630810"}],"wp:attachment":[{"href":"https:\/\/www.europesays.com\/fr\/wp-json\/wp\/v2\/media?parent=630809"}],"wp:term":[{"taxonomy":"category","embeddable":true,"href":"https:\/\/www.europesays.com\/fr\/wp-json\/wp\/v2\/categories?post=630809"},{"taxonomy":"post_tag","embeddable":true,"href":"https:\/\/www.europesays.com\/fr\/wp-json\/wp\/v2\/tags?post=630809"}],"curies":[{"name":"wp","href":"https:\/\/api.w.org\/{rel}","templated":true}]}}