{"id":630813,"date":"2025-12-30T22:35:12","date_gmt":"2025-12-30T22:35:12","guid":{"rendered":"https:\/\/www.europesays.com\/fr\/630813\/"},"modified":"2025-12-30T22:35:12","modified_gmt":"2025-12-30T22:35:12","slug":"ian-ziering-la-nouvelle-recrue-de-danse-avec-les-stars-accusee-de-coups-et-blessures","status":"publish","type":"post","link":"https:\/\/www.europesays.com\/fr\/630813\/","title":{"rendered":"Ian Ziering : La nouvelle recrue de \u00ab Danse avec les stars \u00bb accus\u00e9e de coups et blessures"},"content":{"rendered":"<p>On pensait que les seules \u00e9tincelles que Ian Ziering allait provoquer cette ann\u00e9e seraient sur le parquet lustr\u00e9 de TF1. Mais visiblement, l\u2019actualit\u00e9 de l\u2019acteur am\u00e9ricain est bien plus explosive qu&rsquo;une simple rumba mal n\u00e9goci\u00e9e.<\/p>\n<p>Alors que le public fran\u00e7ais se r\u00e9jouit de retrouver l&rsquo;inoubliable Steve Sanders de Beverly Hills 90210 au casting de la nouvelle saison de \u00ab Danse avec les stars \u00bb, <strong>une ombre vient obscurcir ce tableau idyllique<\/strong>. Loin des paillettes et des costumes \u00e0 sequins, la star fait face \u00e0 de tr\u00e8s graves accusations outre-Atlantique.<\/p>\n<p>Une affaire de violence routi\u00e8re qui, si elle semblait initialement le placer en position de victime, prend aujourd&rsquo;hui <strong>une tournure judiciaire inattendue<\/strong> et particuli\u00e8rement inqui\u00e9tante pour son image de \u00ab\u00a0nice guy\u00a0\u00bb.<\/p>\n<blockquote class=\"twitter-tweet\"><p>&#13;<\/p>\n<p>Tweet relatif \u00e0 Ian Ziering : La nouvelle recrue de \u00ab Danse avec les stars \u00bb accus\u00e9e de coups et blessures<\/p>\n<p>&#13;<br \/>\n        <a href=\"https:\/\/twitter.com\/ianmiles\/status\/1742176878092496997\/video\/1\" target=\"_blank\" rel=\"noopener\">&#13;<br \/>\n            Voir cette publication sur Twitter&#13;<br \/>\n        <\/a>&#13;\n    <\/p><\/blockquote>\n<p><strong>Une altercation routi\u00e8re qui se transforme en bataille judiciaire<\/strong><\/p>\n<p>Pour comprendre cette affaire, il faut remonter le fil d&rsquo;un incident qui a secou\u00e9 la star\u00a0 <a href=\"https:\/\/www.public.fr\/l-acteur-ian-ziering-beverly-hills-violemment-agresse-en-pleine-rue-par-des-motards-la-video-choc\" target=\"_blank\" rel=\"noopener\">En 2023, une vid\u00e9o virale montrait Ian Ziering aux prises avec un groupe de motards sur Hollywood Boulevard.<\/a> \u00c0 l&rsquo;\u00e9poque, les images \u00e9taient choquantes et la star semblait livr\u00e9e \u00e0 elle-m\u00eame face \u00e0 une meute agressive.<\/p>\n<p>Cependant, comme le r\u00e9v\u00e8lent les m\u00e9dias am\u00e9ricains, l&rsquo;histoire est loin d&rsquo;\u00eatre close. Deux des motards impliqu\u00e9s dans cette rixe spectaculaire ont d\u00e9cid\u00e9 de contre-attaquer, mais cette fois-ci sur le terrain juridique. Ils accusent formellement l&rsquo;acteur de coups et blessures. <\/p>\n<p>Selon les documents judiciaires obtenus par la presse am\u00e9ricaine, <strong>les plaignants affirment que c&rsquo;est Ian Ziering lui-m\u00eame qui aurait envenim\u00e9 la situation.<\/strong> Ils soutiennent que l&rsquo;acteur, visiblement hors de lui, serait sorti de son v\u00e9hicule pour les agresser physiquement. Une version des faits qui prend le contre-pied total de la premi\u00e8re narration m\u00e9diatique, o\u00f9 l&rsquo;acteur \u00e9tait d\u00e9peint comme un p\u00e8re de famille prot\u00e9geant sa voiture et sa prog\u00e9niture.<\/p>\n<p><img loading=\"lazy\" decoding=\"async\" width=\"732\" height=\"1024\" src=\"https:\/\/www.europesays.com\/fr\/wp-content\/uploads\/2025\/12\/ABACA_700996_032-732x1024.jpg\" alt=\"Ian Ziering : La nouvelle recrue de \u00ab Danse avec les stars \u00bb accus\u00e9e de coups et blessures\"  \/><\/p>\n<p>Ian Ziering, Erin Kristine Ludwig, Mia Loren Ziering and Penna Mae Ziering en 2019 \u00e0 Las Vegas, Nevada, \u00c9tats-Unis. Photo by David Acosta\/Image Press Agency\/SPUS\/ABACAPRESS.COM<\/p>\n<p><strong>De victime pr\u00e9sum\u00e9e \u00e0 accus\u00e9 : le revirement de situation<\/strong><\/p>\n<p>C&rsquo;est l\u00e0 que le b\u00e2t blesse pour la nouvelle recrue de DALS. Alors qu&rsquo;il tente de s\u00e9duire le public fran\u00e7ais avec ses pas de danse, il doit g\u00e9rer une d\u00e9fense muscl\u00e9e aux \u00c9tats-Unis. Les motards ne r\u00e9clament pas seulement des excuses : <strong>ils exigent des dommages et int\u00e9r\u00eats<\/strong> pour les blessures physiques et la d\u00e9tresse \u00e9motionnelle subies.<\/p>\n<p>Pour sa d\u00e9fense, Ian Ziering a toujours maintenu qu&rsquo;il avait agi par pur instinct de survie. <a href=\"https:\/\/www.public.fr\/ian-ziering-beverly-hills-90210-attaque-en-pleine-rue-par-un-groupe-de-motards-enfin-des-nouvelles-de-sa-fille\" target=\"_blank\" rel=\"noopener\">Sa fille de 12 ans, Penna, \u00e9tait pr\u00e9sente dans le v\u00e9hicule au moment des faits<\/a>, un d\u00e9tail qui a largement jou\u00e9 en sa faveur aupr\u00e8s de l&rsquo;opinion publique. L&rsquo;acteur expliquait avoir voulu \u00e9valuer les d\u00e9g\u00e2ts sur sa voiture avant que la situation ne d\u00e9g\u00e9n\u00e8re en chaos total.<\/p>\n<p>Reste \u00e0 savoir si ces turbulences juridiques auront un impact sur son aventure fran\u00e7aise. Pour l&rsquo;heure, Ian Ziering reste concentr\u00e9 sur ses chor\u00e9graphies, mais il se peut que cette affaire vienne d\u00e9j\u00e0 le d\u00e9stabiliser avant m\u00eame le d\u00e9but de son aventure en France. Entre le stress des r\u00e9p\u00e9titions et celui des tribunaux, l&rsquo;acteur va devoir prouver qu&rsquo;il a les nerfs aussi solides que son jeu de jambes. Affaire \u00e0 suivre de tr\u00e8s pr\u00e8s !<\/p>\n<p>\n          Hits &amp; People en continu\n        <\/p>\n<p>\n          Public Radio\n        <\/p>\n<p>      Mentionn\u00e9s dans cet article<\/p>\n<p>      Sur le m\u00eame sujet<\/p>\n<p>  <script async src=\"https:\/\/platform.twitter.com\/widgets.js\" charset=\"utf-8\"><\/script><\/p>\n","protected":false},"excerpt":{"rendered":"On pensait que les seules \u00e9tincelles que Ian Ziering allait provoquer cette ann\u00e9e seraient sur le parquet lustr\u00e9&hellip;\n","protected":false},"author":2,"featured_media":630814,"comment_status":"","ping_status":"","sticky":false,"template":"","format":"standard","meta":{"footnotes":""},"categories":[1359],"tags":[73976,53557,53612,194,58,59,1011,27,973],"class_list":{"0":"post-630813","1":"post","2":"type-post","3":"status-publish","4":"format-standard","5":"has-post-thumbnail","7":"category-people","8":"tag-90210-beverly-hills-nouvelle-generation","9":"tag-beverly-hills","10":"tag-beverly-hills-90210","11":"tag-danse-avec-les-stars","12":"tag-divertissement","13":"tag-entertainment","14":"tag-fr","15":"tag-france","16":"tag-people"},"share_on_mastodon":{"url":"https:\/\/pubeurope.com\/@fr\/115810908585890407","error":""},"_links":{"self":[{"href":"https:\/\/www.europesays.com\/fr\/wp-json\/wp\/v2\/posts\/630813","targetHints":{"allow":["GET"]}}],"collection":[{"href":"https:\/\/www.europesays.com\/fr\/wp-json\/wp\/v2\/posts"}],"about":[{"href":"https:\/\/www.europesays.com\/fr\/wp-json\/wp\/v2\/types\/post"}],"author":[{"embeddable":true,"href":"https:\/\/www.europesays.com\/fr\/wp-json\/wp\/v2\/users\/2"}],"replies":[{"embeddable":true,"href":"https:\/\/www.europesays.com\/fr\/wp-json\/wp\/v2\/comments?post=630813"}],"version-history":[{"count":0,"href":"https:\/\/www.europesays.com\/fr\/wp-json\/wp\/v2\/posts\/630813\/revisions"}],"wp:featuredmedia":[{"embeddable":true,"href":"https:\/\/www.europesays.com\/fr\/wp-json\/wp\/v2\/media\/630814"}],"wp:attachment":[{"href":"https:\/\/www.europesays.com\/fr\/wp-json\/wp\/v2\/media?parent=630813"}],"wp:term":[{"taxonomy":"category","embeddable":true,"href":"https:\/\/www.europesays.com\/fr\/wp-json\/wp\/v2\/categories?post=630813"},{"taxonomy":"post_tag","embeddable":true,"href":"https:\/\/www.europesays.com\/fr\/wp-json\/wp\/v2\/tags?post=630813"}],"curies":[{"name":"wp","href":"https:\/\/api.w.org\/{rel}","templated":true}]}}