{"id":630815,"date":"2025-12-30T22:36:11","date_gmt":"2025-12-30T22:36:11","guid":{"rendered":"https:\/\/www.europesays.com\/fr\/630815\/"},"modified":"2025-12-30T22:36:11","modified_gmt":"2025-12-30T22:36:11","slug":"jacques-louis-david-1748-1825-les-ombres-dacier-de-la-raison","status":"publish","type":"post","link":"https:\/\/www.europesays.com\/fr\/630815\/","title":{"rendered":"Jacques-Louis David, 1748-1825 : les ombres d&rsquo;acier de la Raison"},"content":{"rendered":"<p class=\"PopSlotParagraph qg-tx2 qg-xtra-lh svelte-1r0pyek\">Aujourd&rsquo;hui encore, aux premiers plans de nos repr\u00e9sentations de la R\u00e9volution et du Premier l&rsquo;Empire figurent les \u0153uvres de Jacques-Louis David\u2026 Le Serment du Jeu de paume, Marat assassin\u00e9, Bonaparte franchissant le Grand-Saint-Bernard, Le Sacre de Napol\u00e9on\u2026 mais beaucoup d&rsquo;autres de ses \u0153uvres aux th\u00e8mes puis\u00e9s dans la mythologie et l&rsquo;antiquit\u00e9 peuplent \u00e9galement nos m\u00e9moires\u00a0: Le Serment des Horaces, La Mort de Socrate, Les Sabines\u2026 et c&rsquo;est aussi vrai de ses portraits, comme celui de Madame R\u00e9camier, celui d&rsquo;Antoine-Laurent Lavoisier et de sa femme, et de son portrait inachev\u00e9 de Bonaparte.<\/p>\n<p class=\"PopSlotParagraph qg-tx2 qg-xtra-lh svelte-1r0pyek\">De ce peintre de l&rsquo;histoire pleinement engag\u00e9 dans celle de son temps pendant la R\u00e9volution, comment comprendre la diversit\u00e9 et la richesse d&rsquo;une \u0153uvre qui l&rsquo;aura class\u00e9 parmi les chefs de file du \u00ab\u00a0n\u00e9o-classicisme\u00a0\u00bb ? C&rsquo;est ce que l&rsquo;on va entendre dans l&rsquo;\u00e9mission que Fran\u00e7ois Caunac consacrait \u00e0 David en 2001. En interrogeant quelques-unes des toiles embl\u00e9matiques des diff\u00e9rentes \u00e9poques de sa longue carri\u00e8re, ce voyage dans la vie et l&rsquo;\u0153uvre de David dessine le portrait de celui que l\u2019on a pr\u00e9sent\u00e9 comme \u00ab\u00a0le p\u00e8re de l&rsquo;\u00c9cole fran\u00e7aise\u00a0\u00bb, \u00ab\u00a0le r\u00e9g\u00e9n\u00e9rateur de la peinture\u00a0\u00bb ; le portrait d&rsquo;un artiste\/acteur d&rsquo;un moment de l&rsquo;histoire o\u00f9 le monde basculait.<\/p>\n<ul>\n<li>Par Fran\u00e7ois Caunac<\/li>\n<li>R\u00e9alisation Olivier Gu\u00e9rin<\/li>\n<li>Une vie, une oeuvre &#8211; Jacques-Louis David, 1748-1825 : les ombres d&rsquo;acier de la Raison (1\u00e8re diffusion\u00a0: 29\/04\/2001)<\/li>\n<li>Avec G\u00e9rard Fromanger (artiste peintre), Alain Jouffroy (\u00e9crivain et critique d&rsquo;art), Jean-Paul Bertaud (historien), R\u00e9gis Michel (\u00e9crivain, essayiste et historien de l&rsquo;art, conservateur du d\u00e9partement des arts graphiques au mus\u00e9e du Louvre), Jean-Louis Aug\u00e9 (conservateur des mus\u00e9es de Castres), Dominique Mar\u00e9chal (historien de l&rsquo;art, conservateur aux Mus\u00e9es royaux des Beaux-Arts de Belgique \u00e0 Bruxelles) et Marie-Paule Vial (conservatrice au mus\u00e9e des Beaux-Arts \u00e0 Marseille)<\/li>\n<li>Avec en archives, la voix de Sacha Guitry (1954)<\/li>\n<li>Lectures Fr\u00e9d\u00e9ric Lebray et Nathalie Prokhoris<\/li>\n<\/ul>\n","protected":false},"excerpt":{"rendered":"Aujourd&rsquo;hui encore, aux premiers plans de nos repr\u00e9sentations de la R\u00e9volution et du Premier l&rsquo;Empire figurent les \u0153uvres&hellip;\n","protected":false},"author":2,"featured_media":630816,"comment_status":"","ping_status":"","sticky":false,"template":"","format":"standard","meta":{"footnotes":""},"categories":[1358],"tags":[1348,1384,1385,1386,58,59,1011,27],"class_list":{"0":"post-630815","1":"post","2":"type-post","3":"status-publish","4":"format-standard","5":"has-post-thumbnail","7":"category-arts-et-design","8":"tag-arts","9":"tag-arts-and-design","10":"tag-arts-et-design","11":"tag-design","12":"tag-divertissement","13":"tag-entertainment","14":"tag-fr","15":"tag-france"},"share_on_mastodon":{"url":"https:\/\/pubeurope.com\/@fr\/115810912378565828","error":""},"_links":{"self":[{"href":"https:\/\/www.europesays.com\/fr\/wp-json\/wp\/v2\/posts\/630815","targetHints":{"allow":["GET"]}}],"collection":[{"href":"https:\/\/www.europesays.com\/fr\/wp-json\/wp\/v2\/posts"}],"about":[{"href":"https:\/\/www.europesays.com\/fr\/wp-json\/wp\/v2\/types\/post"}],"author":[{"embeddable":true,"href":"https:\/\/www.europesays.com\/fr\/wp-json\/wp\/v2\/users\/2"}],"replies":[{"embeddable":true,"href":"https:\/\/www.europesays.com\/fr\/wp-json\/wp\/v2\/comments?post=630815"}],"version-history":[{"count":0,"href":"https:\/\/www.europesays.com\/fr\/wp-json\/wp\/v2\/posts\/630815\/revisions"}],"wp:featuredmedia":[{"embeddable":true,"href":"https:\/\/www.europesays.com\/fr\/wp-json\/wp\/v2\/media\/630816"}],"wp:attachment":[{"href":"https:\/\/www.europesays.com\/fr\/wp-json\/wp\/v2\/media?parent=630815"}],"wp:term":[{"taxonomy":"category","embeddable":true,"href":"https:\/\/www.europesays.com\/fr\/wp-json\/wp\/v2\/categories?post=630815"},{"taxonomy":"post_tag","embeddable":true,"href":"https:\/\/www.europesays.com\/fr\/wp-json\/wp\/v2\/tags?post=630815"}],"curies":[{"name":"wp","href":"https:\/\/api.w.org\/{rel}","templated":true}]}}