{"id":630817,"date":"2025-12-30T22:38:16","date_gmt":"2025-12-30T22:38:16","guid":{"rendered":"https:\/\/www.europesays.com\/fr\/630817\/"},"modified":"2025-12-30T22:38:16","modified_gmt":"2025-12-30T22:38:16","slug":"explications-sur-la-fin-de-saison-1-qui-a-failli-etre-differente-et-moins-drole","status":"publish","type":"post","link":"https:\/\/www.europesays.com\/fr\/630817\/","title":{"rendered":"explications sur la fin de saison 1, qui a failli \u00eatre diff\u00e9rente (et moins dr\u00f4le)"},"content":{"rendered":"<p><strong>Si le final de <a href=\"https:\/\/www.ecranlarge.com\/series\/wycaro-339\" data-type=\"series\" data-id=\"1288724\" target=\"_blank\" rel=\"noopener\">Pluribus <\/a>vient de laisser les abonn\u00e9s d\u2019<a href=\"https:\/\/www.ecranlarge.com\/personnalite\/1120526-apple-tv\" data-type=\"people\" data-id=\"804729\" target=\"_blank\" rel=\"noopener\">Apple TV+<\/a> en \u00e9tat de choc, les r\u00e9alisateurs et sc\u00e9naristes du dernier \u00e9pisode de la s\u00e9rie ont r\u00e9v\u00e9l\u00e9 que le destin de Carol Sturka (<a href=\"https:\/\/www.ecranlarge.com\/personnalite\/985361-rhea-seehorn\" data-type=\"people\" data-id=\"476314\" target=\"_blank\" rel=\"noopener\">Rhea Seehorn<\/a>) a failli \u00eatre compl\u00e8tement diff\u00e9rent.<\/strong><\/p>\n<p><strong>ATTENTION SPOILERS !!!!<\/strong><\/p>\n<p>Vince Gilligan est enfin revenu \u00e0 ses premi\u00e8res amours, et le moins que l\u2019on puisse dire, c\u2019est que le bougre n\u2019a pas perdu la main. Apr\u00e8s avoir diss\u00e9qu\u00e9 la chimie du crime dans <strong><a href=\"https:\/\/www.ecranlarge.com\/series\/870177-breaking-bad\" data-type=\"series\" data-id=\"693555\" target=\"_blank\" rel=\"noopener\">Breaking Bad<\/a><\/strong> et les d\u00e9boires d\u2019un avocat v\u00e9reux dans <strong><a href=\"https:\/\/www.ecranlarge.com\/series\/933073-better-call-saul\" data-type=\"series\" data-id=\"694203\" target=\"_blank\" rel=\"noopener\">Better Call Saul<\/a><\/strong>, le showrunner a retrouv\u00e9 le genre qui l\u2019a r\u00e9v\u00e9l\u00e9 : la science-fiction. Ancien pilier de <a href=\"https:\/\/www.ecranlarge.com\/series\/869419-x-files-aux-frontieres-du-reel\" data-type=\"link\" data-id=\"https:\/\/www.ecranlarge.com\/series\/869419-x-files-aux-frontieres-du-reel\" target=\"_blank\" rel=\"noopener\">The X-Files<\/a>, Gilligan a prouv\u00e9 avec <strong>Pluribus <\/strong>qu\u2019il reste le patron quand il s\u2019agit d\u2019instaurer une parano\u00efa et un malaise existentiel qui scotchent litt\u00e9ralement \u00e0 l\u2019\u00e9cran.<\/p>\n<p>                    <img decoding=\"async\" alt=\"\" class=\"wp-image-518375\" style=\"object-fit:cover;width:25px;height:25px\" src=\"https:\/\/www.ecranlarge.com\/content\/uploads\/2023\/09\/arrow-right-circle.svg\"\/><\/p>\n<p>Et quel coup de ma\u00eetre. <strong>Pluribus s\u2019impose sans forcer comme l\u2019une des meilleures s\u00e9ries de l\u2019ann\u00e9e 2025,<\/strong> nous retournant le cerveau \u00e0 plusieurs reprises. Entre<a href=\"https:\/\/www.ecranlarge.com\/series\/news\/pluribus-enorme-twist-episode-5-lait-revelations\" data-type=\"link\" data-id=\"https:\/\/www.ecranlarge.com\/series\/news\/pluribus-enorme-twist-episode-5-lait-revelations\" target=\"_blank\" rel=\"noopener\"> le twist fou de l\u2019\u00e9pisode 5<\/a> et <a href=\"https:\/\/www.ecranlarge.com\/series\/news\/pluribus-heroine-liee-twilight-zone-indice-suite-apple\" data-type=\"link\" data-id=\"https:\/\/www.ecranlarge.com\/series\/news\/pluribus-heroine-liee-twilight-zone-indice-suite-apple\" target=\"_blank\" rel=\"noopener\">le clin d\u2019\u0153il g\u00e9nial \u00e0 la s\u00e9rie culte <strong>The Twilight Zone<\/strong><\/a>, la s\u00e9rie nous a men\u00e9s par le bout du nez jusqu\u2019\u00e0 un final hallucinant. Mais <strong>cette conclusion a failli \u00eatre beaucoup plus sage et, disons-le, nettement moins jouissive que cette d\u00e9claration de guerre totale.<\/strong><\/p>\n<p><a href=\"https:\/\/www.ecranlarge.com\/content\/uploads\/2025\/12\/pluribus_photo_010802.jpg\" target=\"_blank\" rel=\"noopener\"><\/p>\n<p><img loading=\"lazy\" decoding=\"async\" alt=\"Rhea Seehorn dans Pluribus\" src=\"https:\/\/www.europesays.com\/fr\/wp-content\/uploads\/2025\/12\/pluribus_photo_010802-1260x840.jpg\" width=\"1260\" height=\"840\"  \/><\/p>\n<p><\/a>\u00ab\u00a0Elle est revenue, elle est l\u00e0\u2026 La solituuuuude\u00a0\u00bbE pluribus unum<\/p>\n<p>Le dernier \u00e9pisode de la saison, intitul\u00e9 \u00ab\u00a0La chica o el mundo\u00a0\u00bb (La fille ou le monde), met les nerfs de Carol \u00e0 rude \u00e9preuve d\u00e8s l\u2019arriv\u00e9e de Manousos (Carlos-Manuel Vesga). Ce dernier, arm\u00e9 d\u2019une application de traduction, <strong>r\u00e9v\u00e8le son intention d\u2019\u00e9radiquer \u00ab\u00a0les Autres\u00a0\u00bb si la Fusion ne peut \u00eatre annul\u00e9e<\/strong>, avant de transformer la maison de Carol en labo de fortune. Pour tester une fr\u00e9quence radio capable de briser le lien collectif, il d\u00e9clenche d\u00e9lib\u00e9r\u00e9ment une crise de convulsions mondiale, for\u00e7ant Carol \u00e0 le stopper sous la menace d\u2019un fusil.<\/p>\n<p>                    <img decoding=\"async\" alt=\"\" class=\"wp-image-518375\" style=\"object-fit:cover;width:25px;height:25px\" src=\"https:\/\/www.ecranlarge.com\/content\/uploads\/2023\/09\/arrow-right-circle.svg\"\/><\/p>\n<p>Carol part ensuite pour une errance de deux semaines avec Zosia (Karolina Wydra), d\u00e9couvrant que l\u2019immunit\u00e9 n\u2019est pas d\u00e9finitive. Au P\u00e9rou, une adolescente a rejoint volontairement les rangs des Autres. C\u2019est l\u00e0 que tombe le couperet, Zosia r\u00e9v\u00e9lant que le collectif utilise les ovules congel\u00e9s de Carol pour finaliser un virus personnalis\u00e9 capable de l\u2019assimiler de force dans un mois. Se sentant profond\u00e9ment trahie, Carol change de strat\u00e9gie et <strong>se fait ramener chez elle, accompagn\u00e9e d\u2019une caisse contenant une bombe atomique, <\/strong>pr\u00eate \u00e0 pr\u00eater main-forte \u00e0 Manousos.<\/p>\n<p><a href=\"https:\/\/www.ecranlarge.com\/content\/uploads\/2025\/12\/pluribus-s01-e09-21_png.jpg\" target=\"_blank\" rel=\"noopener\"><\/p>\n<p><img loading=\"lazy\" decoding=\"async\" alt=\"rhea seehorn carol manousos pluribus\" src=\"https:\/\/www.europesays.com\/fr\/wp-content\/uploads\/2025\/12\/pluribus-s01-e09-21_png-1260x709.jpg\" width=\"1260\" height=\"709\"  \/><\/p>\n<p><\/a>Calm like a BombLa Vie des Autres<\/p>\n<p>Interrog\u00e9s par Variety, le r\u00e9alisateur Gordon Smith, la sc\u00e9nariste Alison Tatlock et Vince Gilligan ont expliqu\u00e9 que la s\u00e9rie aurait pu se terminer sur une note bien plus ambigu\u00eb. <strong>L\u2019id\u00e9e de la bombe atomique, pourtant teas\u00e9e d\u00e8s l\u2019\u00e9pisode 3 comme un caprice possible de Carol,<\/strong> n\u2019a \u00e9t\u00e9 r\u00e9inject\u00e9e dans le script qu\u2019\u00e0 la toute derni\u00e8re minute, seulement un ou deux jours avant le d\u00e9but du tournage de cet \u00e9pisode final.<\/p>\n<blockquote class=\"wp-block-quote is-layout-flow wp-block-quote-is-layout-flow\">\n<p><strong>Gordon Smith : \u00ab[La fin] \u00e9tait similaire, mais plus subtile. Carol forgeait secr\u00e8tement un pacte avec Manousos, lui glissait un mot et allait peut-\u00eatre jouer les agents doubles. Il n\u2019y avait pas cette volont\u00e9 de planter un drapeau en disant : \u00ab\u00a0Non, je ne peux pas faire \u00e7a. Cette relation avec les Autres ne peut pas continuer\u00a0\u00bb.<\/strong>\u00bb<\/p>\n<\/blockquote>\n<blockquote class=\"wp-block-quote is-layout-flow wp-block-quote-is-layout-flow\">\n<p><strong>Vince Gilligan : \u00ab Bien que la bombe atomique ne faisait pas partie [de cette autre fin], ce n\u2019\u00e9tait pas une guerre ouverte non plus. L\u2019id\u00e9e \u00e9tait plut\u00f4t : \u00ab\u00a0Je vais continuer \u00e0 \u00eatre un agent double\u00a0\u00bb. C\u2019\u00e9tait secret. Avant m\u00eame de recevoir la note [du studio], on s\u2019est demand\u00e9 si c\u2019\u00e9tait la mani\u00e8re la plus satisfaisante de conclure. \u00bb<\/strong><\/p>\n<\/blockquote>\n<p><a href=\"https:\/\/www.ecranlarge.com\/content\/uploads\/2025\/12\/le-lait-est-partout.jpg\" target=\"_blank\" rel=\"noopener\"><\/p>\n<p><img loading=\"lazy\" decoding=\"async\" alt=\"Pluribus\" src=\"https:\/\/www.europesays.com\/fr\/wp-content\/uploads\/2025\/12\/le-lait-est-partout-1260x527.jpg\" width=\"1260\" height=\"527\"  \/><\/p>\n<p><\/a>B\u00e9nis soient les intol\u00e9rants au lactose<\/p>\n<p>Une fin qui aurait sans doute \u00e9t\u00e9 moins marquante, et autrement moins efficace et jubilatoire donc. <strong>La saison 1 de Pluribus est disponible en int\u00e9gralit\u00e9 sur Apple TV+<\/strong>, et on ne saurait trop vous conseiller de rattraper ce petit bijou de tension si vous avez rat\u00e9 le coche. <\/p>\n<p>Une saison 2 de la s\u00e9rie a d\u00e9j\u00e0 \u00e9t\u00e9 officiellement valid\u00e9e par la plateforme \u00e0 la pomme. En revanche, aucune date de sortie n\u2019a encore \u00e9t\u00e9 communiqu\u00e9e, nous laissant avec l\u2019image mentale de Carol et de son nouveau joujou nucl\u00e9aire pour un bon moment encore.<\/p>\n","protected":false},"excerpt":{"rendered":"Si le final de Pluribus vient de laisser les abonn\u00e9s d\u2019Apple TV+ en \u00e9tat de choc, les r\u00e9alisateurs&hellip;\n","protected":false},"author":2,"featured_media":630818,"comment_status":"","ping_status":"","sticky":false,"template":"","format":"standard","meta":{"footnotes":""},"categories":[1356],"tags":[58,59,1011,27,252,1364],"class_list":{"0":"post-630817","1":"post","2":"type-post","3":"status-publish","4":"format-standard","5":"has-post-thumbnail","7":"category-television","8":"tag-divertissement","9":"tag-entertainment","10":"tag-fr","11":"tag-france","12":"tag-television","13":"tag-tv"},"share_on_mastodon":{"url":"https:\/\/pubeurope.com\/@fr\/115810920490335548","error":""},"_links":{"self":[{"href":"https:\/\/www.europesays.com\/fr\/wp-json\/wp\/v2\/posts\/630817","targetHints":{"allow":["GET"]}}],"collection":[{"href":"https:\/\/www.europesays.com\/fr\/wp-json\/wp\/v2\/posts"}],"about":[{"href":"https:\/\/www.europesays.com\/fr\/wp-json\/wp\/v2\/types\/post"}],"author":[{"embeddable":true,"href":"https:\/\/www.europesays.com\/fr\/wp-json\/wp\/v2\/users\/2"}],"replies":[{"embeddable":true,"href":"https:\/\/www.europesays.com\/fr\/wp-json\/wp\/v2\/comments?post=630817"}],"version-history":[{"count":0,"href":"https:\/\/www.europesays.com\/fr\/wp-json\/wp\/v2\/posts\/630817\/revisions"}],"wp:featuredmedia":[{"embeddable":true,"href":"https:\/\/www.europesays.com\/fr\/wp-json\/wp\/v2\/media\/630818"}],"wp:attachment":[{"href":"https:\/\/www.europesays.com\/fr\/wp-json\/wp\/v2\/media?parent=630817"}],"wp:term":[{"taxonomy":"category","embeddable":true,"href":"https:\/\/www.europesays.com\/fr\/wp-json\/wp\/v2\/categories?post=630817"},{"taxonomy":"post_tag","embeddable":true,"href":"https:\/\/www.europesays.com\/fr\/wp-json\/wp\/v2\/tags?post=630817"}],"curies":[{"name":"wp","href":"https:\/\/api.w.org\/{rel}","templated":true}]}}