{"id":630823,"date":"2025-12-30T22:41:14","date_gmt":"2025-12-30T22:41:14","guid":{"rendered":"https:\/\/www.europesays.com\/fr\/630823\/"},"modified":"2025-12-30T22:41:14","modified_gmt":"2025-12-30T22:41:14","slug":"cette-poele-bon-marche-est-la-meilleure-pour-la-sante-dapres-60-millions-de-consommateurs","status":"publish","type":"post","link":"https:\/\/www.europesays.com\/fr\/630823\/","title":{"rendered":"Cette po\u00eale bon march\u00e9 est la meilleure pour la sant\u00e9 d\u2019apr\u00e8s 60 Millions de consommateurs"},"content":{"rendered":"<p>Selon une enqu\u00eate r\u00e9cente men\u00e9e par le magazine <strong>60 Millions de consommateurs<\/strong>, il est devenu fr\u00e9quent de voir l\u2019int\u00e9r\u00eat des consommateurs se porter vers des <strong>ustensiles de cuisine performants, accessibles<\/strong> et respectueux de la sant\u00e9. Parmi les produits \u00e9valu\u00e9s, une <strong>po\u00eale bon march\u00e9<\/strong> a particuli\u00e8rement retenu l\u2019attention pour sa qualit\u00e9 et son <strong>absence totale de PFAS<\/strong>, ces substances chimiques controvers\u00e9es. Cette distinction r\u00e9sulte d\u2019un <strong>comparatif rigoureux<\/strong> r\u00e9alis\u00e9 sur quatorze mod\u00e8les diff\u00e9rents du march\u00e9 fran\u00e7ais.<\/p>\n<p>Les r\u00e9sultats du comparatif de po\u00eales men\u00e9 par 60 Millions de consommateurs<\/p>\n<p>L\u2019association <strong>60 Millions de consommateurs<\/strong> a proc\u00e9d\u00e9 en 2025 \u00e0 une analyse d\u00e9taill\u00e9e des <strong>po\u00eales destin\u00e9es au grand public<\/strong>. Cette d\u00e9marche vise \u00e0 informer sur les crit\u00e8res essentiels pour choisir un ustensile adapt\u00e9 aux pr\u00e9occupations actuelles : <strong>sant\u00e9, \u00e9conomies et long\u00e9vit\u00e9<\/strong>. Plusieurs axes ont guid\u00e9 cette \u00e9tude comparative, tels que <strong>l\u2019efficacit\u00e9 thermique, la durabilit\u00e9<\/strong>, la composition des mat\u00e9riaux et la pr\u00e9sence ou non de substances nocives dans le rev\u00eatement.<\/p>\n<p>La publication note que la recherche d\u2019une <strong>po\u00eale saine et sans PFAS<\/strong> r\u00e9pond \u00e0 une demande croissante face aux inqui\u00e9tudes suscit\u00e9es par les \u00ab polluants \u00e9ternels \u00bb. En effet, les consommateurs souhaitent limiter leur exposition \u00e0 des composants dangereux pour leur bien-\u00eatre et celui de leur entourage, sans sacrifier la praticit\u00e9 ou la facilit\u00e9 d\u2019usage.<\/p>\n<p>Quels crit\u00e8res principaux ont pr\u00e9sid\u00e9 \u00e0 la s\u00e9lection des meilleures po\u00eales ?<\/p>\n<p>Plusieurs crit\u00e8res objectifs influent sur la <strong>qualit\u00e9 de la cuisson<\/strong> et la pr\u00e9servation de la sant\u00e9. Selon l\u2019\u00e9tude parue chez <strong>60 Millions de consommateurs<\/strong>, les points suivants ont \u00e9t\u00e9 syst\u00e9matiquement \u00e9valu\u00e9s lors du <strong>comparatif de po\u00eales<\/strong> :<\/p>\n<ul class=\"wp-block-list\">\n<li><strong>Pouvoir antiadh\u00e9sif<\/strong> et composition du rev\u00eatement, notamment l\u2019absence de produits toxiques comme les PFAS<\/li>\n<li><strong>Robustesse globale<\/strong> de la po\u00eale, incluant la r\u00e9sistance \u00e0 l\u2019usure et au passage r\u00e9p\u00e9t\u00e9 au lave-vaisselle<\/li>\n<li>L\u2019homog\u00e9n\u00e9it\u00e9 de la cuisson gr\u00e2ce \u00e0 une bonne <strong>conduction thermique<\/strong><\/li>\n<li>La simplicit\u00e9 d\u2019entretien pour un usage quotidien<\/li>\n<li>Le respect de la <strong>sant\u00e9 alimentaire<\/strong> et de l\u2019environnement<\/li>\n<li>Un <strong>prix abordable<\/strong> en accord avec les attentes d\u2019un large panel d\u2019utilisateurs<\/li>\n<\/ul>\n<p>Il est \u00e0 noter que chaque <strong>po\u00eale<\/strong> a subi des tests pratiques afin de valider l\u2019ensemble de ces aspects. L\u2019objectif annonc\u00e9 reste une utilisation fiable, durable et exempte de risques sanitaires.<\/p>\n<p>Comment la po\u00eale laur\u00e9ate se d\u00e9marque-t-elle ?<\/p>\n<p>Dans ce contexte concurrentiel, une po\u00eale en particulier, la <strong>Tefal Ingenio Eco Respect<\/strong>, s\u2019est distingu\u00e9e en permettant de limiter significativement la migration de compos\u00e9s ind\u00e9sirables dans les aliments. Ce mod\u00e8le propose un <strong>rev\u00eatement antiadh\u00e9sif con\u00e7u sans PFAS<\/strong> et sans aucun additif chimique r\u00e9put\u00e9 dangereux. Comme l\u2019explique le rapport, \u201c<strong>cette po\u00eale garantit une absence totale de produits toxiques<\/strong>, tout en assurant une efficacit\u00e9 optimale d\u00e8s les premi\u00e8res utilisations\u201d.<\/p>\n<p>Outre l\u2019aspect s\u00e9curitaire, la <strong>durabilit\u00e9 du produit<\/strong> justifie \u00e9galement son succ\u00e8s dans le classement. R\u00e9sistante aux chocs, ais\u00e9e \u00e0 nettoyer, cette <strong>po\u00eale bon march\u00e9<\/strong> s\u2019adresse \u00e0 un public exigeant mais soucieux de pr\u00e9server son \u00e9quilibre budg\u00e9taire. L\u2019efficience \u00e9nerg\u00e9tique constitue aussi un argument partag\u00e9 par plusieurs experts cit\u00e9s dans l\u2019enqu\u00eate, qui rel\u00e8vent sa capacit\u00e9 \u00e0 chauffer rapidement et uniform\u00e9ment.<\/p>\n<p>Les avantages d\u2019opter pour une po\u00eale saine et bon march\u00e9<\/p>\n<p>Le choix d\u2019une <strong>po\u00eale saine<\/strong> n\u2019est plus r\u00e9serv\u00e9 \u00e0 un segment restreint de consommateurs avertis. D\u00e9sormais, la sensibilisation \u00e0 la toxicit\u00e9 potentielle de certains mat\u00e9riaux incite une majorit\u00e9 \u00e0 revoir leurs habitudes. Le co\u00fbt d\u2019acquisition demeurant raisonnable, ce type de <strong>po\u00eale<\/strong> s\u2019impose comme une solution pragmatique pour r\u00e9unir <strong>s\u00e9curit\u00e9 sanitaire<\/strong> et gestion raisonn\u00e9e du budget familial.<\/p>\n<p>La question du <strong>prix abordable<\/strong> occupe une place centrale dans l\u2019analyse des options disponibles. Selon plusieurs analystes cit\u00e9s, \u201cle rapport qualit\u00e9-co\u00fbt devient d\u00e9cisif au moment de renouveler ses \u00e9quipements, sans que cela ne concerne uniquement la performance en cuisine\u201d. La p\u00e9rennit\u00e9 de l\u2019investissement repose avant tout sur la <strong>durabilit\u00e9 d\u2019un produit<\/strong> supportant l\u2019\u00e9preuve du temps.<\/p>\n<p>Pourquoi privil\u00e9gier un rev\u00eatement antiadh\u00e9sif sans PFAS ?<\/p>\n<p>La pertinence d\u2019un <strong>rev\u00eatement antiadh\u00e9sif sans PFAS<\/strong> tient essentiellement \u00e0 son innocuit\u00e9 reconnue. Depuis quelques ann\u00e9es, ces compos\u00e9s fluor\u00e9s font l\u2019objet d\u2019une attention particuli\u00e8re de la part des instances sanitaires internationales. Leur caract\u00e8re persistant dans l\u2019environnement et leur potentiel effet canc\u00e9rog\u00e8ne suscitent de multiples interrogations, auxquelles les industriels tentent de r\u00e9pondre en proposant des alternatives plus s\u00fbres.<\/p>\n<p>Ainsi, une <strong>po\u00eale saine<\/strong> munie d\u2019un tel rev\u00eatement permet de cuisiner avec peu ou pas de mati\u00e8re grasse, limitant ainsi les apports lipidiques superflus. Ce b\u00e9n\u00e9fice nutritionnel s\u2019ajoute \u00e0 la r\u00e9duction tangible des risques li\u00e9s \u00e0 l\u2019ingestion accidentelle de r\u00e9sidus chimiques issus de la d\u00e9gradation des anciens rev\u00eatements.<\/p>\n<p>Des atouts appr\u00e9ci\u00e9s par les familles et les amateurs de cuisine<\/p>\n<p>L\u2019adoption g\u00e9n\u00e9ralis\u00e9e d\u2019<strong>ustensiles garantissant l\u2019absence de produits toxiques<\/strong> renforce le sentiment de confiance pendant la pr\u00e9paration quotidienne des repas. La facilitation du nettoyage r\u00e9duit \u00e9galement les contraintes li\u00e9es \u00e0 l\u2019entretien, tout en pr\u00e9servant la qualit\u00e9 du rev\u00eatement sur le long terme. Certains utilisateurs ayant particip\u00e9 au <strong>comparatif de po\u00eales<\/strong> soulignent que \u201cle gain de temps lors du lavage, combin\u00e9 \u00e0 une sant\u00e9 mieux pr\u00e9serv\u00e9e, suffit \u00e0 motiver le changement d\u2019\u00e9quipement\u201d.<\/p>\n<p>En outre, la polyvalence de la <strong>po\u00eale s\u00e9lectionn\u00e9e<\/strong> \u2014 compatible avec toutes les sources de chaleur et adapt\u00e9e \u00e0 divers modes de cuisson \u2014 compl\u00e8te un tableau d\u00e9j\u00e0 salu\u00e9 pour son accessibilit\u00e9.<\/p>\n<p>Un choix responsable pour conjuguer sant\u00e9, \u00e9cologie et performance<\/p>\n<p>Divers indicateurs montrent que s\u2019orienter vers une <strong>po\u00eale bon march\u00e9, exempte de polluants<\/strong>, s\u2019inscrit dans une tendance durable et responsable. D\u2019apr\u00e8s <strong>60 Millions de consommateurs<\/strong>, \u201cil s\u2019agit d\u2019un geste concret pour pr\u00e9server son environnement domestique et contribuer \u00e0 r\u00e9duire globalement la pollution g\u00e9n\u00e9r\u00e9e par les d\u00e9chets chimiques\u201d. Le rejet moindre de substances persistantes dans les eaux us\u00e9es participe en effet \u00e0 cet effort collectif pour la plan\u00e8te.<\/p>\n<p>Sur le plan individuel, opter pour ce type de mat\u00e9riel augmente le contr\u00f4le du consommateur sur la nature des objets utilis\u00e9s quotidiennement. Plusieurs sp\u00e9cialistes consid\u00e8rent que \u201cla ma\u00eetrise de la cha\u00eene alimentaire commence par les instruments de cuisson\u201d, rappelant l\u2019impact direct que peut avoir la migration de particules dangereuses depuis des \u00e9quipements obsol\u00e8tes ou mal con\u00e7us.<\/p>\n<p>La durabilit\u00e9 : un enjeu central \u00e0 l\u2019heure du changement<\/p>\n<p>Face \u00e0 une demande accrue de transparence et de s\u00e9curit\u00e9, la notion de <strong>durabilit\u00e9<\/strong> devient incontournable. Un produit robuste limite le besoin de renouvellement pr\u00e9matur\u00e9 et s\u2019ins\u00e8re ainsi dans une logique de consommation feutr\u00e9e o\u00f9 la <strong>sant\u00e9<\/strong> prime, sans compromettre le confort ou la praticit\u00e9.<\/p>\n<p>Le fait de miser sur une <strong>po\u00eale saine et r\u00e9sistante<\/strong> procure l\u2019assurance d\u2019un usage fiable, m\u00eame apr\u00e8s de nombreux cycles d\u2019utilisation. Les retours recueillis lors du test mettent en avant la <strong>r\u00e9sistance du rev\u00eatement antiadh\u00e9sif<\/strong> et la constance des performances culinaires dans le temps.<\/p>\n<p>Engagement \u00e9thique et satisfaction des besoins quotidiens<\/p>\n<p>Acqu\u00e9rir une <strong>po\u00eale d\u00e9pourvue de substances controvers\u00e9es<\/strong> r\u00e9v\u00e8le non seulement un engagement personnel envers la sant\u00e9, mais aussi la volont\u00e9 de participer \u00e0 une d\u00e9marche plus verte. Ce choix correspond \u00e0 une exigence partag\u00e9e entre recherche de bien-\u00eatre, protection de l\u2019utilisateur et pr\u00e9occupation environnementale accrue.<\/p>\n<p>Cette convergence de qualit\u00e9s fait de la <strong>po\u00eale s\u00e9lectionn\u00e9e<\/strong> l\u2019un des meilleurs compromis actuels, en offrant <strong>durabilit\u00e9, s\u00e9curit\u00e9 alimentaire<\/strong> et praticit\u00e9, pour un investissement ma\u00eetris\u00e9.<\/p>\n","protected":false},"excerpt":{"rendered":"Selon une enqu\u00eate r\u00e9cente men\u00e9e par le magazine 60 Millions de consommateurs, il est devenu fr\u00e9quent de voir&hellip;\n","protected":false},"author":2,"featured_media":630824,"comment_status":"","ping_status":"","sticky":false,"template":"","format":"standard","meta":{"footnotes":""},"categories":[10],"tags":[1011,27,72,71],"class_list":{"0":"post-630823","1":"post","2":"type-post","3":"status-publish","4":"format-standard","5":"has-post-thumbnail","7":"category-sante","8":"tag-fr","9":"tag-france","10":"tag-health","11":"tag-sante"},"share_on_mastodon":{"url":"https:\/\/pubeurope.com\/@fr\/115810932126809643","error":""},"_links":{"self":[{"href":"https:\/\/www.europesays.com\/fr\/wp-json\/wp\/v2\/posts\/630823","targetHints":{"allow":["GET"]}}],"collection":[{"href":"https:\/\/www.europesays.com\/fr\/wp-json\/wp\/v2\/posts"}],"about":[{"href":"https:\/\/www.europesays.com\/fr\/wp-json\/wp\/v2\/types\/post"}],"author":[{"embeddable":true,"href":"https:\/\/www.europesays.com\/fr\/wp-json\/wp\/v2\/users\/2"}],"replies":[{"embeddable":true,"href":"https:\/\/www.europesays.com\/fr\/wp-json\/wp\/v2\/comments?post=630823"}],"version-history":[{"count":0,"href":"https:\/\/www.europesays.com\/fr\/wp-json\/wp\/v2\/posts\/630823\/revisions"}],"wp:featuredmedia":[{"embeddable":true,"href":"https:\/\/www.europesays.com\/fr\/wp-json\/wp\/v2\/media\/630824"}],"wp:attachment":[{"href":"https:\/\/www.europesays.com\/fr\/wp-json\/wp\/v2\/media?parent=630823"}],"wp:term":[{"taxonomy":"category","embeddable":true,"href":"https:\/\/www.europesays.com\/fr\/wp-json\/wp\/v2\/categories?post=630823"},{"taxonomy":"post_tag","embeddable":true,"href":"https:\/\/www.europesays.com\/fr\/wp-json\/wp\/v2\/tags?post=630823"}],"curies":[{"name":"wp","href":"https:\/\/api.w.org\/{rel}","templated":true}]}}