{"id":630827,"date":"2025-12-30T22:43:12","date_gmt":"2025-12-30T22:43:12","guid":{"rendered":"https:\/\/www.europesays.com\/fr\/630827\/"},"modified":"2025-12-30T22:43:12","modified_gmt":"2025-12-30T22:43:12","slug":"le-trump-kennedy-center-enchaine-les-annulations-dartistes-apres-son-virage-politique-a-180","status":"publish","type":"post","link":"https:\/\/www.europesays.com\/fr\/630827\/","title":{"rendered":"Le Trump-Kennedy Center encha\u00eene les annulations d\u2019artistes apr\u00e8s son virage politique \u00e0 180\u00b0"},"content":{"rendered":"<p>        <img decoding=\"async\" loading=\"lazy\" src=\"https:\/\/www.europesays.com\/fr\/wp-content\/uploads\/2025\/12\/e5e88a1_upload-1-wzx6zscdkz0w-afp-20251206-wv-fifa-finaldraw-05122025will0510-v1-highres-drawforthe2.jpeg\"  width=\"728\" height=\"409\" alt=\"Donald Trump en d\u00e9monstration lors du r\u00e9cent tirage au sort de la prochaine Coupe du monde de football, un \u00e9v\u00e9nement organis\u00e9 au d\u00e9sormais bien nomm\u00e9 \u00ab\u00a0Trump Kennedy Center\u00a0\u00bb de Washington.\"\/>  <\/p>\n<p>WILLIAM VOLCOV \/ Brazil Photo Press via AFP<\/p>\n<p>Donald Trump en d\u00e9monstration lors du r\u00e9cent tirage au sort de la prochaine Coupe du monde de football, un \u00e9v\u00e9nement organis\u00e9 au d\u00e9sormais bien nomm\u00e9 \u00ab\u00a0Trump Kennedy Center\u00a0\u00bb de Washington.<\/p>\n<p class=\"asset asset-text\">Presque int\u00e9gralement reprise en main et contr\u00f4l\u00e9e par des proches de Donald Trump depuis son retour \u00e0 la Maison Blanche, <a href=\"https:\/\/www.huffingtonpost.fr\/international\/article\/pourquoi-donald-trump-est-si-obsede-par-le-kennedy-center-l-institution-culturelle-phare-de-washington_253905.html\" target=\"_blank\" rel=\"noopener\">la salle de spectacle du Kennedy Center<\/a> \u2212 ou devrait-on dire Trump Kennedy Centrer depuis qu\u2019il a \u00e9t\u00e9 rebaptis\u00e9 ainsi \u2212 conna\u00eet de nouveaux remous en interne. Qui, cette fois, ne concerne pas l<a href=\"https:\/\/www.huffingtonpost.fr\/culture\/article\/le-site-web-du-trump-kennedy-center-a-ete-achete-par-un-auteur-de-south-park-et-ca-se-voit_258690.html\" target=\"_blank\" rel=\"noopener\">a s\u00e9rie South Park<\/a>.<\/p>\n<p class=\"asset asset-text\">Et pour cause, plusieurs artistes ont d\u00e9cid\u00e9 de <a href=\"https:\/\/www.huffingtonpost.fr\/international\/article\/le-trump-kennedy-center-se-paye-l-artiste-qui-avait-annule-sa-venue-a-cause-du-changement-de-nom_258658.html\" target=\"_blank\" rel=\"noopener\">suivre l\u2019exemple de l\u2019artiste Chuck Redd<\/a> en annulant leur venue dans ce haut lieu culturel de la capitale am\u00e9ricaine. Ces musiciens devant notamment jouer lors de repr\u00e9sentations de fin d\u2019ann\u00e9e ont annonc\u00e9 annuler leur performance, suscitant l\u2019ire de Richard Grenell, pr\u00e9sident de l\u2019institution et proche du pr\u00e9sident am\u00e9ricain Donald Trump.<\/p>\n<p class=\"asset asset-text\">\u00ab\u00a0Les artistes qui annulent aujourd\u2019hui leurs spectacles avaient \u00e9t\u00e9 engag\u00e9s par la pr\u00e9c\u00e9dente direction d\u2019extr\u00eame gauche\u00a0\u00bb, a-t-il \u00e9crit sur X lundi soir, les qualifiant de \u00ab\u00a0militants\u00a0\u00bb. \u00ab\u00a0Les arts sont pour tout le monde et la gauche en est furieuse\u00a0\u00bb, a-t-il ajout\u00e9, d\u00e9non\u00e7ant un \u00ab\u00a0boycott\u00a0\u00bb.<\/p>\n<p class=\"asset asset-text\">Pour The Cookers, un groupe de jazz qui a d\u00e9cid\u00e9 d\u2019annuler son concert du 31\u00a0d\u00e9cembre, \u00ab\u00a0le jazz est n\u00e9 de la lutte et d\u2019une obstination sans rel\u00e2che pour la libert\u00e9\u00a0: libert\u00e9 de pens\u00e9e, d\u2019expression\u00a0\u00bb, \u00e9crivent-ils dans un communiqu\u00e9. \u00ab\u00a0Nous ne tournons pas le dos \u00e0 notre public, et nous voulons nous assurer que lorsque nous reviendrons sur sc\u00e8ne, la salle pourra c\u00e9l\u00e9brer la pr\u00e9sence totale de la musique et de tous ceux qui la composent\u00a0\u00bb.<\/p>\n<p class=\"asset asset-text\">Kristy Lee, une chanteuse de folk, a confi\u00e9 sur les r\u00e9seaux sociaux qu\u2019annuler son concert pr\u00e9vu en janvier\u00a02026 \u00ab\u00a0fait mal. C\u2019est comme \u00e7a que je paye mes factures. Mais perdre mon int\u00e9grit\u00e9 me co\u00fbterait plus cher que n\u2019importe quel salaire\u00a0\u00bb.<\/p>\n<p class=\"asset asset-text\">Doug Varone and Dancers, une compagnie de danse dont la performance \u00e0 Washington \u00e9tait pr\u00e9vue en avril\u00a02026, a \u00e9galement justifi\u00e9 son choix lundi sur Instagram\u00a0: \u00ab\u00a0Suite \u00e0 la derni\u00e8re d\u00e9cision de Donald Trump de renommer la salle en son honneur, nous ne pouvons plus nous permettre, ni demander \u00e0 notre public de mettre les pieds dans cette institution autrefois prestigieuse\u00a0\u00bb.<\/p>\n<p>    Nouvelle direction, nouveau visage    <\/p>\n<p class=\"asset asset-text\">Avant eux, c\u2019est le\u00a0musicien Chuck Redd qui avait le premier refus\u00e9 de s\u2019y produire la veille de No\u00ebl \u00e0 cause de cette nouvelle appellation aux accents MAGA un peu trop prononc\u00e9s. Richard Grenell avait d\u2019ailleurs \u00e9voqu\u00e9 un geste \u00ab\u00a0politique\u00a0\u00bb dans une lettre partag\u00e9e aux m\u00e9dias. Dans ce courrier, il mena\u00e7ait \u00e9galement le batteur et vibraphoniste connu pour avoir jou\u00e9 avec Dizzy Gillespie de poursuites judiciaires. Et lui demandait au titre de son annulation une compensation d\u20191\u00a0million de dollars, selon une lettre consult\u00e9e par l\u2019AFP, accusant le musicien d\u2019\u00ab\u00a0intol\u00e9rance\u00a0\u00bb et de \u00ab\u00a0strat\u00e9gies d\u2019intimidation\u00a0\u00bb.<\/p>\n<p class=\"asset asset-text\">La cause de ce tout ce vacarme est \u00e9videmment <a href=\"https:\/\/www.huffingtonpost.fr\/international\/article\/donald-trump-appose-son-nom-au-kennedy-center-cet-etablissement-culturel-de-washington-qui-l-obsede_258414.html\" target=\"_blank\" rel=\"noopener\">le changement de nom du Kennedy Center<\/a>, op\u00e9r\u00e9 mi-d\u00e9cembre. Ultime symbole de la prise de contr\u00f4le des lieux par le pr\u00e9sident am\u00e9ricain, qui compte en faire un embl\u00e8me de sa lutte contre le pr\u00e9tendu \u00ab\u00a0wokisme\u00a0\u00bb au sein des institutions culturelles f\u00e9d\u00e9rales.<\/p>\n<p class=\"asset asset-text\">Ce changement de nom, ill\u00e9gal, a \u00e9t\u00e9 d\u00e9nonc\u00e9 par la famille du pr\u00e9sident Kennedy et l\u2019opposition d\u00e9mocrate. Mais sans r\u00e9sultat \u00e0 ce stade. Apr\u00e8s avoir repris le contr\u00f4le du Kennedy Center\u00a0en ayant pouss\u00e9 l\u2019ancien conseil d\u2019administration vers la sortie pour en composer un nouveau avec plusieurs de ses proches, la nouvelle direction choisie par Donald Trump a par ailleurs supprim\u00e9 les drag shows et les \u00e9v\u00e9nements c\u00e9l\u00e9brant la communaut\u00e9 LGBT+.<\/p>\n<p class=\"asset asset-text\">\u00c0 la place\u00a0? On y retrouve d\u00e9sormais davantage de conf\u00e9rences de la droite religieuse et d\u2019artistes chr\u00e9tiens. En guise de triste conclusion pour le Kennedy Center apr\u00e8s le lifting op\u00e9r\u00e9 par le locataire de la Maison Blanche, la presse am\u00e9ricaine souligne m\u00eame le fait que les ventes de billets ont baiss\u00e9 depuis l\u2019arriv\u00e9e du nouveau conseil d\u2019administration.<\/p>\n","protected":false},"excerpt":{"rendered":"WILLIAM VOLCOV \/ Brazil Photo Press via AFP Donald Trump en d\u00e9monstration lors du r\u00e9cent tirage au sort&hellip;\n","protected":false},"author":2,"featured_media":630828,"comment_status":"","ping_status":"","sticky":false,"template":"","format":"standard","meta":{"footnotes":""},"categories":[8],"tags":[251,58,75,59,73,1011,27,2744],"class_list":{"0":"post-630827","1":"post","2":"type-post","3":"status-publish","4":"format-standard","5":"has-post-thumbnail","7":"category-divertissement","8":"tag-culture","9":"tag-divertissement","10":"tag-donald-trump","11":"tag-entertainment","12":"tag-etats-unis","13":"tag-fr","14":"tag-france","15":"tag-washington"},"share_on_mastodon":{"url":"https:\/\/pubeurope.com\/@fr\/115810940070784308","error":""},"_links":{"self":[{"href":"https:\/\/www.europesays.com\/fr\/wp-json\/wp\/v2\/posts\/630827","targetHints":{"allow":["GET"]}}],"collection":[{"href":"https:\/\/www.europesays.com\/fr\/wp-json\/wp\/v2\/posts"}],"about":[{"href":"https:\/\/www.europesays.com\/fr\/wp-json\/wp\/v2\/types\/post"}],"author":[{"embeddable":true,"href":"https:\/\/www.europesays.com\/fr\/wp-json\/wp\/v2\/users\/2"}],"replies":[{"embeddable":true,"href":"https:\/\/www.europesays.com\/fr\/wp-json\/wp\/v2\/comments?post=630827"}],"version-history":[{"count":0,"href":"https:\/\/www.europesays.com\/fr\/wp-json\/wp\/v2\/posts\/630827\/revisions"}],"wp:featuredmedia":[{"embeddable":true,"href":"https:\/\/www.europesays.com\/fr\/wp-json\/wp\/v2\/media\/630828"}],"wp:attachment":[{"href":"https:\/\/www.europesays.com\/fr\/wp-json\/wp\/v2\/media?parent=630827"}],"wp:term":[{"taxonomy":"category","embeddable":true,"href":"https:\/\/www.europesays.com\/fr\/wp-json\/wp\/v2\/categories?post=630827"},{"taxonomy":"post_tag","embeddable":true,"href":"https:\/\/www.europesays.com\/fr\/wp-json\/wp\/v2\/tags?post=630827"}],"curies":[{"name":"wp","href":"https:\/\/api.w.org\/{rel}","templated":true}]}}