{"id":63083,"date":"2025-04-30T00:28:09","date_gmt":"2025-04-30T00:28:09","guid":{"rendered":"https:\/\/www.europesays.com\/fr\/63083\/"},"modified":"2025-04-30T00:28:09","modified_gmt":"2025-04-30T00:28:09","slug":"pronostic-madison-keys-iga-swiatek-wta-madrid","status":"publish","type":"post","link":"https:\/\/www.europesays.com\/fr\/63083\/","title":{"rendered":"Pronostic Madison Keys Iga Swiatek &#8211; WTA Madrid"},"content":{"rendered":"<p class=\"text-xs leading-5 text-gray-400 mb-2\">\n                        Publi\u00e9 le 29\/04\/2025 13:02<br \/>\n                        \u00a0par<br \/>\n                                                            <a href=\"https:\/\/www.sportytrader.com\/auteur\/leo-measson-54\/\" target=\"_blank\" rel=\"noopener\">L\u00e9o Measson<\/a><\/p>\n<p>                                                    |<br \/>\n                            Modifi\u00e9 le<br \/>\n                                29\/04\/2025<br \/>\n                                \u00e0 13:17<\/p>\n<p>                                                                                                            dans<br \/>\n                                <a data-trans=\"tips.published.sport %sport%\" href=\"https:\/\/www.sportytrader.com\/pronostics\/tennis\/\" target=\"_blank\" rel=\"noopener\"><br \/>\n                                    Pronostics Tennis<br \/>\n                                <\/a><\/p>\n<p>Le tennis a enfin pu reprendre dans la capitale espagnole et les choses s\u00e9rieuses commencent avec les quarts de finale du tournoi WTA 1000 de Madrid. Dans ce match, l&rsquo;am\u00e9ricaine Madison Keys affrontera la polonaise Iga Swiatek pour rejoindre les demi-finales.<\/p>\n<p>Il s&rsquo;agit d&rsquo;une affiche similaire \u00e0 la demi-finale de ce tournoi de l&rsquo;an dernier entre Madison Keys et\u00a0Iga Swiatek. Stopp\u00e9e par la polonaise en seulement 70 minutes sur le score de 1-6, 3-6, l&rsquo;am\u00e9ricaine qui est actuellement t\u00eate de s\u00e9rie num\u00e9ro 5 ici, est depuis mont\u00e9e en puissance. Titr\u00e9e dans l&rsquo;unique Grand Chelem jou\u00e9 cette ann\u00e9e \u00e0 l&rsquo;Open d&rsquo;Australie face \u00e0 Aryna Sabalenka, la joueuse de 30 ans est en droit d&rsquo;esp\u00e9rer faire mieux cette ann\u00e9e devant le public espagnole.\u00a0<\/p>\n<p>Mais Iga Swiatek est de retour ici dans le but de d\u00e9fendre son titre remport\u00e9 face \u00e0 Aryna Sabalenka. En qu\u00eate de son premier succ\u00e8s de la saison, la polonaise vient de remporter ses deux\u00a0premiers tours face \u00e0\u00a0Alexandra Eala et Linda Noskova et son 8e de finale face \u00e0 la top 20\u00a0Diana Shnaider en lui imposant un cruel 6-0 au premier set. Elle devrait arriver ici plus d\u00e9termin\u00e9e que jamais \u00e0 reproduire une victoire face \u00e0 l&rsquo;am\u00e9ricaine afin de d\u00e9montrer qu&rsquo;elle est encore bien pr\u00e9sente sur le circuit f\u00e9minin.\u00a0<\/p>\n","protected":false},"excerpt":{"rendered":"Publi\u00e9 le 29\/04\/2025 13:02 \u00a0par L\u00e9o Measson | Modifi\u00e9 le 29\/04\/2025 \u00e0 13:17 dans Pronostics Tennis Le tennis&hellip;\n","protected":false},"author":2,"featured_media":63084,"comment_status":"","ping_status":"","sticky":false,"template":"","format":"standard","meta":{"footnotes":""},"categories":[1415],"tags":[1011,27,2200,2478,1817,1821,60,1467,15872],"class_list":{"0":"post-63083","1":"post","2":"type-post","3":"status-publish","4":"format-standard","5":"has-post-thumbnail","7":"category-tennis","8":"tag-fr","9":"tag-france","10":"tag-iga-swiatek","11":"tag-madison-keys","12":"tag-pronostic","13":"tag-pronostics","14":"tag-sports","15":"tag-tennis","16":"tag-wta-madrid"},"share_on_mastodon":{"url":"https:\/\/pubeurope.com\/@fr\/114424086750787466","error":""},"_links":{"self":[{"href":"https:\/\/www.europesays.com\/fr\/wp-json\/wp\/v2\/posts\/63083","targetHints":{"allow":["GET"]}}],"collection":[{"href":"https:\/\/www.europesays.com\/fr\/wp-json\/wp\/v2\/posts"}],"about":[{"href":"https:\/\/www.europesays.com\/fr\/wp-json\/wp\/v2\/types\/post"}],"author":[{"embeddable":true,"href":"https:\/\/www.europesays.com\/fr\/wp-json\/wp\/v2\/users\/2"}],"replies":[{"embeddable":true,"href":"https:\/\/www.europesays.com\/fr\/wp-json\/wp\/v2\/comments?post=63083"}],"version-history":[{"count":0,"href":"https:\/\/www.europesays.com\/fr\/wp-json\/wp\/v2\/posts\/63083\/revisions"}],"wp:featuredmedia":[{"embeddable":true,"href":"https:\/\/www.europesays.com\/fr\/wp-json\/wp\/v2\/media\/63084"}],"wp:attachment":[{"href":"https:\/\/www.europesays.com\/fr\/wp-json\/wp\/v2\/media?parent=63083"}],"wp:term":[{"taxonomy":"category","embeddable":true,"href":"https:\/\/www.europesays.com\/fr\/wp-json\/wp\/v2\/categories?post=63083"},{"taxonomy":"post_tag","embeddable":true,"href":"https:\/\/www.europesays.com\/fr\/wp-json\/wp\/v2\/tags?post=63083"}],"curies":[{"name":"wp","href":"https:\/\/api.w.org\/{rel}","templated":true}]}}