{"id":630839,"date":"2025-12-30T22:49:31","date_gmt":"2025-12-30T22:49:31","guid":{"rendered":"https:\/\/www.europesays.com\/fr\/630839\/"},"modified":"2025-12-30T22:49:31","modified_gmt":"2025-12-30T22:49:31","slug":"saint-etienne-un-voisin-alerte-la-police-deux-mineurs-interpelles-pour-tentative-de-cambriolage","status":"publish","type":"post","link":"https:\/\/www.europesays.com\/fr\/630839\/","title":{"rendered":"Saint-\u00c9tienne. Un voisin alerte la police, deux mineurs interpell\u00e9s pour tentative de cambriolage"},"content":{"rendered":"<p>La p\u00e9riode des f\u00eates est malheureusement propice \u00e0 la commission de vols de par effraction. Nombreuses sont les familles \u00e0 quitter pendant plusieurs jours leur logement afin de profiter d\u2019un moment de d\u00e9tente et de bonheur aupr\u00e8s des leurs dans des zones g\u00e9ographiques \u00e9loign\u00e9es. Ce dimanche 28\u00a0d\u00e9cembre, le cambriolage d\u2019une maison n\u2019a pu \u00eatre \u00e9vit\u00e9 que gr\u00e2ce \u00e0 la vigilance d\u2019un riverain.<\/p>\n<p>  Un brise-vitre retrouv\u00e9 sur l\u2019un des mineurs<\/p>\n<p>Ainsi, vers 14\u00a0h\u00a030, une personne appelle les forces de police pour pr\u00e9venir qu\u2019un groupe de quatre individus est en train d\u2019essayer de p\u00e9n\u00e9trer dans une maison situ\u00e9e boulevard Alexandre-de-Fraissinette, dans le quartier de la M\u00e9tare, \u00e0 Saint-\u00c9tienne. Cette derni\u00e8re parvient \u00e0 fournir une description assez pr\u00e9cise des malfaiteurs qui vont prendre la fuite \u00e0 l\u2019arriv\u00e9e des agents de la Brigade anticriminalit\u00e9.<\/p>\n<p>Gr\u00e2ce aux \u00e9l\u00e9ments en leur possession, les fonctionnaires vont r\u00e9ussir \u00e0 interpeller deux individus alors que ces derniers tentaient de monter \u00e0 bord d\u2019un bus. Sur l\u2019un d\u2019eux, les policiers vont notamment retrouver le brise-vitre qui avait servi \u00e0 fracturer la vitre de la porte d\u2019entr\u00e9e du domicile vis\u00e9. Tous deux \u00e2g\u00e9s de 14 et 15 ans, les deux mineurs seront pr\u00e9sent\u00e9s dans les prochains jours devant un juge pour enfants.<\/p>\n","protected":false},"excerpt":{"rendered":"La p\u00e9riode des f\u00eates est malheureusement propice \u00e0 la commission de vols de par effraction. Nombreuses sont les&hellip;\n","protected":false},"author":2,"featured_media":630840,"comment_status":"","ping_status":"","sticky":false,"template":"","format":"standard","meta":{"footnotes":""},"categories":[9653],"tags":[1111,11,2430,271,272,7539,1777,674,274,107,1011,27,3367,12,25,4001,7538,104],"class_list":{"0":"post-630839","1":"post","2":"type-post","3":"status-publish","4":"format-standard","5":"has-post-thumbnail","7":"category-saint-etienne","8":"tag-actu","9":"tag-actualites","10":"tag-auvergne-rhone-alpes","11":"tag-crime","12":"tag-delit-et-contravention","13":"tag-edition-loire-sud","14":"tag-eu","15":"tag-europe","16":"tag-faits-divers-justice","17":"tag-fil-info","18":"tag-fr","19":"tag-france","20":"tag-loire","21":"tag-news","22":"tag-republique-francaise","23":"tag-saint-etienne","24":"tag-saint-etienne-ville","25":"tag-societe"},"share_on_mastodon":{"url":"https:\/\/pubeurope.com\/@fr\/115810963540774351","error":""},"_links":{"self":[{"href":"https:\/\/www.europesays.com\/fr\/wp-json\/wp\/v2\/posts\/630839","targetHints":{"allow":["GET"]}}],"collection":[{"href":"https:\/\/www.europesays.com\/fr\/wp-json\/wp\/v2\/posts"}],"about":[{"href":"https:\/\/www.europesays.com\/fr\/wp-json\/wp\/v2\/types\/post"}],"author":[{"embeddable":true,"href":"https:\/\/www.europesays.com\/fr\/wp-json\/wp\/v2\/users\/2"}],"replies":[{"embeddable":true,"href":"https:\/\/www.europesays.com\/fr\/wp-json\/wp\/v2\/comments?post=630839"}],"version-history":[{"count":0,"href":"https:\/\/www.europesays.com\/fr\/wp-json\/wp\/v2\/posts\/630839\/revisions"}],"wp:featuredmedia":[{"embeddable":true,"href":"https:\/\/www.europesays.com\/fr\/wp-json\/wp\/v2\/media\/630840"}],"wp:attachment":[{"href":"https:\/\/www.europesays.com\/fr\/wp-json\/wp\/v2\/media?parent=630839"}],"wp:term":[{"taxonomy":"category","embeddable":true,"href":"https:\/\/www.europesays.com\/fr\/wp-json\/wp\/v2\/categories?post=630839"},{"taxonomy":"post_tag","embeddable":true,"href":"https:\/\/www.europesays.com\/fr\/wp-json\/wp\/v2\/tags?post=630839"}],"curies":[{"name":"wp","href":"https:\/\/api.w.org\/{rel}","templated":true}]}}