{"id":630841,"date":"2025-12-30T22:50:10","date_gmt":"2025-12-30T22:50:10","guid":{"rendered":"https:\/\/www.europesays.com\/fr\/630841\/"},"modified":"2025-12-30T22:50:10","modified_gmt":"2025-12-30T22:50:10","slug":"asse-vers-3-bonnes-nouvelles-pour-sainte-face-au-mans","status":"publish","type":"post","link":"https:\/\/www.europesays.com\/fr\/630841\/","title":{"rendered":"ASSE : Vers 3 bonnes nouvelles pour Saint\u00e9 face au Mans ?"},"content":{"rendered":"<p>Pour ce Le Mans \u2013 ASSE, Saint-\u00c9tienne pourrait r\u00e9cup\u00e9rer 3 joueurs.<\/p>\n<p>Apr\u00e8s les f\u00eates, l\u2019ASSE va retrouver la Ligue 2 ce week-end ! Ce samedi 3 janvier, la bande \u00e0 Eirik Horneland se d\u00e9place dans la Sarthe pour d\u00e9fier Le Mans. Un choc tr\u00e8s important dans la course \u00e0 la mont\u00e9e, l\u2019ASSE, qui est 3e, d\u00e9fie donc un concurrent direct, alors que les Mucistes occupent la 4e place. Alors que les Verts n\u2019ont pas \u00e9t\u00e9 \u00e9pargn\u00e9s par les blessures, 3 joueurs pourraient refaire leur apparition dans le groupe ce samedi.<\/p>\n<p>Cardona, Moueffek et Lamba de retour ?<\/p>\n<p>Ce 30 d\u00e9cembre, \u00e0 4 jours de Le Mans \u2013 ASSE, <a href=\"https:\/\/peuple-vert.fr\/asse-actualite\/asse-moueffek-retour-entrainement-collectif\/\" target=\"_blank\" rel=\"noopener\">Peuple Vert<\/a> a fait le point sur l\u2019effectif st\u00e9phanois. \u00a0Chico Lamba\u00a0et A\u00efmen Moueffek ont repris l\u2019entra\u00eenement collectif, le d\u00e9fenseur portugais pourrait cependant \u00eatre encore pr\u00e9serv\u00e9 face au Mans, apr\u00e8s avoir longtemps \u00e9t\u00e9 bless\u00e9. Irvin\u00a0Cardona a lui fait son retour \u00e0 l\u2019Etrat, son cas pourrait \u00eatre fix\u00e9 dans les prochains jours. \u00c0 suivre !<\/p>\n","protected":false},"excerpt":{"rendered":"Pour ce Le Mans \u2013 ASSE, Saint-\u00c9tienne pourrait r\u00e9cup\u00e9rer 3 joueurs. Apr\u00e8s les f\u00eates, l\u2019ASSE va retrouver la&hellip;\n","protected":false},"author":2,"featured_media":630842,"comment_status":"","ping_status":"","sticky":false,"template":"","format":"standard","meta":{"footnotes":""},"categories":[9653],"tags":[1111,11,2430,1777,674,1011,27,12,25,4001],"class_list":{"0":"post-630841","1":"post","2":"type-post","3":"status-publish","4":"format-standard","5":"has-post-thumbnail","7":"category-saint-etienne","8":"tag-actu","9":"tag-actualites","10":"tag-auvergne-rhone-alpes","11":"tag-eu","12":"tag-europe","13":"tag-fr","14":"tag-france","15":"tag-news","16":"tag-republique-francaise","17":"tag-saint-etienne"},"share_on_mastodon":{"url":"https:\/\/pubeurope.com\/@fr\/115810967441372061","error":""},"_links":{"self":[{"href":"https:\/\/www.europesays.com\/fr\/wp-json\/wp\/v2\/posts\/630841","targetHints":{"allow":["GET"]}}],"collection":[{"href":"https:\/\/www.europesays.com\/fr\/wp-json\/wp\/v2\/posts"}],"about":[{"href":"https:\/\/www.europesays.com\/fr\/wp-json\/wp\/v2\/types\/post"}],"author":[{"embeddable":true,"href":"https:\/\/www.europesays.com\/fr\/wp-json\/wp\/v2\/users\/2"}],"replies":[{"embeddable":true,"href":"https:\/\/www.europesays.com\/fr\/wp-json\/wp\/v2\/comments?post=630841"}],"version-history":[{"count":0,"href":"https:\/\/www.europesays.com\/fr\/wp-json\/wp\/v2\/posts\/630841\/revisions"}],"wp:featuredmedia":[{"embeddable":true,"href":"https:\/\/www.europesays.com\/fr\/wp-json\/wp\/v2\/media\/630842"}],"wp:attachment":[{"href":"https:\/\/www.europesays.com\/fr\/wp-json\/wp\/v2\/media?parent=630841"}],"wp:term":[{"taxonomy":"category","embeddable":true,"href":"https:\/\/www.europesays.com\/fr\/wp-json\/wp\/v2\/categories?post=630841"},{"taxonomy":"post_tag","embeddable":true,"href":"https:\/\/www.europesays.com\/fr\/wp-json\/wp\/v2\/tags?post=630841"}],"curies":[{"name":"wp","href":"https:\/\/api.w.org\/{rel}","templated":true}]}}