{"id":630847,"date":"2025-12-30T22:54:14","date_gmt":"2025-12-30T22:54:14","guid":{"rendered":"https:\/\/www.europesays.com\/fr\/630847\/"},"modified":"2025-12-30T22:54:14","modified_gmt":"2025-12-30T22:54:14","slug":"exclu-midol-top-14-transferts-en-fin-de-contrat-linternational-italien-gianmarco-lucchesi-toulon-a-pris-sa-decision","status":"publish","type":"post","link":"https:\/\/www.europesays.com\/fr\/630847\/","title":{"rendered":"Exclu Midol. Top 14 \/ Transferts\u00a0: en fin de contrat, l\u2019international italien Gianmarco Lucchesi (Toulon) a pris sa d\u00e9cision"},"content":{"rendered":"<p>\n                Gravement bless\u00e9 \u00e0 un genou l\u2019an pass\u00e9, le talonneur, qui compte 33 s\u00e9lections avec la s\u00e9lection italienne, arrivait \u00e0 un tournant de sa carri\u00e8re. Selon nos informations, il a fait son choix ces derni\u00e8res semaines.\n            <\/p>\n<p>C\u2019est la fin d\u2019un tr\u00e8s long feuilleton. En vue de la saison prochaine, Toulon \u00e9tait en qu\u00eate d\u2019\u00e9ventuelles opportunit\u00e9s sur le march\u00e9 des transferts au poste de talonneur. Les Varois voulaient avoir un coup d\u2019avance, en attendant le retour \u00e0 la comp\u00e9tition de Gianmarco Lucchesi (25 ans).<\/p>\n<p>Victime d\u2019une rupture du ligament crois\u00e9 d\u2019un genou en avril dernier, l\u2019ex-\u00e9l\u00e9ment du Benetton a rechauss\u00e9 les crampons le 14\u00a0d\u00e9cembre lors du succ\u00e8s face \u00e0 Bath (45-34), lors de la 2e journ\u00e9e de la phase de groupes de\u00a0Champions Cup. Selon nos informations, durant cette m\u00eame semaine, l\u2019int\u00e9ress\u00e9 a paraph\u00e9 un nouveau contrat avec le Rugby Club Toulonnais. Le natif de Pise, arriv\u00e9 en 2024 sur les bords de la M\u00e9diterran\u00e9e, a \u00e9tendu son bail pour les deux prochaines saisons soit jusqu\u2019en 2028.<\/p>\n<p>Frein\u00e9 par les blessures \u2013 il a connu une l\u00e9g\u00e8re rechute \u00e0 la suite de sa reprise face \u00e0 l\u2019\u00e9quipe anglaise \u2013, le joueur form\u00e9 du c\u00f4t\u00e9 des Lions Amaranto de Livourne dispose d\u2019un profil rare alliant dynamisme dans le jeu courant et solidit\u00e9 dans les basiques du poste. Lors du pr\u00e9c\u00e9dent exercice, son absence avait d\u2019ailleurs \u00e9t\u00e9 regrett\u00e9e par le staff varois lors des phases finales de Top 14 et de Champions Cup.<\/p>\n<p>La fin des pistes Peyresblanques et Cramont<\/p>\n<p>Cette prolongation met ainsi un terme aux dossiers\u00a0Peyresblanques et Cramont. Ces derniers mois, le Parisien et le Toulousain ont bien \u00e9t\u00e9 en contacts avec l\u2019entit\u00e9 frapp\u00e9e du muguet. Tour \u00e0 tour, ils ont m\u00eame visit\u00e9 le centre d\u2019entra\u00eenement et ont rencontr\u00e9 les d\u00e9cideurs varois. Ces derniers ont pr\u00e9f\u00e9r\u00e9 opter pour la stabilit\u00e9. Ils ont notamment \u00e9t\u00e9 convaincus par les tests physiques du \u00ab\u00a0requin\u00a0\u00bb Lucchesi.<\/p>\n<p>La hi\u00e9rarchie est ainsi claire pour les prochaines saisons. L\u2019an pass\u00e9, Teddy Baubigny et Pierre Damond ont prolong\u00e9 respectivement jusqu\u2019en\u00a02029 et\u00a02027. J\u00e9r\u00e9my Toevalu, qui a r\u00e9alis\u00e9 ses premi\u00e8res apparitions avec l\u2019effectif professionnel, avait aussi suivi en fin de saison derni\u00e8re.<\/p>\n","protected":false},"excerpt":{"rendered":"Gravement bless\u00e9 \u00e0 un genou l\u2019an pass\u00e9, le talonneur, qui compte 33 s\u00e9lections avec la s\u00e9lection italienne, arrivait&hellip;\n","protected":false},"author":2,"featured_media":630848,"comment_status":"","ping_status":"","sticky":false,"template":"","format":"standard","meta":{"footnotes":""},"categories":[9619],"tags":[1111,11,1777,674,1011,27,12,882,25,2310,10662],"class_list":{"0":"post-630847","1":"post","2":"type-post","3":"status-publish","4":"format-standard","5":"has-post-thumbnail","7":"category-toulon","8":"tag-actu","9":"tag-actualites","10":"tag-eu","11":"tag-europe","12":"tag-fr","13":"tag-france","14":"tag-news","15":"tag-provence-alpes-cote-dazur","16":"tag-republique-francaise","17":"tag-toulon","18":"tag-transferts"},"share_on_mastodon":{"url":"https:\/\/pubeurope.com\/@fr\/115810983195573927","error":""},"_links":{"self":[{"href":"https:\/\/www.europesays.com\/fr\/wp-json\/wp\/v2\/posts\/630847","targetHints":{"allow":["GET"]}}],"collection":[{"href":"https:\/\/www.europesays.com\/fr\/wp-json\/wp\/v2\/posts"}],"about":[{"href":"https:\/\/www.europesays.com\/fr\/wp-json\/wp\/v2\/types\/post"}],"author":[{"embeddable":true,"href":"https:\/\/www.europesays.com\/fr\/wp-json\/wp\/v2\/users\/2"}],"replies":[{"embeddable":true,"href":"https:\/\/www.europesays.com\/fr\/wp-json\/wp\/v2\/comments?post=630847"}],"version-history":[{"count":0,"href":"https:\/\/www.europesays.com\/fr\/wp-json\/wp\/v2\/posts\/630847\/revisions"}],"wp:featuredmedia":[{"embeddable":true,"href":"https:\/\/www.europesays.com\/fr\/wp-json\/wp\/v2\/media\/630848"}],"wp:attachment":[{"href":"https:\/\/www.europesays.com\/fr\/wp-json\/wp\/v2\/media?parent=630847"}],"wp:term":[{"taxonomy":"category","embeddable":true,"href":"https:\/\/www.europesays.com\/fr\/wp-json\/wp\/v2\/categories?post=630847"},{"taxonomy":"post_tag","embeddable":true,"href":"https:\/\/www.europesays.com\/fr\/wp-json\/wp\/v2\/tags?post=630847"}],"curies":[{"name":"wp","href":"https:\/\/api.w.org\/{rel}","templated":true}]}}