{"id":630859,"date":"2025-12-30T23:06:14","date_gmt":"2025-12-30T23:06:14","guid":{"rendered":"https:\/\/www.europesays.com\/fr\/630859\/"},"modified":"2025-12-30T23:06:14","modified_gmt":"2025-12-30T23:06:14","slug":"alsace-une-hausse-tres-significative-des-touristes-etrangers-sur-les-marches-de-noel","status":"publish","type":"post","link":"https:\/\/www.europesays.com\/fr\/630859\/","title":{"rendered":"Alsace. Une hausse tr\u00e8s significative des touristes \u00e9trangers sur les march\u00e9s de No\u00ebl"},"content":{"rendered":"<p>Selon Alsace Destination tourisme (ADT), la fr\u00e9quentation des march\u00e9s de No\u00ebl ne faiblit pas. \u00ab\u00a0On devrait avoir les premiers chiffres mardi [6\u00a0janvier] mais ce qui se d\u00e9gage, c\u2019est un niveau globalement \u00e9quivalent \u00e0 celui de l\u2019an dernier, annonce Marc Levy, directeur g\u00e9n\u00e9ral d\u2019ADT. On note un tassement chez les locaux qui d\u00e9plorent le trop de monde et qui boudent les c\u0153urs de ville. Par contre, il y a une augmentation tr\u00e8s significative des visiteurs \u00e9trangers, avec une hausse \u00e0 deux chiffres. Beaucoup de Belges, d\u2019Allemands, d\u2019Am\u00e9ricains, de Suisses, de Luxembourgeois, y compris \u00e0 Strasbourg et \u00e0 Colmar.\u00a0\u00bb<\/p>\n<p>Malgr\u00e9 les critiques des locaux sur l\u2019affluence, les march\u00e9s de Strasbourg, Colmar et Kaysersberg restent les locomotives r\u00e9gionales. Obernai, Mulhouse et Haguenau ont connu une tr\u00e8s belle \u00e9dition 2025. Et certains march\u00e9s secondaires, comme Bouxwiller dans le Bas-Rhin et Grussenheim dans le Haut-Rhin, ont tr\u00e8s bien fonctionn\u00e9. \u00ab\u00a0On y retrouve surtout des Alsaciens, mais pas seulement\u00a0\u00bb, souligne Marc Levy.<\/p>\n","protected":false},"excerpt":{"rendered":"Selon Alsace Destination tourisme (ADT), la fr\u00e9quentation des march\u00e9s de No\u00ebl ne faiblit pas. \u00ab\u00a0On devrait avoir les&hellip;\n","protected":false},"author":2,"featured_media":630860,"comment_status":"","ping_status":"","sticky":false,"template":"","format":"standard","meta":{"footnotes":""},"categories":[2820],"tags":[1111,11,2389,1477,130,1687,33,2880,1777,674,3326,107,1011,27,775,2089,12,15830,25,640,2879,602],"class_list":{"0":"post-630859","1":"post","2":"type-post","3":"status-publish","4":"format-standard","5":"has-post-thumbnail","7":"category-strasbourg","8":"tag-actu","9":"tag-actualites","10":"tag-alsace","11":"tag-artisanat","12":"tag-consommation","13":"tag-culture-loisirs","14":"tag-economie","15":"tag-edition-strasbourg","16":"tag-eu","17":"tag-europe","18":"tag-fete-locale","19":"tag-fil-info","20":"tag-fr","21":"tag-france","22":"tag-grand-est","23":"tag-marche","24":"tag-news","25":"tag-noel","26":"tag-republique-francaise","27":"tag-strasbourg","28":"tag-strasbourg-ville","29":"tag-tourisme"},"share_on_mastodon":{"url":"https:\/\/pubeurope.com\/@fr\/115811030705892678","error":""},"_links":{"self":[{"href":"https:\/\/www.europesays.com\/fr\/wp-json\/wp\/v2\/posts\/630859","targetHints":{"allow":["GET"]}}],"collection":[{"href":"https:\/\/www.europesays.com\/fr\/wp-json\/wp\/v2\/posts"}],"about":[{"href":"https:\/\/www.europesays.com\/fr\/wp-json\/wp\/v2\/types\/post"}],"author":[{"embeddable":true,"href":"https:\/\/www.europesays.com\/fr\/wp-json\/wp\/v2\/users\/2"}],"replies":[{"embeddable":true,"href":"https:\/\/www.europesays.com\/fr\/wp-json\/wp\/v2\/comments?post=630859"}],"version-history":[{"count":0,"href":"https:\/\/www.europesays.com\/fr\/wp-json\/wp\/v2\/posts\/630859\/revisions"}],"wp:featuredmedia":[{"embeddable":true,"href":"https:\/\/www.europesays.com\/fr\/wp-json\/wp\/v2\/media\/630860"}],"wp:attachment":[{"href":"https:\/\/www.europesays.com\/fr\/wp-json\/wp\/v2\/media?parent=630859"}],"wp:term":[{"taxonomy":"category","embeddable":true,"href":"https:\/\/www.europesays.com\/fr\/wp-json\/wp\/v2\/categories?post=630859"},{"taxonomy":"post_tag","embeddable":true,"href":"https:\/\/www.europesays.com\/fr\/wp-json\/wp\/v2\/tags?post=630859"}],"curies":[{"name":"wp","href":"https:\/\/api.w.org\/{rel}","templated":true}]}}