{"id":630861,"date":"2025-12-30T23:07:40","date_gmt":"2025-12-30T23:07:40","guid":{"rendered":"https:\/\/www.europesays.com\/fr\/630861\/"},"modified":"2025-12-30T23:07:40","modified_gmt":"2025-12-30T23:07:40","slug":"a-strasbourg-et-alentours-2025-racontee-en-25-photos","status":"publish","type":"post","link":"https:\/\/www.europesays.com\/fr\/630861\/","title":{"rendered":"\u00e0 Strasbourg et alentours, 2025 racont\u00e9e en 25 photos"},"content":{"rendered":"<p>    <img loading=\"lazy\" width=\"1800\" height=\"900\" src=\"https:\/\/www.europesays.com\/fr\/wp-content\/uploads\/2025\/11\/jeanne-callthepolice.jpg\" class=\"attachment-full size-full\" alt=\"\" id=\"imageLove\" decoding=\"async\"  \/><\/p>\n<p id=\"breadcrumbs\"><a href=\"https:\/\/pokaa.fr\/\" target=\"_blank\" rel=\"noopener\">Accueil<\/a> \/ <a href=\"https:\/\/pokaa.fr\/categories\/strasbourg\/\" target=\"_blank\" rel=\"noopener\">Strasbourg<\/a> \/ Nos photographes ont du talent : \u00e0 Strasbourg et alentours, 2025 racont\u00e9e en 25 photos<\/p>\n<p>                    Strasbourg<\/p>\n<p><strong>\u00c0 Strasbourg, en ce 31 d\u00e9cembre, l\u2019ann\u00e9e 2025 est sur le point de se terminer : 365 jours rythm\u00e9s par les quatre saisons et de nombreux rendez-vous. D\u2019un cirque \u00e0 un concert caritatif, en passant par un dragon, des festivals et des rencontres, c\u2019est parti pour une petite r\u00e9trospective d\u00e9di\u00e9e aux photographes de la r\u00e9daction.\u00a0<\/strong><\/p>\n<p>Quel que soit l\u2019appareil photo utilis\u00e9,<strong> les photographes de la r\u00e9daction de Pokaa ont utilis\u00e9, cette ann\u00e9e encore, leur talent au service de l\u2019information<\/strong>. Si notre m\u00e9diath\u00e8que compte d\u00e9sormais plus de <strong>130 000 photos<\/strong>, on a eu envie de faire une petite s\u00e9lection 100% cuv\u00e9e 2025.<\/p>\n<p><strong>PS : si vous voulez lire les articles concern\u00e9s, il suffit de copier-coller dans un navigateur web le titre affich\u00e9 sous chaque photo !\u00a0<\/strong><\/p>\n<p>Janvier &amp; f\u00e9vrier<\/p>\n<p>    <img width=\"800\" height=\"533\" src=\"https:\/\/www.europesays.com\/fr\/wp-content\/uploads\/2025\/12\/cirque-cirque-toile-acrobate-78-800x533.jpg\" class=\"attachment-image-size-L size-image-size-L\" alt=\"Cirque Cirk\u2019&amp;Toile acrobate (78)\" decoding=\"async\" loading=\"lazy\"  \/>         F\u00e9vrier : \u00ab Un peu de magie et d\u2019acrobaties : immersion sous un chapiteau, \u00e0 20 minutes de Strasbourg \u00bb. \u00a9 Marie Goehner-David \/ Pokaa <\/p>\n<p>Mars &amp; avril<\/p>\n<p>    <img width=\"600\" height=\"400\" src=\"https:\/\/www.europesays.com\/fr\/wp-content\/uploads\/2025\/12\/250226-pka-handi-18-600x400.jpg\" class=\"attachment-image-size-M size-image-size-M\" alt=\"Handicap fauteuil roulant Strasbourg accessibilit\u00e9\" decoding=\"async\" loading=\"lazy\"  \/>         Mars : \u00ab Strasbourg (in)accessible : on a pass\u00e9 un apr\u00e8s-midi avec Johanna et son fauteuil roulant \u00bb. \u00a9 Adrien Labit \/ Pokaa  <\/p>\n<p>    <img width=\"800\" height=\"533\" src=\"https:\/\/www.europesays.com\/fr\/wp-content\/uploads\/2025\/06\/carnaval-45-800x533.jpg\" class=\"attachment-image-size-L size-image-size-L\" alt=\"Carnaval (45) dragon\" decoding=\"async\" loading=\"lazy\"  \/>         Mars : \u00ab Soleil, confettis et d\u00e9guisements : retour en 54 photos sur le carnaval de Strasbourg \u00bb. \u00a9 Marie Goehner-David \/ Pokaa <\/p>\n<p>    <img width=\"600\" height=\"338\" src=\"https:\/\/www.europesays.com\/fr\/wp-content\/uploads\/2025\/12\/img-20240901-112949-600x338.jpg\" class=\"attachment-image-size-M size-image-size-M\" alt=\"Montagne des lamas alpagas vosges la bresse\" decoding=\"async\" loading=\"lazy\"  \/>         Mars : \u00ab La Montagne des lamas : bienvenue dans un paradis d\u2019animaux mignons, \u00e0 2h de Strasbourg \u00bb.  \u00a9 Marie Goehner-David \/ Pokaa <\/p>\n<p>    <img width=\"800\" height=\"533\" src=\"https:\/\/www.europesays.com\/fr\/wp-content\/uploads\/2025\/12\/allemagne-usine-siderurgique-volklingen-weltkulturerbe-volklinger-hutte-unesco-wr-9-sur-144-800x533..jpeg\" class=\"attachment-image-size-L size-image-size-L\" alt=\"Usine sid\u00e9rurgique de V\u00f6lklingen \u2013 Weltkulturerbe V\u00f6lklinger H\u00fctte \u2013 Allemagne\" decoding=\"async\" loading=\"lazy\"  \/>         Avril : \u00ab G\u00e9ante d\u2019acier class\u00e9e Unesco : visite de la V\u00f6lklinger H\u00fctte, l\u2019usine XXL \u00e0 1h30 de Strasbourg \u00bb. \u00a9 Wilfried Rion \/ Pokaa <\/p>\n<p>    <img width=\"600\" height=\"400\" src=\"https:\/\/www.europesays.com\/fr\/wp-content\/uploads\/2025\/12\/exposition-petit-prince-saint-exupery-6-600x400.jpg\" class=\"attachment-image-size-M size-image-size-M\" alt=\"Exposition Petit Prince Saint Exup\u00e9ry (6)\" decoding=\"async\" loading=\"lazy\"  \/>         Avril : \u00ab Magique et immersive : \u00e0 Strasbourg, on a voyag\u00e9 dans les \u00e9toiles avec l\u2019expo Petit Prince \u00bb. \u00a9 Marie Goehner-David \/ Pokaa <\/p>\n<p>Mai &amp; juin<\/p>\n<p>    <img width=\"800\" height=\"533\" src=\"https:\/\/www.europesays.com\/fr\/wp-content\/uploads\/2025\/12\/250601-pka-pelpass-54-800x533.jpg\" class=\"attachment-image-size-L size-image-size-L\" alt=\"Pelpass festival strasbourg musique f\u00eate festivaliers concerts\" decoding=\"async\" loading=\"lazy\"  \/>         Mai : \u00ab Strasbourg village, place centrale : 4 jours dans l\u2019effervescence du Pelpass Festival \u00bb. \u00a9 Adrien Labit \/ Pokaa <\/p>\n<p>    <img width=\"600\" height=\"400\" src=\"https:\/\/www.europesays.com\/fr\/wp-content\/uploads\/2025\/12\/musee-zoologique-jardin-des-sciences-50-600x400.jpg\" class=\"attachment-image-size-M size-image-size-M\" alt=\"Mus\u00e9e zoologique jardin des sciences (50)\" decoding=\"async\" loading=\"lazy\"  \/>         Juin : \u00ab Plumes, poils, carapaces : \u00e0 Strasbourg, balade dans les coulisses du Mus\u00e9e zoologique 2.0 \u00bb. \u00a9 Marie Goehner-David \/ Pokaa <\/p>\n<p>    <img width=\"800\" height=\"532\" src=\"https:\/\/www.europesays.com\/fr\/wp-content\/uploads\/2025\/12\/250614-pka-pride-30-800x532.jpg\" class=\"attachment-image-size-L size-image-size-L\" alt=\"Pride marche des fiert\u00e9s LGBTQIA+ visibilit\u00e9s\" decoding=\"async\" loading=\"lazy\"  \/>         Juin :\u00a0\u00ab Fiert\u00e9s, luttes et festivit\u00e9s : \u00e0 Strasbourg, immersion dans la Marche des visibilit\u00e9s \u00bb. \u00a9 Adrien Labit \/ Pokaa  <\/p>\n<p>    <img width=\"600\" height=\"400\" src=\"https:\/\/www.europesays.com\/fr\/wp-content\/uploads\/2025\/12\/france-strasbourg-fete-de-la-musique-2025-wr-61-sur-84-600x400.jpg\" class=\"attachment-image-size-M size-image-size-M\" alt=\"F\u00eate la musique 2025, foule, ambiance, fanfare, sourire, tambour, musiciens, jour\" decoding=\"async\" loading=\"lazy\"  \/>         Juin : \u00ab Le r\u00e9cap\u2019 en 64 photos : samedi, la F\u00eate de la musique a fait danser Strasbourg ! \u00bb. \u00a9 Wilfried Rion \/ Pokaa <\/p>\n<p>Juillet &amp; ao\u00fbt<\/p>\n<p>    <img width=\"800\" height=\"533\" src=\"https:\/\/www.europesays.com\/fr\/wp-content\/uploads\/2025\/12\/250713-pka-decibulles-33-800x533.jpg\" class=\"attachment-image-size-L size-image-size-L\" alt=\"Pokaa d\u00e9cibulles festival musique bi\u00e8re f\u00eate\" decoding=\"async\" loading=\"lazy\"  \/>         Juillet : \u00ab Du gros son et 55 bi\u00e8res locales : on a pass\u00e9 3 jours aux D\u00e9cibulles et c\u2019\u00e9tait canon ! \u00bb. \u00a9 Adrien Labit \/ Pokaa <\/p>\n<p>    <img width=\"600\" height=\"400\" src=\"https:\/\/www.europesays.com\/fr\/wp-content\/uploads\/2025\/12\/dsc-3078-600x400.jpg\" class=\"attachment-image-size-M size-image-size-M\" alt=\"manif manifestation palestine gaza\" decoding=\"async\" loading=\"lazy\"  \/>         Juillet : \u00ab Blocus alimentaire \u00e0 Gaza : \u00e0 Strasbourg &lsquo;on ne peut pas voir tout \u00e7a et ne pas r\u00e9agir&rsquo; \u00bb. \u00a9 Mathilde Cybulski \/ Pokaa <\/p>\n<p>    <img width=\"800\" height=\"533\" src=\"https:\/\/www.europesays.com\/fr\/wp-content\/uploads\/2025\/07\/france-strasbourg-espace-django-wr-91-sur-140-800x533.jpg\" class=\"attachment-image-size-L size-image-size-L\" alt=\"Espace Django 2025, sc\u00e8ne, concert, salle, ambiance, lumi\u00e8res, r\u00e9gis, foules, techniciens, chansigne\" decoding=\"async\" loading=\"lazy\"  \/>         Juillet : \u00ab M\u00e9tiers de l\u2019ombre : \u00e0 Strasbourg, 10h dans les coulisses d\u2019un concert de l\u2019Espace Django \u00bb. \u00a9 Wilfried Rion \/ Pokaa <\/p>\n<p>    <img width=\"600\" height=\"400\" src=\"https:\/\/www.europesays.com\/fr\/wp-content\/uploads\/2025\/12\/parc-orangerie-verdure-vegetal-plantes-nature-32-600x400.jpg\" class=\"attachment-image-size-M size-image-size-M\" alt=\"Parc Orangerie verdure v\u00e9g\u00e9tal plantes nature (32)\" decoding=\"async\" loading=\"lazy\"  \/>         Juillet : \u00ab Dans l\u2019intimit\u00e9 du parc de l\u2019Orangerie : entre \u00e9crin de verdure, cigognes et petites barques \u00bb. \u00a9 Marie Goehner-David \/ Pokaa <\/p>\n<p>    <img width=\"800\" height=\"533\" src=\"https:\/\/www.europesays.com\/fr\/wp-content\/uploads\/2025\/12\/dsc-7790-800x533.jpg\" class=\"attachment-image-size-L size-image-size-L\" alt=\"farse arts de rue spectacle culture\" decoding=\"async\" loading=\"lazy\"  \/>         Ao\u00fbt : \u00ab Le FARSe a 10 ans : retour en 41 photos sur un week-end inoubliable \u00e0 Strasbourg \u00bb. \u00a9 Mathilde Cybulski \/ Pokaa <\/p>\n<p>    <img width=\"600\" height=\"400\" src=\"https:\/\/www.europesays.com\/fr\/wp-content\/uploads\/2025\/12\/250724-pka-jdg-gn-53-600x400.jpg\" class=\"attachment-image-size-M size-image-size-M\" alt=\"jeu de r\u00f4le grandeur nature JDR GN\" decoding=\"async\" loading=\"lazy\"  \/>         Ao\u00fbt : \u00ab Sous-marin et monstre dans un fort alsacien : immersion dans un jeu de r\u00f4le grandeur nature ! \u00bb. \u00a9 Adrien Labit \/ Pokaa  <\/p>\n<p>Septembre &amp; octobre<\/p>\n<p>    <img width=\"800\" height=\"533\" src=\"https:\/\/www.europesays.com\/fr\/wp-content\/uploads\/2025\/12\/france-strasbourg-ete-wr-40-sur-113-800x533.jpg\" class=\"attachment-image-size-L size-image-size-L\" alt=\"P\u00e9dalos \u00e0 la base nautique des Docks Malraux\" decoding=\"async\" loading=\"lazy\"  \/>         Septembre : \u00ab Strasbourg l\u2019\u00e9t\u00e9 : entre cin\u00e9 plein air, feux d\u2019artifices et farniente \u00bb. \u00a9 Wilfried Rion \/ Pokaa <\/p>\n<p>    <img width=\"600\" height=\"400\" src=\"https:\/\/www.europesays.com\/fr\/wp-content\/uploads\/2025\/12\/25051-pka-simone-polak-5-600x400.jpg\" class=\"attachment-image-size-M size-image-size-M\" alt=\"Simone Polak survivante Shoah t\u00e9moignage\" decoding=\"async\" loading=\"lazy\"  \/>         Septembre : \u00ab &lsquo;Seuls 3% sont revenus&rsquo; : rencontre avec Simone Polak, une Alsacienne survivante d\u2019Auschwitz \u00bb. \u00a9 Adrien Labit \/ Pokaa <\/p>\n<p>    <img width=\"800\" height=\"533\" src=\"https:\/\/www.europesays.com\/fr\/wp-content\/uploads\/2025\/12\/festival-colors-urban-art-street-art-72-monsta-julien-800x533.jpg\" class=\"attachment-image-size-L size-image-size-L\" alt=\"Festival colors urban art street art (72) Monsta Julien\" decoding=\"async\" loading=\"lazy\"  \/>         Septembre : \u00ab Fresques monumentales color\u00e9es : \u00e0 Strasbourg, le festival COLORS Urban Art en 51 photos \u00bb. \u00a9 Marie Goehner-David \/ Pokaa <\/p>\n<p>    <img width=\"600\" height=\"400\" src=\"https:\/\/www.europesays.com\/fr\/wp-content\/uploads\/2025\/12\/france-strasbourg-mobilisation-bloquons-tout-wr-56-sur-123-600x400.jpg\" class=\"attachment-image-size-M size-image-size-M\" alt=\"10 septembre, bloquons tout, Foule, pancartes, manifestant, col\u00e8re\" decoding=\"async\" loading=\"lazy\"  \/>         Septembre : \u00ab &lsquo;Il n\u2019y a plus rien qui va&rsquo; : \u00e0 Strasbourg, 10000 personnes ont manifest\u00e9 pour le 10 septembre \u00bb. \u00a9 Wilfried Rion \/ Pokaa <\/p>\n<p>    <img width=\"800\" height=\"452\" src=\"https:\/\/www.europesays.com\/fr\/wp-content\/uploads\/2025\/09\/charbel-800x452.jpeg\" class=\"attachment-image-size-L size-image-size-L\" alt=\"Charbel logement \u00e9tudiant\" decoding=\"async\" loading=\"lazy\"  \/>         Septembre : \u00ab Du 9 m2 \u00e0 la coloc : \u00e0 Strasbourg, immersion photo dans les cocons de 8 \u00e9tudiant(e)s \u00bb. \u00a9 Manon Jensen et Caroline Alonso Alvarez \/ Pokaa <\/p>\n<p>    <img width=\"600\" height=\"400\" src=\"https:\/\/www.europesays.com\/fr\/wp-content\/uploads\/2025\/12\/dsc-8325-600x400.jpg\" class=\"attachment-image-size-M size-image-size-M\" alt=\"pot de d\u00e9part bayrou bloquons tout rassemblement\" decoding=\"async\" loading=\"lazy\"  \/>         Septembre : la place Kl\u00e9ber a accueilli de nombreuses manifestations, notamment contre le gouvernement Bayrou. \u00a9 Mathilde Cybulski \/ Pokaa <\/p>\n<p>Novembre &amp; d\u00e9cembre<\/p>\n<p>    <img width=\"800\" height=\"533\" src=\"https:\/\/www.europesays.com\/fr\/wp-content\/uploads\/2025\/12\/dsc-8231-800x533.jpg\" class=\"attachment-image-size-L size-image-size-L\" alt=\"ragondin bruche dilagne nature en ville\" decoding=\"async\" loading=\"lazy\"  \/>         Novembre : \u00ab Strasbourg, capitale des ragondins : 14 photos sur les traces de ce gros rongeur \u00bb. \u00a9 Mathilde Cybulski \/ Pokaa <\/p>\n<p>    <img width=\"600\" height=\"400\" src=\"https:\/\/www.europesays.com\/fr\/wp-content\/uploads\/2025\/12\/les-loutres-alsaciennes-natation-synchronisee-38-600x400.jpg\" class=\"attachment-image-size-M size-image-size-M\" alt=\"Les loutres alsaciennes natation synchronis\u00e9e (38)\" decoding=\"async\" loading=\"lazy\"  \/>         Novembre : \u00ab Loutres alsaciennes : ces 8 papas sont champions de France de natation synchronis\u00e9e ! \u00bb. \u00a9 Marie Goehner-David \/ Pokaa <\/p>\n<p>    <img width=\"800\" height=\"492\" src=\"https:\/\/www.europesays.com\/fr\/wp-content\/uploads\/2025\/12\/capture-decran-2025-11-28-a-120554-e1764677015428-800x492.jpg\" class=\"attachment-image-size-L size-image-size-L\" alt=\"Les Rockeurs ont du coeur Caesaria\" decoding=\"async\" loading=\"lazy\"  \/>         D\u00e9cembre : \u00ab Plus de 100 jouets r\u00e9colt\u00e9s : retour en photos sur les Rockeurs ont du c\u0153ur Strasbourg \u00bb. \u00a9 Manon Jensen \/ Pokaa <\/p>\n<p style=\"text-align: center;\"><strong>Et vous, quels ont \u00e9t\u00e9 vos moments pr\u00e9f\u00e9r\u00e9s cette ann\u00e9e ?<\/strong><\/p>\n","protected":false},"excerpt":{"rendered":"Accueil \/ Strasbourg \/ Nos photographes ont du talent : \u00e0 Strasbourg et alentours, 2025 racont\u00e9e en 25&hellip;\n","protected":false},"author":2,"featured_media":630862,"comment_status":"","ping_status":"","sticky":false,"template":"","format":"standard","meta":{"footnotes":""},"categories":[2820],"tags":[1111,11,73978,1777,674,1011,27,775,12,27568,25,5570,640],"class_list":{"0":"post-630861","1":"post","2":"type-post","3":"status-publish","4":"format-standard","5":"has-post-thumbnail","7":"category-strasbourg","8":"tag-actu","9":"tag-actualites","10":"tag-annee-2025","11":"tag-eu","12":"tag-europe","13":"tag-fr","14":"tag-france","15":"tag-grand-est","16":"tag-news","17":"tag-photographies","18":"tag-republique-francaise","19":"tag-retrospective","20":"tag-strasbourg"},"share_on_mastodon":{"url":"https:\/\/pubeurope.com\/@fr\/115811035442693895","error":""},"_links":{"self":[{"href":"https:\/\/www.europesays.com\/fr\/wp-json\/wp\/v2\/posts\/630861","targetHints":{"allow":["GET"]}}],"collection":[{"href":"https:\/\/www.europesays.com\/fr\/wp-json\/wp\/v2\/posts"}],"about":[{"href":"https:\/\/www.europesays.com\/fr\/wp-json\/wp\/v2\/types\/post"}],"author":[{"embeddable":true,"href":"https:\/\/www.europesays.com\/fr\/wp-json\/wp\/v2\/users\/2"}],"replies":[{"embeddable":true,"href":"https:\/\/www.europesays.com\/fr\/wp-json\/wp\/v2\/comments?post=630861"}],"version-history":[{"count":0,"href":"https:\/\/www.europesays.com\/fr\/wp-json\/wp\/v2\/posts\/630861\/revisions"}],"wp:featuredmedia":[{"embeddable":true,"href":"https:\/\/www.europesays.com\/fr\/wp-json\/wp\/v2\/media\/630862"}],"wp:attachment":[{"href":"https:\/\/www.europesays.com\/fr\/wp-json\/wp\/v2\/media?parent=630861"}],"wp:term":[{"taxonomy":"category","embeddable":true,"href":"https:\/\/www.europesays.com\/fr\/wp-json\/wp\/v2\/categories?post=630861"},{"taxonomy":"post_tag","embeddable":true,"href":"https:\/\/www.europesays.com\/fr\/wp-json\/wp\/v2\/tags?post=630861"}],"curies":[{"name":"wp","href":"https:\/\/api.w.org\/{rel}","templated":true}]}}