{"id":630869,"date":"2025-12-30T23:12:13","date_gmt":"2025-12-30T23:12:13","guid":{"rendered":"https:\/\/www.europesays.com\/fr\/630869\/"},"modified":"2025-12-30T23:12:13","modified_gmt":"2025-12-30T23:12:13","slug":"bordeaux-metropole-et-le-littoral-toujours-en-croissance-lest-plus-a-la-peine","status":"publish","type":"post","link":"https:\/\/www.europesays.com\/fr\/630869\/","title":{"rendered":"Bordeaux M\u00e9tropole et le littoral toujours en croissance, l\u2019est plus \u00e0 la peine"},"content":{"rendered":"<p>1 Un solde naturel positif, exception r\u00e9gionale<\/p>\n<p>Sans surprise et avec exactement 1\u00a0690\u00a0493 habitants recens\u00e9s, la Gironde&#8230;<\/p>\n<p>1 Un solde naturel positif, exception r\u00e9gionale<\/p>\n<p>Sans surprise et avec exactement 1\u00a0690\u00a0493 habitants recens\u00e9s, la Gironde reste le d\u00e9partement le plus peupl\u00e9 de Nouvelle-Aquitaine, regroupant plus du quart de ses habitants. Une r\u00e9gion elle-m\u00eame en croissance, la troisi\u00e8me la plus peupl\u00e9e de France avec 6\u00a0150\u00a0451 habitants (+\u00a00,54\u00a0%).<\/p>\n<p>Entre 2017 et 2023, la population du d\u00e9partement a augment\u00e9 de 1,1\u00a0% par an en moyenne, soit 17\u00a0900 habitants suppl\u00e9mentaires, ce qui n\u2019est pas sans poser, on le sait aussi, <a href=\"https:\/\/www.sudouest.fr\/societe\/logement\/logement-social-en-gironde-quelles-solutions-pour-sortir-du-grand-embouteillage-25950603.php\" target=\"_blank\" rel=\"follow noopener\">de gros soucis de logement<\/a> et de mobilit\u00e9s. C\u2019est un peu moins spectaculaire que pour la p\u00e9riode pr\u00e9c\u00e9dente (1,3\u00a0% de 2016 \u00e0 2022) mais la dynamique reste la m\u00eame.<\/p>\n<p>Dans une r\u00e9gion elle-m\u00eame attractive, la Gironde est un aimant puissant, comme le montre son solide solde migratoire (la diff\u00e9rence entre d\u00e9parts et arriv\u00e9es sur le territoire) qui s\u2019\u00e9l\u00e8ve \u00e0\u00a00,92\u00a0% et reste le v\u00e9ritable carburant de sa d\u00e9mographie.<\/p>\n<p>Mais alors que le d\u00e9ficit naturel de Nouvelle-Aquitaine se creuse (13\u00a0700\u00a0personnes en moins par an en moyenne), le d\u00e9partement est le seul de la r\u00e9gion o\u00f9 l\u2019on na\u00eet plus qu\u2019on meurt. L\u2019exception girondine.<\/p>\n<p>2 Bordeaux M\u00e9tropole, une locomotive qui ne ralentit pas<\/p>\n<p>L\u2019analyse plus fine des chiffres par commune confirme une concentration massive de la croissance autour de l\u2019agglom\u00e9ration bordelaise. La ville de Bordeaux reste, de loin, la plus peupl\u00e9e avec 267\u00a0991 habitants, affichant une progression spectaculaire de 13\u00a0555 habitants depuis 2017.<\/p>\n<p>Derri\u00e8re la locomotive, les wagons M\u00e9rignac (78\u00a0090 habitants, +\u00a07\u00a0985) et Pessac (67\u00a0339 et +\u00a03\u00a0531) restent solidement accroch\u00e9s. Mais la pouss\u00e9e la plus remarquable est \u00e0 mettre au cr\u00e9dit de Villenave-d\u2019Ornon qui a attir\u00e9 8\u00a0455\u00a0administr\u00e9s en six ans, soit une progression de pr\u00e8s de 25\u00a0%\u00a0!<\/p>\n<p>        <img decoding=\"async\" id=\"27247117\" src=\"https:\/\/www.europesays.com\/fr\/wp-content\/uploads\/2025\/12\/sudouest-photo-1-33982982.jpg\" alt=\"La rocade bordelaise du c\u00f4t\u00e9 de Villenave-d\u2019Ornon, qui a gagn\u00e9 25\u00a0% d\u2019habitants entre 2017 et 2023.\" itemprop=\"contentURL\"\/><\/p>\n<p>    La rocade bordelaise du c\u00f4t\u00e9 de Villenave-d\u2019Ornon, qui a gagn\u00e9 25\u00a0% d\u2019habitants entre 2017 et 2023.<\/p>\n<p>Archives Thierry David\u00a0\/\u00a0SO<\/p>\n<p>Toujours dans la m\u00e9tropole bordelaise, Talence (+\u00a03\u00a0732) et B\u00e8gles (+\u00a03\u00a0230) compl\u00e8tent le tableau d\u2019une agglom\u00e9ration toujours plus peupl\u00e9e et c\u0153ur battant de la vitalit\u00e9 d\u00e9partementale.<\/p>\n<p>Hors de la r\u00e9gion bordelaise, d\u2019autres villes maintiennent une dynamique positive, comme La\u00a0Teste-de-Buch (+\u00a01\u00a0488 habitants), huiti\u00e8me ville de Gironde en nombre d\u2019habitants derri\u00e8re les m\u00e9tropolitaines, <a href=\"https:\/\/www.sudouest.fr\/gironde\/lacanau\/medoc-la-fracture-nord-sud-a-l-epreuve-de-la-cooperation-territoriale-27211492.php\" target=\"_blank\" rel=\"follow noopener\">ou plusieurs communes du M\u00e9doc<\/a>.<\/p>\n<p>Plus surprenant, alors qu\u2019\u00e0 peu pr\u00e8s partout les communes littorales gagnent des habitants, L\u00e8ge-Cap-Ferret est celle qui en perd le plus en valeur absolue (-\u00a0500), apr\u00e8s avoir doubl\u00e9 entre 1968 et 2017. Comme sa voisine du Bassin, Arcachon perd du monde mais dans une moindre mesure (-\u00a0197) et voit sa population vieillir.<\/p>\n<p>Enfin, \u00e0 l\u2019est, mondialement connu et l\u2019un des principaux p\u00f4les touristiques de Gironde, Saint-\u00c9milion est la deuxi\u00e8me au classement des communes en baisse, en valeur (-\u00a0266), et la dixi\u00e8me en pourcentage (-\u00a014,2).<\/p>\n<p>3 Fracture territoriale confirm\u00e9e<\/p>\n<p>En y regardant d\u2019encore plus pr\u00e8s, l\u2019infographie de l\u2019\u00e9volution d\u00e9mographique du d\u00e9partement montre une r\u00e9alit\u00e9 plus nuanc\u00e9e. Si une large ceinture de communes \u00e0 l\u2019est du bassin d\u2019Arcachon est en forte hausse, <a href=\"https:\/\/www.sudouest.fr\/gironde\/lugos\/demographie-sur-le-bassin-d-arcachon-lugos-et-saint-magne-les-deux-petites-communes-qui-croissent-de-30-3-27241984.php\" target=\"_blank\" rel=\"noopener\">jusqu\u2019\u00e0 30\u00a0% \u00e0 Saint-Magne ou Lugos<\/a>, d\u2019autres secteurs sont plus \u00e0 la peine d\u00e9mographiquement. Ils affichent une croissance faible, une stagnation ou une baisse de leur population.<\/p>\n<p>    Sur le m\u00eame sujet<\/p>\n<p>                        <a href=\"https:\/\/www.sudouest.fr\/gironde\/lacanau\/medoc-la-fracture-nord-sud-a-l-epreuve-de-la-cooperation-territoriale-27211492.php\" title=\"M\u00e9doc\u00a0: la fracture nord-sud \u00e0 l\u2019\u00e9preuve de la coop\u00e9ration territoriale\" target=\"_blank\" rel=\"noopener\"><br \/>\n                            <img decoding=\"async\" src=\"https:\/\/www.europesays.com\/fr\/wp-content\/uploads\/2025\/12\/img-4905.jpg\" alt=\"M\u00e9doc\u00a0: la fracture nord-sud \u00e0 l\u2019\u00e9preuve de la coop\u00e9ration territoriale\"\/><br \/>\n                        <\/a><\/p>\n<p>                    <a href=\"https:\/\/www.sudouest.fr\/gironde\/lacanau\/medoc-la-fracture-nord-sud-a-l-epreuve-de-la-cooperation-territoriale-27211492.php\" title=\"M\u00e9doc\u00a0: la fracture nord-sud \u00e0 l\u2019\u00e9preuve de la coop\u00e9ration territoriale\" target=\"_blank\" rel=\"noopener\"><\/p>\n<p>\n                            M\u00e9doc\u00a0: la fracture nord-sud \u00e0 l\u2019\u00e9preuve de la coop\u00e9ration territoriale\n                        <\/p>\n<p>                    <\/a><\/p>\n<p>\n                        D\u00e9mographie, emploi, logement, mobilit\u00e9\u2026 Les donn\u00e9es de l\u2019Insee et du Parc naturel r\u00e9gional M\u00e9doc dressent un \u00e9tat des lieux socio-\u00e9conomique contrast\u00e9 de la presqu\u2019\u00eele, tandis que les \u00e9lus amorcent un travail commun sur un sch\u00e9ma de mobilit\u00e9s \u00e0 l\u2019\u00e9chelle du territoire, un premier pas collectif\n                    <\/p>\n<p>C\u2019est ainsi qu\u2019une \u00ab\u00a0Gironde \u00e0 deux vitesses\u00a0\u00bb se dessine clairement\u00a0: d\u2019un c\u00f4t\u00e9, une zone littorale ou p\u00e9riurbaine en pleine expansion, on l\u2019a dit, et de l\u2019autre des \u00ab\u00a0poches\u00a0\u00bb en difficult\u00e9 d\u00e9mographiquement, comme dans l\u2019est ou le sud-est du d\u00e9partement o\u00f9 le solde migratoire ne suffit plus \u00e0 compenser le d\u00e9ficit naturel de la population.<\/p>\n","protected":false},"excerpt":{"rendered":"1 Un solde naturel positif, exception r\u00e9gionale Sans surprise et avec exactement 1\u00a0690\u00a0493 habitants recens\u00e9s, la Gironde&#8230; 1&hellip;\n","protected":false},"author":2,"featured_media":630870,"comment_status":"","ping_status":"","sticky":false,"template":"","format":"standard","meta":{"footnotes":""},"categories":[2817],"tags":[1111,11,1997,1777,674,1011,27,12,2219,25],"class_list":{"0":"post-630869","1":"post","2":"type-post","3":"status-publish","4":"format-standard","5":"has-post-thumbnail","7":"category-bordeaux","8":"tag-actu","9":"tag-actualites","10":"tag-bordeaux","11":"tag-eu","12":"tag-europe","13":"tag-fr","14":"tag-france","15":"tag-news","16":"tag-nouvelle-aquitaine","17":"tag-republique-francaise"},"share_on_mastodon":{"url":"https:\/\/pubeurope.com\/@fr\/115811054087018128","error":""},"_links":{"self":[{"href":"https:\/\/www.europesays.com\/fr\/wp-json\/wp\/v2\/posts\/630869","targetHints":{"allow":["GET"]}}],"collection":[{"href":"https:\/\/www.europesays.com\/fr\/wp-json\/wp\/v2\/posts"}],"about":[{"href":"https:\/\/www.europesays.com\/fr\/wp-json\/wp\/v2\/types\/post"}],"author":[{"embeddable":true,"href":"https:\/\/www.europesays.com\/fr\/wp-json\/wp\/v2\/users\/2"}],"replies":[{"embeddable":true,"href":"https:\/\/www.europesays.com\/fr\/wp-json\/wp\/v2\/comments?post=630869"}],"version-history":[{"count":0,"href":"https:\/\/www.europesays.com\/fr\/wp-json\/wp\/v2\/posts\/630869\/revisions"}],"wp:featuredmedia":[{"embeddable":true,"href":"https:\/\/www.europesays.com\/fr\/wp-json\/wp\/v2\/media\/630870"}],"wp:attachment":[{"href":"https:\/\/www.europesays.com\/fr\/wp-json\/wp\/v2\/media?parent=630869"}],"wp:term":[{"taxonomy":"category","embeddable":true,"href":"https:\/\/www.europesays.com\/fr\/wp-json\/wp\/v2\/categories?post=630869"},{"taxonomy":"post_tag","embeddable":true,"href":"https:\/\/www.europesays.com\/fr\/wp-json\/wp\/v2\/tags?post=630869"}],"curies":[{"name":"wp","href":"https:\/\/api.w.org\/{rel}","templated":true}]}}