{"id":63087,"date":"2025-04-30T00:31:11","date_gmt":"2025-04-30T00:31:11","guid":{"rendered":"https:\/\/www.europesays.com\/fr\/63087\/"},"modified":"2025-04-30T00:31:11","modified_gmt":"2025-04-30T00:31:11","slug":"f1-ocon-chante-les-louanges-de-muller-jai-beaucoup-de-plaisir-a-travailler-avec-elle","status":"publish","type":"post","link":"https:\/\/www.europesays.com\/fr\/63087\/","title":{"rendered":"F1 &#8211; Ocon chante les louanges de M\u00fcller : \u00ab J&rsquo;ai beaucoup de plaisir \u00e0 travailler avec elle \u00bb"},"content":{"rendered":"<p>Apr\u00e8s cinq Grands Prix, <a href=\"https:\/\/www.autohebdo.fr\/pilote\/f1\/esteban-ocon-2\" data-internallinksmanager029f6b8e52c=\"37\" title=\"Esteban Ocon\" target=\"_blank\" rel=\"noopener\">Esteban Ocon<\/a> commence \u00e0 prendre ses marques au sein de sa nouvelle \u00e9curie, <a href=\"https:\/\/www.autohebdo.fr\/actualites\/ecurie\/haas\" data-internallinksmanager029f6b8e52c=\"82\" title=\"Ecurie Haas F1 Team\" target=\"_blank\" rel=\"noopener\">Haas<\/a>. Si le Fran\u00e7ais n\u2019a pas connu un d\u00e9but de saison des plus faciles, avec des performances en dents de scie et un manque de r\u00e9gularit\u00e9 au fil des week-ends, il continue \u00e0 s\u2019acclimater \u00e0 son nouvel environnement et \u00e0 ses nouveaux coll\u00e8gues de travail. En particulier, avec sa nouvelle ing\u00e9nieure de course : Laura M\u00fcller, premi\u00e8re femme \u00e0 occuper ce poste en <a href=\"https:\/\/www.autohebdo.fr\/actualites\/f1\" data-internallinksmanager029f6b8e52c=\"1\" title=\"F1\" target=\"_blank\" rel=\"noopener\">Formule 1<\/a>. L\u2019Allemande aussi d\u00e9couvre ce nouveau r\u00f4le au sein de l\u2019\u00e9curie am\u00e9ricaine \u2013 elle \u00e9tait ing\u00e9nieure performance jusqu\u2019\u00e0 l\u2019ann\u00e9e derni\u00e8re \u2013 et forc\u00e9ment, il faut du temps pour que le pilote et l\u2019ing\u00e9nieure trouvent leurs automatismes.<\/p>\n<p>N\u00e9anmoins, si les r\u00e9sultats sont pour l\u2019instant mitig\u00e9s \u2013 14 points inscrits mais seulement deux Top 10 et aucune Q3 sur les cinq Grands Prix \u2013 Esteban Ocon se r\u00e9jouit de la relation qu\u2019il entretient avec sa nouvelle ing\u00e9nieure. \u00ab J\u2019ai beaucoup de plaisir \u00e0 travailler avec Laura. C\u2019est une excellente ing\u00e9nieure, confie le Normand <a href=\"https:\/\/www.formula1.com\/en\/latest\/article\/beyond-the-grid-esteban-ocon-on-why-hes-feeling-at-home-with-haas.7F7Zvoze8FfmA68sGUt688\" target=\"_blank\" rel=\"noopener\">dans le podcast Beyond the Grid<\/a>. Elle a beaucoup d\u2019exp\u00e9rience dans diff\u00e9rentes cat\u00e9gories. Elle a fait du <a href=\"https:\/\/www.autohebdo.fr\/actualites\/gt-tourisme\/dtm\" data-internallinksmanager029f6b8e52c=\"67\" title=\"DTM\" target=\"_blank\" rel=\"noopener\">DTM<\/a>, j\u2019ai fait du DTM, nous avons donc ce point en commun. Mais elle a fait beaucoup de cat\u00e9gories diff\u00e9rentes, et sa trajectoire est tr\u00e8s impressionnante. C\u2019est formidable de travailler avec elle. Le nombre d\u2019heures qu\u2019elle consacre \u00e0 son travail est tr\u00e8s, tr\u00e8s impressionnant. Elle ne compte pas ses heures. \u00bb<\/p>\n<p>\u00ab Je me souviens qu\u2019\u00e0 Suzuka, nous avons eu une course difficile, mais nous avions toujours des r\u00e9unions et des d\u00e9briefs parce que ce n\u2019\u00e9tait pas la fa\u00e7on dont nous voulions faire la performance et elle ne s\u2019est pas lev\u00e9e pour prendre un sandwich ou une boisson pendant probablement toute la journ\u00e9e, se souvient Esteban Ocon, impressionn\u00e9 par la d\u00e9votion de son acolyte. Elle m\u2019a dit : \u2018Esteban, je vais probablement aller manger maintenant parce qu\u2019il est 20h00\u2019. Je lui ai demand\u00e9 : \u2018Tu n\u2019as pas encore mang\u00e9 ?\u2019 et elle me r\u00e9pond : \u2018Non\u2019, parce qu\u2019elle n\u2019en avait pas envie, parce qu\u2019elle \u00e9tait \u00e0 fond dans son travail. \u00bb<\/p>\n<p>Haas, \u00ab une grande famille \u00bb pour Ocon<\/p>\n<p>Apr\u00e8s cinq saisons pass\u00e9es chez <a href=\"https:\/\/www.autohebdo.fr\/actualites\/monoplace\/fr-alpine\" data-internallinksmanager029f6b8e52c=\"18\" title=\"Alpine\" target=\"_blank\" rel=\"noopener\">Alpine<\/a>, avec une fin d\u2019aventure tumultueuse entre les deux parties, Esteban Ocon d\u00e9couvre un tout nouvel environnement \u00e0 Banbury, plus confidentiel. Ce qui ne d\u00e9range pas l\u2019\u00c9bro\u00efcien qui appr\u00e9cie travailler dans ce genre de structure sous la houlette d\u2019Ayao Komatsu, le Team Principal de Haas.<\/p>\n<p>\u00ab La premi\u00e8re impression que j\u2019ai eue de l\u2019\u00e9quipe est celle d\u2019une grande famille, affirme Esteban Ocon. Cette \u00e9quipe m\u2019a vraiment bien accueilli, de telle sorte que je me suis tout de suite senti chez moi. C\u2019est vraiment un nouveau d\u00e9part pour moi. J\u2019ai l\u2019impression de tr\u00e8s bien m\u2019int\u00e9grer \u00e0 tout le monde et tout le monde a faim et est motiv\u00e9 pour fournir des r\u00e9sultats. Ils sont fiers de tout ce qu\u2019ils font quand ils le font. C\u2019est formidable, car si vous n\u2019\u00eates pas fier du travail que vous faites, cela ne sert \u00e0 rien de le faire. C\u2019est vraiment fantastique de faire partie d\u2019une telle \u00e9quipe et de pouvoir, je l\u2019esp\u00e8re, progresser encore cette ann\u00e9e. L\u2019atmosph\u00e8re, le sentiment d\u2019\u00eatre dans une famille, tout cela ressemble beaucoup \u00e0 l\u2019\u00e9poque de Force India, mais on ne se sent pas petit. Cette \u00e9quipe donne l\u2019impression d\u2019\u00eatre une grande \u00e9quipe par ce qu\u2019elle accomplit. \u00bb<\/p>\n<p><strong>\u00c0 LIRE AUSSI &gt;\u00a0<a href=\"https:\/\/www.autohebdo.fr\/actualites\/f1\/il-est-a-la-hauteur-max-verstappen-encense-oscar-piastri.html\" target=\"_blank\" rel=\"noopener\">Verstappen encense Piastri : \u00ab Il est tr\u00e8s calme dans son approche et j\u2019aime \u00e7a \u00bb<\/a><\/strong><\/p>\n","protected":false},"excerpt":{"rendered":"Apr\u00e8s cinq Grands Prix, Esteban Ocon commence \u00e0 prendre ses marques au sein de sa nouvelle \u00e9curie, Haas.&hellip;\n","protected":false},"author":2,"featured_media":63088,"comment_status":"","ping_status":"","sticky":false,"template":"","format":"standard","meta":{"footnotes":""},"categories":[1412],"tags":[2249,1451,1452,1453,1454,1455,1011,27,4443,16146,60],"class_list":{"0":"post-63087","1":"post","2":"type-post","3":"status-publish","4":"format-standard","5":"has-post-thumbnail","7":"category-f1","8":"tag-esteban-ocon","9":"tag-f1","10":"tag-formula-1","11":"tag-formula1","12":"tag-formule-1","13":"tag-formule1","14":"tag-fr","15":"tag-france","16":"tag-haas","17":"tag-laura-muller","18":"tag-sports"},"share_on_mastodon":{"url":"https:\/\/pubeurope.com\/@fr\/114424098507932607","error":""},"_links":{"self":[{"href":"https:\/\/www.europesays.com\/fr\/wp-json\/wp\/v2\/posts\/63087","targetHints":{"allow":["GET"]}}],"collection":[{"href":"https:\/\/www.europesays.com\/fr\/wp-json\/wp\/v2\/posts"}],"about":[{"href":"https:\/\/www.europesays.com\/fr\/wp-json\/wp\/v2\/types\/post"}],"author":[{"embeddable":true,"href":"https:\/\/www.europesays.com\/fr\/wp-json\/wp\/v2\/users\/2"}],"replies":[{"embeddable":true,"href":"https:\/\/www.europesays.com\/fr\/wp-json\/wp\/v2\/comments?post=63087"}],"version-history":[{"count":0,"href":"https:\/\/www.europesays.com\/fr\/wp-json\/wp\/v2\/posts\/63087\/revisions"}],"wp:featuredmedia":[{"embeddable":true,"href":"https:\/\/www.europesays.com\/fr\/wp-json\/wp\/v2\/media\/63088"}],"wp:attachment":[{"href":"https:\/\/www.europesays.com\/fr\/wp-json\/wp\/v2\/media?parent=63087"}],"wp:term":[{"taxonomy":"category","embeddable":true,"href":"https:\/\/www.europesays.com\/fr\/wp-json\/wp\/v2\/categories?post=63087"},{"taxonomy":"post_tag","embeddable":true,"href":"https:\/\/www.europesays.com\/fr\/wp-json\/wp\/v2\/tags?post=63087"}],"curies":[{"name":"wp","href":"https:\/\/api.w.org\/{rel}","templated":true}]}}