{"id":630879,"date":"2025-12-30T23:18:10","date_gmt":"2025-12-30T23:18:10","guid":{"rendered":"https:\/\/www.europesays.com\/fr\/630879\/"},"modified":"2025-12-30T23:18:10","modified_gmt":"2025-12-30T23:18:10","slug":"ou-deposer-son-sapin-de-noel-apres-les-fetes-a-marseille-et-ses-alentours","status":"publish","type":"post","link":"https:\/\/www.europesays.com\/fr\/630879\/","title":{"rendered":"O\u00f9 d\u00e9poser son sapin de No\u00ebl apr\u00e8s les f\u00eates \u00e0 Marseille et ses alentours ?"},"content":{"rendered":"<p class=\"rev-margin-0 rev-text-xs-normal\">Cette ann\u00e9e, la collecte a lieu du 2 au 26 janvier 2026 dans les 550 enclos d\u00e9di\u00e9s qui jonchent la M\u00e9tropole. \u00c0 Marseille, pr\u00e8s de 75 bacs sont disponibles dans toute la ville.<\/p>\n<p class=\"rev-margin-0 rev-text-xs-bold\">\/ Photo Fr\u00e9d\u00e9ric Speich<\/p>\n<p>Il a illumin\u00e9 votre int\u00e9rieur pendant les f\u00eates. D\u00e9sormais, il pique, penche et perd ses aiguilles. Le d\u00e9montage du sapin a sonn\u00e9. Si vous pensiez l\u2019abandonner sur le trottoir, mieux vaut vous raviser. Le d\u00e9p\u00f4t sauvage de d\u00e9chets sur la voie publique entra\u00eene une amende de 135\u00a0\u20ac. \u00c0 la place, pr\u00e9f\u00e9rez des solutions plus \u00e9cologiques. Chaque ann\u00e9e, la M\u00e9tropole Aix-Marseille met en place des centaines d\u2019enclos \u00e0 r\u00e9sineux naturels.<\/p>\n<p>Rendez-vous sur l\u2019application \u00ab\u00a0Adoptez le r\u00e9flexe\u00a0\u00bb pour trouver le point de collecte le plus pr\u00e8s de chez vous. Attention, les sapins doivent \u00eatre d\u00e9pos\u00e9s sans sac, sans neige artificielle, sans d\u00e9coration ni pied, dans les endroits d\u00e9di\u00e9s. Apr\u00e8s l\u2019avoir d\u00e9pos\u00e9 dans un bac de collecte, il est br\u00fbl\u00e9 puis transform\u00e9 en compost, pour ensuite pailler les espaces verts de la ville et nourrir les sols.<\/p>\n<p>En\u00a02024, 260\u00a0tonnes ont \u00e9t\u00e9 collect\u00e9es et revaloris\u00e9es<\/p>\n<p>Cette ann\u00e9e, la collecte a lieu du 2 au 26\u00a0janvier\u00a02026 dans les 550\u00a0enclos d\u00e9di\u00e9s par la M\u00e9tropole. \u00c0 Marseille, pr\u00e8s de 75\u00a0bacs sont disponibles dans toute la ville. Des d\u00e9chetteries sont mises \u00e0 disposition dans plusieurs quartiers\u00a0: \u00e0 la Zac de La Jarre (9e), \u00e0 la <a href=\"https:\/\/www.laprovence.com\/article\/societe\/92968711432755\/quartiers-de-marseille-la-capelette-par-celles-et-ceux-qui-la-font-vivre\" target=\"_blank\" rel=\"noopener\">Capelette <\/a>(10e), aux Caillols (11e), \u00e0 <a href=\"https:\/\/www.laprovence.com\/article\/societe\/49357968603629\/marseille-chateau-gombert-raconte-par-ceux-qui-y-vivent-et-y-travaillent\" target=\"_blank\" rel=\"noopener\">Ch\u00e2teau Gombert<\/a> (13e) et aux <a href=\"https:\/\/www.laprovence.com\/article\/region\/18941463335249\/aux-aygalades-a-marseille-une-nature-qui-attend-d-etre-encore-mieux-protegee\" target=\"_blank\" rel=\"noopener\">Aygalades <\/a>(15e).<\/p>\n<p>Dans les communes avoisinantes, le recyclage de votre sapin est \u00e9galement possible. \u00c0 <a href=\"https:\/\/www.laprovence.com\/bouches-du-rhone\/plan-de-cuques-13075\" target=\"_blank\" rel=\"noopener\">Plan-de-Cuques<\/a>, huit\u00a0enclos sont propos\u00e9s et \u00e0 <a href=\"https:\/\/www.laprovence.com\/bouches-du-rhone\/allauch-13002\" target=\"_blank\" rel=\"noopener\">Allauch<\/a>, huit points de collectes sont ouverts du 26\u00a0d\u00e9cembre au 31\u00a0janvier. Aux <a href=\"https:\/\/www.laprovence.com\/bouches-du-rhone\/les-pennes-mirabeau-13071\" target=\"_blank\" rel=\"noopener\">Pennes-Mirabeau<\/a>, cinq enclos et une d\u00e9chetterie sur la Route de la carri\u00e8re sont accessibles. \u00c0<a href=\"https:\/\/www.laprovence.com\/bouches-du-rhone\/septemes-les-vallons-13106\" target=\"_blank\" rel=\"noopener\"> Sept\u00e8mes-les-Vallons<\/a>, huit points de collecte pour recycler son sapin sont mis en place jusqu\u2019au 26\u00a0janvier. Au <a href=\"https:\/\/www.laprovence.com\/bouches-du-rhone\/le-rove-13088\" target=\"_blank\" rel=\"noopener\">Rove<\/a>, aucun enclos \u00e0 sapin est ouvert et seule la d\u00e9chetterie sera ouverte dans le quartier du Campon (13740). En\u00a02024, plus de 87\u00a0000\u00a0sapins, soit pr\u00e8s de 260\u00a0tonnes, ont \u00e9t\u00e9 collect\u00e9s et valoris\u00e9s.<\/p>\n<p><strong><a href=\"https:\/\/ampmetropole.fr\/environnement\/la-metropole-donne-une-seconde-vie-aux-sapins-de-noel\/\" target=\"_blank\" rel=\"noopener\">Pour trouver un point de collecte pr\u00e8s de chez vous, rendez-vous sur la carte interactive de la M\u00e9tropole.<\/a><\/strong><\/p>\n","protected":false},"excerpt":{"rendered":"Cette ann\u00e9e, la collecte a lieu du 2 au 26 janvier 2026 dans les 550 enclos d\u00e9di\u00e9s qui&hellip;\n","protected":false},"author":2,"featured_media":630880,"comment_status":"","ping_status":"","sticky":false,"template":"","format":"standard","meta":{"footnotes":""},"categories":[2814],"tags":[17,1111,11,150,73979,436,1777,674,14537,1011,27,151,884,12,15830,882,25,63446,3711],"class_list":{"0":"post-630879","1":"post","2":"type-post","3":"status-publish","4":"format-standard","5":"has-post-thumbnail","7":"category-marseille","8":"tag-17","9":"tag-actu","10":"tag-actualites","11":"tag-apres","12":"tag-deposer","13":"tag-environnement","14":"tag-eu","15":"tag-europe","16":"tag-fetes","17":"tag-fr","18":"tag-france","19":"tag-les","20":"tag-marseille","21":"tag-news","22":"tag-noel","23":"tag-provence-alpes-cote-dazur","24":"tag-republique-francaise","25":"tag-sapin","26":"tag-son"},"share_on_mastodon":{"url":"https:\/\/pubeurope.com\/@fr\/115811077563759097","error":""},"_links":{"self":[{"href":"https:\/\/www.europesays.com\/fr\/wp-json\/wp\/v2\/posts\/630879","targetHints":{"allow":["GET"]}}],"collection":[{"href":"https:\/\/www.europesays.com\/fr\/wp-json\/wp\/v2\/posts"}],"about":[{"href":"https:\/\/www.europesays.com\/fr\/wp-json\/wp\/v2\/types\/post"}],"author":[{"embeddable":true,"href":"https:\/\/www.europesays.com\/fr\/wp-json\/wp\/v2\/users\/2"}],"replies":[{"embeddable":true,"href":"https:\/\/www.europesays.com\/fr\/wp-json\/wp\/v2\/comments?post=630879"}],"version-history":[{"count":0,"href":"https:\/\/www.europesays.com\/fr\/wp-json\/wp\/v2\/posts\/630879\/revisions"}],"wp:featuredmedia":[{"embeddable":true,"href":"https:\/\/www.europesays.com\/fr\/wp-json\/wp\/v2\/media\/630880"}],"wp:attachment":[{"href":"https:\/\/www.europesays.com\/fr\/wp-json\/wp\/v2\/media?parent=630879"}],"wp:term":[{"taxonomy":"category","embeddable":true,"href":"https:\/\/www.europesays.com\/fr\/wp-json\/wp\/v2\/categories?post=630879"},{"taxonomy":"post_tag","embeddable":true,"href":"https:\/\/www.europesays.com\/fr\/wp-json\/wp\/v2\/tags?post=630879"}],"curies":[{"name":"wp","href":"https:\/\/api.w.org\/{rel}","templated":true}]}}