{"id":630885,"date":"2025-12-30T23:21:12","date_gmt":"2025-12-30T23:21:12","guid":{"rendered":"https:\/\/www.europesays.com\/fr\/630885\/"},"modified":"2025-12-30T23:21:12","modified_gmt":"2025-12-30T23:21:12","slug":"a-lyon-le-gymnase-rosset-ouvre-pour-110-sans-abri","status":"publish","type":"post","link":"https:\/\/www.europesays.com\/fr\/630885\/","title":{"rendered":"\u00e0 Lyon, le gymnase Rosset ouvre pour 110 sans-abri"},"content":{"rendered":"<p>Ce mardi 30\u00a0d\u00e9cembre, \u00e0 l\u2019occasion du d\u00e9clenchement du plan grand froid\u00a0par la pr\u00e9fecture du Rh\u00f4ne le lundi 29\u00a0d\u00e9cembre \u00e0 minuit, 110 personnes qui vivent \u00e0 la rue devaient \u00eatre h\u00e9berg\u00e9es pour la nuit au gymnase Rosset (Lyon 7e).<\/p>\n<p>D\u00e8s 17\u00a0h, les quelques b\u00e9n\u00e9voles de la Croix-Rouge d\u00e9j\u00e0 sur place s\u2019affairent \u00e0 l\u2019organisation des diff\u00e9rents p\u00f4les pour accueillir \u00e0 18\u00a0h les premi\u00e8res personnes, orient\u00e9es auparavant par le 115.<\/p>\n<p>  Une tisanerie avec des boissons chaudes<\/p>\n<p>\u00ab\u00a0On installe la tisanerie o\u00f9 il y aura les boissons chaudes. On a des stocks de conserves et de plats micro-ondables, des packs d\u2019eau, des kits d\u2019hygi\u00e8ne, des duvets et des couvertures pour la nuit\u00a0\u00bb, explique Andr\u00e9 Aubin, directeur adjoint \u00e0 l\u2019urgence \u00e0 la Croix-Rouge.<\/p>\n<p>Ce dispositif d\u2019h\u00e9bergement d\u2019urgence g\u00e9r\u00e9 en collaboration entre la Croix-Rouge et le Foyer Notre-Dame des Sans-Abri, sera effectif tous les jours de 16 heures, \u00e0 10 heures le lendemain jusqu\u2019au mercredi 7\u00a0janvier.<\/p>\n<p>Pour l\u2019occasion, Anne Laybourne, sous-pr\u00e9f\u00e8te charg\u00e9e de la politique de la ville, et Sophia Popoff, adjointe au logement \u00e0 la ville de Lyon, \u00e9taient pr\u00e9sentes pour rencontrer les \u00e9quipes de b\u00e9n\u00e9voles et les personnes accueillies.<\/p>\n<p>  Des places d\u2019h\u00e9bergements d\u2019urgence suppl\u00e9mentaires<\/p>\n<p>\u00ab\u00a0On a mis en place des mesures de veille sociale suppl\u00e9mentaires avec un renforcement des maraudes professionnelles\u00a0\u00bb, indique Anne Laybourne. En pr\u00e9cisant qu\u2019il y aura \u00ab\u00a0une action particuli\u00e8re pour le 1er \u00a0janvier avec l\u2019installation d\u2019un point chaud \u00e0 Bellecour pour accueillir les personnes vuln\u00e9rables en journ\u00e9e.\u00a0\u00bb<\/p>\n<p>Le collectif Migrants Croix Rousse est venu interpeller la pr\u00e9f\u00e8te sur le sort des jeunes en recours de minorit\u00e9 qui vivent au Jardin des Chartreux.<\/p>\n<p>La pr\u00e9fecture du Rh\u00f4ne et la M\u00e9tropole de Lyon ont trouv\u00e9 un accord pour l\u2019ouverture d\u2019un deuxi\u00e8me gymnase \u00ab\u00a0pour augmenter les capacit\u00e9s d\u2019accueil du plan \u201cgrand froid\u201d\u00a0\u00bb, selon la pr\u00e9fecture.<\/p>\n","protected":false},"excerpt":{"rendered":"Ce mardi 30\u00a0d\u00e9cembre, \u00e0 l\u2019occasion du d\u00e9clenchement du plan grand froid\u00a0par la pr\u00e9fecture du Rh\u00f4ne le lundi 29\u00a0d\u00e9cembre&hellip;\n","protected":false},"author":2,"featured_media":630886,"comment_status":"","ping_status":"","sticky":false,"template":"","format":"standard","meta":{"footnotes":""},"categories":[1889],"tags":[1111,11,2430,2757,1777,674,1011,27,2428,5947,5946,12,25,2429,801,104],"class_list":{"0":"post-630885","1":"post","2":"type-post","3":"status-publish","4":"format-standard","5":"has-post-thumbnail","7":"category-lyon","8":"tag-actu","9":"tag-actualites","10":"tag-auvergne-rhone-alpes","11":"tag-edition-lyon-villeurbanne","12":"tag-eu","13":"tag-europe","14":"tag-fr","15":"tag-france","16":"tag-lyon","17":"tag-lyon-7e","18":"tag-lyon-7e-arrondissement","19":"tag-news","20":"tag-republique-francaise","21":"tag-rhone","22":"tag-social","23":"tag-societe"},"share_on_mastodon":{"url":"https:\/\/pubeurope.com\/@fr\/115811089314072868","error":""},"_links":{"self":[{"href":"https:\/\/www.europesays.com\/fr\/wp-json\/wp\/v2\/posts\/630885","targetHints":{"allow":["GET"]}}],"collection":[{"href":"https:\/\/www.europesays.com\/fr\/wp-json\/wp\/v2\/posts"}],"about":[{"href":"https:\/\/www.europesays.com\/fr\/wp-json\/wp\/v2\/types\/post"}],"author":[{"embeddable":true,"href":"https:\/\/www.europesays.com\/fr\/wp-json\/wp\/v2\/users\/2"}],"replies":[{"embeddable":true,"href":"https:\/\/www.europesays.com\/fr\/wp-json\/wp\/v2\/comments?post=630885"}],"version-history":[{"count":0,"href":"https:\/\/www.europesays.com\/fr\/wp-json\/wp\/v2\/posts\/630885\/revisions"}],"wp:featuredmedia":[{"embeddable":true,"href":"https:\/\/www.europesays.com\/fr\/wp-json\/wp\/v2\/media\/630886"}],"wp:attachment":[{"href":"https:\/\/www.europesays.com\/fr\/wp-json\/wp\/v2\/media?parent=630885"}],"wp:term":[{"taxonomy":"category","embeddable":true,"href":"https:\/\/www.europesays.com\/fr\/wp-json\/wp\/v2\/categories?post=630885"},{"taxonomy":"post_tag","embeddable":true,"href":"https:\/\/www.europesays.com\/fr\/wp-json\/wp\/v2\/tags?post=630885"}],"curies":[{"name":"wp","href":"https:\/\/api.w.org\/{rel}","templated":true}]}}