{"id":630889,"date":"2025-12-30T23:24:13","date_gmt":"2025-12-30T23:24:13","guid":{"rendered":"https:\/\/www.europesays.com\/fr\/630889\/"},"modified":"2025-12-30T23:24:13","modified_gmt":"2025-12-30T23:24:13","slug":"attaque-presumee-dune-residence-de-poutine-pour-paris-ces-accusations-visent-a-defier-lagenda-de-paix","status":"publish","type":"post","link":"https:\/\/www.europesays.com\/fr\/630889\/","title":{"rendered":"Attaque pr\u00e9sum\u00e9e d\u2019une r\u00e9sidence de Poutine\u00a0: pour Paris, ces accusations visent \u00e0 d\u00e9fier \u00ab\u00a0l\u2019agenda de paix\u00a0\u00bb"},"content":{"rendered":"<p class=\"paragraph text_align_left lp-f-body-02\">Les assertions du Kremlin, qui<a href=\"https:\/\/www.leparisien.fr\/international\/ukraine\/trump-en-colere-91-drones-ce-que-lon-sait-de-lattaque-ukrainienne-contre-la-residence-de-poutine-29-12-2025-EYZUCDERLRA5ROXQTPH5UO5YRU.php\" target=\"_blank\" rel=\"noreferrer noopener\"> accuse l\u2019Ukraine d\u2019avoir attaqu\u00e9 une r\u00e9sidence de Vladimir Poutine<\/a>, ne reposent sur \u00ab aucune preuve solide \u00bb et constituent \u00ab en soi un acte de d\u00e9fi contre l\u2019agenda de paix \u00bb du pr\u00e9sident am\u00e9ricain <a href=\"https:\/\/www.leparisien.fr\/international\/ukraine\/voulez-vous-manger-ou-considerez-vous-cela-comme-un-pot-de-vin-la-moquerie-de-trump-aux-journalistes-a-sa-reunion-avec-zelensky-28-12-2025-X7SSKJAG6FENNCXRST37Z56ZEQ.php\" target=\"_blank\" rel=\"noreferrer noopener\">Donald Trump<\/a>, a d\u00e9clar\u00e9 ce mardi l\u2019entourage du pr\u00e9sident fran\u00e7ais Emmanuel Macron.<\/p>\n<p class=\"\">\u00ab Il n\u2019existe aucune preuve solide qui vienne corroborer les graves accusations des autorit\u00e9s russes, y compris apr\u00e8s recoupement des informations avec nos partenaires \u00bb, a-t-on relev\u00e9 dans l\u2019entourage pr\u00e9sidentiel. \u00ab Les autorit\u00e9s russes elles-m\u00eames disent tout et son contraire sur ce qui s\u2019est r\u00e9ellement produit \u00bb, a-t-on ajout\u00e9 de m\u00eame source.<\/p>\n<p class=\"title-embed-dailymotion lp-color-text lp-f-subtitle-04\">Vid\u00e9oGuerre en Ukraine : ce que l\u2019on sait de \u00ab l\u2019attaque \u00bb de drones contre la r\u00e9sidence de Poutine en Russie<\/p>\n<p class=\"\">Les alli\u00e9s de Kiev ont la possibilit\u00e9 de \u00ab v\u00e9rifier \u00bb que l\u2019accusation de Moscou selon laquelle une attaque de drones ukrainiens a vis\u00e9 une r\u00e9sidence du pr\u00e9sident russe Vladimir Poutine est \u00ab fausse \u00bb, a \u00e9galement d\u00e9clar\u00e9 mardi le pr\u00e9sident ukrainien <a href=\"https:\/\/www.leparisien.fr\/international\/guerre-en-ukraine-moscou-accuse-kiev-davoir-lance-des-drones-contre-la-residence-de-poutine-un-mensonge-selon-zelensky-29-12-2025-ENJ37GEJRNA5VMSOLXEL47YWTY.php\" target=\"_blank\" rel=\"noreferrer noopener\">Volodymyr Zelensky<\/a>.<\/p>\n<p>\u00ab Nos partenaires peuvent v\u00e9rifier \u00bb<\/p>\n<p class=\"\">De son c\u00f4t\u00e9, la Russie a averti que cette attaque allait entra\u00eener un durcissement de sa position dans les pourparlers.<\/p>\n<p class=\"\">Moscou a accus\u00e9 Kiev d\u2019avoir vis\u00e9 dans la nuit de dimanche \u00e0 lundi avec 91 drones<a href=\"https:\/\/www.leparisien.fr\/international\/complexe-thermal-eglise-a-quoi-ressemble-la-residence-preferee-de-vladimir-poutine-visee-par-lukraine-selon-moscou-30-12-2025-UCIBJKYJ3NAMDGV27FU5VALMWU.php\" target=\"_blank\" rel=\"noreferrer noopener\"> une r\u00e9sidence de Vladimir Poutine situ\u00e9e \u00e0 Valda\u00ef<\/a>, entre Moscou et Saint-P\u00e9tersbourg, et hautement s\u00e9curis\u00e9e. Cette accusation intervenait au lendemain d\u2019une rencontre en Floride entre le pr\u00e9sident ukrainien Volodymyr Zelensky et son homologue am\u00e9ricain Donald Trump, qui pousse \u00e0 une r\u00e9solution du conflit lanc\u00e9 il y a pr\u00e8s de quatre ans.<\/p>\n<p class=\"\">Ces accusations jettent le doute sur la poursuite des tractations diplomatiques engag\u00e9es depuis novembre pour tenter de mettre fin au conflit le plus meurtrier en Europe depuis la Deuxi\u00e8me Guerre mondiale.<\/p>\n","protected":false},"excerpt":{"rendered":"Les assertions du Kremlin, qui accuse l\u2019Ukraine d\u2019avoir attaqu\u00e9 une r\u00e9sidence de Vladimir Poutine, ne reposent sur \u00ab&hellip;\n","protected":false},"author":2,"featured_media":630890,"comment_status":"","ping_status":"","sticky":false,"template":"","format":"standard","meta":{"footnotes":""},"categories":[1888],"tags":[1111,1928,11,1927,1777,674,1011,27,14,12,1926,626,1925,25],"class_list":{"0":"post-630889","1":"post","2":"type-post","3":"status-publish","4":"format-standard","5":"has-post-thumbnail","7":"category-paris","8":"tag-actu","9":"tag-actu-paris","10":"tag-actualites","11":"tag-actualites-paris","12":"tag-eu","13":"tag-europe","14":"tag-fr","15":"tag-france","16":"tag-international","17":"tag-news","18":"tag-news-paris","19":"tag-paris","20":"tag-paris-news","21":"tag-republique-francaise"},"share_on_mastodon":{"url":"https:\/\/pubeurope.com\/@fr\/115811101150077818","error":""},"_links":{"self":[{"href":"https:\/\/www.europesays.com\/fr\/wp-json\/wp\/v2\/posts\/630889","targetHints":{"allow":["GET"]}}],"collection":[{"href":"https:\/\/www.europesays.com\/fr\/wp-json\/wp\/v2\/posts"}],"about":[{"href":"https:\/\/www.europesays.com\/fr\/wp-json\/wp\/v2\/types\/post"}],"author":[{"embeddable":true,"href":"https:\/\/www.europesays.com\/fr\/wp-json\/wp\/v2\/users\/2"}],"replies":[{"embeddable":true,"href":"https:\/\/www.europesays.com\/fr\/wp-json\/wp\/v2\/comments?post=630889"}],"version-history":[{"count":0,"href":"https:\/\/www.europesays.com\/fr\/wp-json\/wp\/v2\/posts\/630889\/revisions"}],"wp:featuredmedia":[{"embeddable":true,"href":"https:\/\/www.europesays.com\/fr\/wp-json\/wp\/v2\/media\/630890"}],"wp:attachment":[{"href":"https:\/\/www.europesays.com\/fr\/wp-json\/wp\/v2\/media?parent=630889"}],"wp:term":[{"taxonomy":"category","embeddable":true,"href":"https:\/\/www.europesays.com\/fr\/wp-json\/wp\/v2\/categories?post=630889"},{"taxonomy":"post_tag","embeddable":true,"href":"https:\/\/www.europesays.com\/fr\/wp-json\/wp\/v2\/tags?post=630889"}],"curies":[{"name":"wp","href":"https:\/\/api.w.org\/{rel}","templated":true}]}}