{"id":63089,"date":"2025-04-30T00:32:09","date_gmt":"2025-04-30T00:32:09","guid":{"rendered":"https:\/\/www.europesays.com\/fr\/63089\/"},"modified":"2025-04-30T00:32:09","modified_gmt":"2025-04-30T00:32:09","slug":"nicolas-prodhomme-cetait-exceptionnel-actualite","status":"publish","type":"post","link":"https:\/\/www.europesays.com\/fr\/63089\/","title":{"rendered":"Nicolas Prodhomme : \u00ab C&rsquo;\u00e9tait exceptionnel ! \u00bb &#8211; Actualit\u00e9"},"content":{"rendered":"<p style=\"text-align: justify;\"><strong>Il aura donc attendu sa cinqui\u00e8me saison\u00a0dans les rangs professionnels pour ouvrir son compteur personnel. Le week-end dernier, Nicolas Prodhomme a remport\u00e9 la cinqui\u00e8me et derni\u00e8re \u00e9tape du Tour des Alpes (2.Pro). Un moment inoubliable qu\u2019il a partag\u00e9 avec son tout jeune co\u00e9quipier Paul Seixas, qui avait pris un peu plus t\u00f4t la d\u00e9cision de laisser la victoire \u00e0 son a\u00een\u00e9 tout en admettant que ce dernier \u00e9tait de toute fa\u00e7on au moins aussi fort que lui dans la derni\u00e8re ascension et ses pentes maximales \u00e0 12%. \u00c9quipier mod\u00e8le au sein de la formation Decathlon AG2R La Mondiale depuis son passage dans l&rsquo;\u00c9lite, Nicolas Prodhomme se voit enfin r\u00e9compens\u00e9 de son habituel travail de l\u2019ombre et de sa tr\u00e8s belle semaine dans les Alpes. L\u2019athl\u00e8te de 28 ans est revenu sur ce succ\u00e8s aupr\u00e8s de DirectVelo,\u00a0avec un peu de recul. Entretien.<\/strong><br \/><strong>DirectVelo : Tu viens de vivre un tr\u00e8s grand moment dans ta vie de coureur !<\/strong><br \/>Nicolas Prodhomme : C\u2019est ma premi\u00e8re victoire chez les pros, c\u2019est s\u00fbr que \u00e7a restera grav\u00e9 dans ma t\u00eate\u00a0toute ma vie. En plus, on r\u00e9alise le doubl\u00e9 et c\u2019est quand m\u00eame rare d\u2019arriver \u00e0 deux de cette fa\u00e7on-l\u00e0. C\u2019\u00e9tait exceptionnel, tout simplement ! Le reste de la semaine avait d\u00e9j\u00e0 \u00e9t\u00e9 tr\u00e8s beau et l\u00e0, c\u2019\u00e9tait un moment inoubliable le dernier jour.<\/p>\n<p><strong>Toute la semaine, Paul Seixas n\u2019a cess\u00e9 de r\u00e9p\u00e9ter que vous alliez finir par remporter une \u00e9tape, que c\u2019\u00e9tait l\u2019objectif, et vous l\u2019avez fait le dernier jour\u2026<br \/><\/strong>On avait deux gros objectifs : gagner une \u00e9tape et faire un bon g\u00e9n\u00e9ral avec \u00e9galement F\u00e9lix Gall. On avait la meilleure \u00e9quipe, la plus homog\u00e8ne, pour faire la course dans les ascensions difficiles. On voulait profiter de notre sup\u00e9riorit\u00e9 num\u00e9rique dans les moments clefs pour en claquer une. Pour le g\u00e9n\u00e9ral, (Michael) Storer \u00e9tait au-dessus de tout le monde, clairement. Mais on savait qu\u2019il y avait un coup \u00e0 faire le dernier jour alors on a tent\u00e9 notre chance \u00e0 fond. De l\u00e0 \u00e0 dire qu\u2019on allait r\u00e9aliser le doubl\u00e9, c\u2019\u00e9tait dur \u00e0 imaginer.<\/p>\n<p><strong>\u00ab PAUL A \u00c9T\u00c9 SINC\u00c8RE DANS SA R\u00c9ACTION \u00bb <\/strong><\/p>\n<p><strong>Quand as-tu r\u00e9alis\u00e9 que tu \u00e9tais en mesure de d\u00e9crocher ta premi\u00e8re victoire chez les pros ?<br \/><\/strong>D\u00e8s que j\u2019ai pris l\u2019\u00e9chapp\u00e9e, en r\u00e9alit\u00e9, donc assez t\u00f4t dans l\u2019\u00e9tape (sourire). Je sais que \u00e7a peut sembler pr\u00e9coce ou ambitieux dit comme \u00e7a mais j\u2019y croyais vraiment. J\u2019\u00e9tais dans une superbe condition toute la semaine, hormis le premier jour car j\u2019avais besoin de remettre en route apr\u00e8s un gros mois sans comp\u00e9tition (depuis Tirreno-Adriatico, NDLR). Le c\u0153ur \u00e9tait mont\u00e9 vite sur la premi\u00e8re \u00e9tape, c\u2019\u00e9tait poussif. Mais ensuite, j\u2019ai toujours \u00e9t\u00e9 super bien. Quand j\u2019ai vu la composition de l&rsquo;\u00e9chapp\u00e9e, j\u2019ai su qu\u2019on pouvait aller au bout et je me suis dit que Paul et moi \u00e9tions les meilleurs grimpeurs du groupe, m\u00eame si je me m\u00e9fiais des qualit\u00e9s de descendeur et de rouleur d\u2019Emil Herzog et de l\u2019exp\u00e9rience de Jakob Fuglsang. J\u2019\u00e9tais persuad\u00e9 de pouvoir gagner mais il ne fallait pas commettre d\u2019erreurs. On voulait arriver au pied de la derni\u00e8re mont\u00e9e avec une \u00e9chapp\u00e9e group\u00e9e et ensuite, on a fait la diff\u00e9rence en deux temps dans l&rsquo;ascension.<\/p>\n<p><strong>Paul a d\u00e9clar\u00e9 apr\u00e8s coup que tu \u00e9tais plus fort que lui dans cette derni\u00e8re mont\u00e9e !<br \/><\/strong>Il m\u2019a dit \u201cpas plus vite\u201d \u00e0 un moment donn\u00e9 mais c\u2019est tout. En r\u00e9alit\u00e9, j\u2019\u00e9tais moi aussi \u00e0 fond. Peut-\u00eatre que j\u2019aurais pu le l\u00e2cher mais \u00e7a n\u2019avait \u00e9videmment aucun int\u00e9r\u00eat. C\u2019est mon co\u00e9quipier, on devait unir nos forces et s\u2019\u00e9viter le retour d\u2019Emil Herzog dans la descente. Je voulais vraiment que l\u2019on bascule avec une marge de s\u00e9curit\u00e9 alors il ne fallait pas temporiser dans la mont\u00e9e mais arriver ensemble, tous les deux, c\u2019est tellement plus beau !<\/p>\n<p><strong>Dans ces cas-l\u00e0, lorsque deux co\u00e9quipiers arrivent main dans la main, on se demande toujours comment a \u00e9t\u00e9 prise la d\u00e9cision de savoir qui allait l\u2019emporter. Or, \u00e0 peine descendu de machine, Paul Seixas a \u00e9t\u00e9 interview\u00e9 par nos confr\u00e8res de L\u2019Equipe et \u00e0 chaud, il a livr\u00e9 une confidence : l\u2019\u00e9quipe souhaitait que ce soit lui qui l\u2019emporte mais il a pr\u00e9f\u00e9r\u00e9 te laisser la victoire. Peux-tu nous en dire plus ?<br \/><\/strong>Paul a \u00e9t\u00e9 sinc\u00e8re dans sa r\u00e9action d\u2019apr\u00e8s-course, on ne peut pas lui en vouloir. Il est tr\u00e8s jeune, il d\u00e9couvre le m\u00e9tier. Malheureusement, le titre dans la presse a \u00e9t\u00e9 tr\u00e8s accrocheur et \u00e7a piquait un peu les yeux. Ce n\u2019\u00e9tait pas forc\u00e9ment ce que l\u2019on voulait retenir de la journ\u00e9e. Ce qu\u2019il s\u2019est pass\u00e9, c\u2019est qu\u2019une d\u00e9cision a en effet \u00e9t\u00e9 prise. Je le comprends car il se peut que parfois, deux coureurs ne se mettent pas d\u2019accord et dans ces cas-l\u00e0, \u00e7a peut \u00eatre au staff de trancher. La consigne est arriv\u00e9e dans nos oreillettes mais Paul s\u2019y est oppos\u00e9 tout de suite. Il a dit : \u00ab Non, non, c\u2019est bon, on s\u2019est mis d\u2019accord avec Nico, c\u2019est pour lui \u00bb. Il s\u2019est dit que je le m\u00e9ritais au vu du boulot r\u00e9alis\u00e9 toute la semaine. Il a aussi vu ce que j\u2019ai fait l\u2019an pass\u00e9 au Championnat de France pour Paul Lapeira ou au Tour de Romandie pour Dorian Godon. On s\u2019entend tr\u00e8s bien, c\u2019est un super gars et j\u2019ai \u00e9t\u00e9 tr\u00e8s touch\u00e9 de son comportement. C\u2019est un gar\u00e7on tr\u00e8s intelligent. Ce geste va encore le grandir et en plus, \u00e7a le rend encore plus sympathique et appr\u00e9ci\u00e9 du public. Il n&rsquo;y avait qu&rsquo;\u00e0 lire les r\u00e9actions sur les r\u00e9seaux sociaux.\u00a0<\/p>\n<p><strong>\u00ab JE NE LE VIVAIS PAS MAL \u00bb<\/strong><\/p>\n<p><strong>Quel \u00e9tait ton sentiment \u00e0 chaud, et d\u00e9sormais avec un peu de recul ? Tu as vu ton jeune co\u00e9quipier, sans doute amen\u00e9 \u00e0 devenir \u00e0 terme le grand leader de l\u2019\u00e9quipe, te faire ce cadeau mais invers\u00e9ment, \u201cau-dessus\u201d, on ne comptait pas te laisser la victoire\u2026<br \/><\/strong>Ce qu\u2019il faut retenir, c\u2019est cette image de Paul et moi sur la ligne, le bonheur sur nos visages puis la fa\u00e7on dont on s\u2019est pris dans les bras apr\u00e8s la ligne. C&rsquo;\u00e9tait un moment d&rsquo;une grande sinc\u00e9rit\u00e9. Pour le reste, il n\u2019y a aucun probl\u00e8me. Encore une fois, il fallait prendre une d\u00e9cision, je la respecte et la comprend. J\u2019ai demand\u00e9 une explication apr\u00e8s coup, malgr\u00e9 tout, pour savoir le pourquoi du comment exactement, et il y avait bien s\u00fbr des arguments pour laisser la victoire \u00e0 Paul. Toujours est-il que j\u2019ai gagn\u00e9 et ouvert mon compteur chez les pros. Je le r\u00e9p\u00e8te, c\u2019est exceptionnel et c&rsquo;est ce qu&rsquo;il faut retenir.\u00a0<\/p>\n<p><strong>Craignais-tu que cette victoire n\u2019arrive peut-\u00eatre jamais ?<br \/><\/strong>Beaucoup attendent un premier succ\u00e8s chez les pros pendant tr\u00e8s longtemps. Pour ma part, je ne le vivais pas mal. Dans l\u2019\u00e9quipe, on y croyait. Certains membres du staff m\u2019ont dit aux stages de pr\u00e9-saison que c\u2019\u00e9tait la bonne ann\u00e9e, que j\u2019allais le faire. L\u2019ann\u00e9e derni\u00e8re, j\u2019ai pris beaucoup de plaisir \u00e0 faire gagner les autres, c\u2019est autant de bonheur que de gagner soi-m\u00eame, \u00e0 vrai dire. J\u2019\u00e9tais aussi heureux du titre de Paul Lapeira au Championnat de France et des \u00e9tapes de Dorian Godon en Romandie apr\u00e8s avoir \u00e9t\u00e9 le dernier \u00e0 le lancer que de cette victoire au Tour des Alpes. La diff\u00e9rence, c\u2019est que cette fois, c\u2019est mon nom qui est inscrit tout en haut du classement. Plus les jours passent, plus je r\u00e9alise ce qu&rsquo;il vient de se passer. Pour r\u00e9pondre plus pr\u00e9cis\u00e9ment \u00e0 la question, je n\u2019avais pas vraiment loup\u00e9 d\u2019opportunit\u00e9s de gagner jusqu\u2019\u00e0 pr\u00e9sent, c\u2019est simplement que je n\u2019avais pas l\u2019occasion de le faire, mais je savais que c\u2019\u00e9tait possible, un jour ou l\u2019autre. J\u2019avais un boulot d\u2019\u00e9quipier \u00e0 faire et c\u2019est normal. L\u2019an pass\u00e9, j\u2019ai toujours \u00e9paul\u00e9 les leaders, en \u00e9tant r\u00e9guli\u00e8rement le dernier \u00e0 accompagner le leader en montagne, par exemple. L\u00e0, j\u2019ai saisi ma chance et je me dis qu\u2019il est possible de le faire. Je vais y penser de plus en plus, forc\u00e9ment, d\u2019autant que je sens que je continue de passer un cap physiquement.<\/p>\n<p><strong>Imagines-tu avoir \u00e0 nouveau ta chance dans les prochaines semaines, les prochains mois ?<br \/><\/strong>Oui, c\u2019est pr\u00e9vu. Le prochain gros objectif sera le Tour d\u2019Italie et avec l\u2019effectif align\u00e9 l\u00e0-bas par l&rsquo;\u00e9quipe autour d&rsquo;un sprinteur (Sam Bennett, NDLR), je sais que j\u2019aurai beaucoup d\u2019opportunit\u00e9s, je pourrai jouer ma carte personnelle sur les \u00e9tapes qui me correspondent. C\u2019est vraiment cool, j\u2019ai h\u00e2te d\u2019y \u00eatre. Maintenant que j\u2019ai gagn\u00e9, je vais pouvoir courir de fa\u00e7on plus lib\u00e9r\u00e9e et \u00e7a ne peut \u00eatre que b\u00e9n\u00e9fique. Bon, \u00e0 l\u2019inverse, je serai peut-\u00eatre un peu plus surveill\u00e9 \u00e9galement (sourire) mais il faudra faire avec.\u00a0<\/p>\n","protected":false},"excerpt":{"rendered":"Il aura donc attendu sa cinqui\u00e8me saison\u00a0dans les rangs professionnels pour ouvrir son compteur personnel. Le week-end dernier,&hellip;\n","protected":false},"author":2,"featured_media":63090,"comment_status":"","ping_status":"","sticky":false,"template":"","format":"standard","meta":{"footnotes":""},"categories":[1411],"tags":[834,828,836,829,837,827,83,826,824,823,1154,207,814,817,815,816,822,821,832,211,839,1011,27,820,818,819,835,831,830,833,838,60,212,208,825],"class_list":{"0":"post-63089","1":"post","2":"type-post","3":"status-publish","4":"format-standard","5":"has-post-thumbnail","7":"category-cyclisme","8":"tag-attaque","9":"tag-belgique","10":"tag-braquet","11":"tag-bretagne","12":"tag-chute","13":"tag-competition","14":"tag-coupe-de-france","15":"tag-coureur","16":"tag-course-cyclisme","17":"tag-course-cycliste","18":"tag-cycling","19":"tag-cyclisme","20":"tag-direct","21":"tag-direct-velo","22":"tag-directvelo","23":"tag-directvelo-com","24":"tag-epreuve","25":"tag-epreuve-cycliste","26":"tag-federation-francaise-de-cyclisme","27":"tag-ffc","28":"tag-flandres","29":"tag-fr","30":"tag-france","31":"tag-live","32":"tag-live-course","33":"tag-live-epreuve","34":"tag-peloton","35":"tag-radio-peloton","36":"tag-radio-tour","37":"tag-ravitaillement","38":"tag-relance","39":"tag-sports","40":"tag-uci","41":"tag-velo","42":"tag-velos"},"share_on_mastodon":{"url":"https:\/\/pubeurope.com\/@fr\/114424102472591863","error":""},"_links":{"self":[{"href":"https:\/\/www.europesays.com\/fr\/wp-json\/wp\/v2\/posts\/63089","targetHints":{"allow":["GET"]}}],"collection":[{"href":"https:\/\/www.europesays.com\/fr\/wp-json\/wp\/v2\/posts"}],"about":[{"href":"https:\/\/www.europesays.com\/fr\/wp-json\/wp\/v2\/types\/post"}],"author":[{"embeddable":true,"href":"https:\/\/www.europesays.com\/fr\/wp-json\/wp\/v2\/users\/2"}],"replies":[{"embeddable":true,"href":"https:\/\/www.europesays.com\/fr\/wp-json\/wp\/v2\/comments?post=63089"}],"version-history":[{"count":0,"href":"https:\/\/www.europesays.com\/fr\/wp-json\/wp\/v2\/posts\/63089\/revisions"}],"wp:featuredmedia":[{"embeddable":true,"href":"https:\/\/www.europesays.com\/fr\/wp-json\/wp\/v2\/media\/63090"}],"wp:attachment":[{"href":"https:\/\/www.europesays.com\/fr\/wp-json\/wp\/v2\/media?parent=63089"}],"wp:term":[{"taxonomy":"category","embeddable":true,"href":"https:\/\/www.europesays.com\/fr\/wp-json\/wp\/v2\/categories?post=63089"},{"taxonomy":"post_tag","embeddable":true,"href":"https:\/\/www.europesays.com\/fr\/wp-json\/wp\/v2\/tags?post=63089"}],"curies":[{"name":"wp","href":"https:\/\/api.w.org\/{rel}","templated":true}]}}