{"id":630891,"date":"2025-12-30T23:25:15","date_gmt":"2025-12-30T23:25:15","guid":{"rendered":"https:\/\/www.europesays.com\/fr\/630891\/"},"modified":"2025-12-30T23:25:15","modified_gmt":"2025-12-30T23:25:15","slug":"la-chocolaterie-de-cedric-grolet-cambriolee-le-prejudice-estime-a-20-000-euros","status":"publish","type":"post","link":"https:\/\/www.europesays.com\/fr\/630891\/","title":{"rendered":"la chocolaterie de C\u00e9dric Grolet cambriol\u00e9e, le pr\u00e9judice estim\u00e9 \u00e0 20.000 euros"},"content":{"rendered":"<p>\n    Les malfaiteurs ont fractur\u00e9 l\u2019entr\u00e9e du caf\u00e9 de C\u00e9dric Grolet, attenant \u00e0 sa nouvelle chocolaterie, pour atteindre le sous-sol de l\u2019\u00e9tablissement o\u00f9 \u00e9tait entrepos\u00e9 un coffre-fort contenant les gains de la fin de l\u2019ann\u00e9e.<\/p>\n<p class=\"fig-paragraph\">La chocolaterie du chef p\u00e2tissier C\u00e9dric Grolet,\u00a0<a href=\"http:\/\/www.lefigaro.fr\/gastronomie\/decor-spectaculaire-creations-graphiques-et-gourmandes-visite-en-avant-premiere-de-cedric-grolet-et-la-chocolaterie-20251016\" target=\"_blank\" data-fig-type=\"Article\" rel=\"noopener\" data-gtm-custom-categorie=\"navigation\" data-gtm-custom-action=\"crossclick\" data-gtm-custom-label=\"Contextuel\" data-gtm-event=\"customEventSPE\" data-fig-domain=\"LEFIGARO\">\u00abC\u00e9dric et la chocolaterie\u00bb<\/a>\u00a0&#8211; au nom inspir\u00e9 du c\u00e9l\u00e8bre roman de Roald Dahl, Charlie et la Chocolaterie &#8211; a \u00e9t\u00e9 cambriol\u00e9e dans la nuit du 29 au 30 d\u00e9cembre, a appris Le Figaro de sources concordantes, confirmant une information du\u00a0<a href=\"https:\/\/www.leparisien.fr\/faits-divers\/paris-la-nouvelle-chocolaterie-de-cedric-grolet-cambriolee-plus-de-15-000-euros-en-liquide-volatilises-30-12-2025-YTSI6NNHNZEMXMMMMPKNKJGICE.php\" target=\"_blank\" rel=\"sponsored noopener\" data-gtm-custom-categorie=\"navigation\" data-gtm-custom-action=\"crossclick\" data-gtm-custom-label=\"Contextuel\" data-gtm-event=\"customEventSPE\">Parisien<\/a> .<\/p>\n<p class=\"fig-paragraph\">Les malfaiteurs se sont introduits dans le commerce via l\u2019entr\u00e9e du caf\u00e9 de C\u00e9dric Grolet, situ\u00e9 dans une rue parall\u00e8le \u00e0 l\u2019avenue de l\u2019Op\u00e9ra, dans le 2e arrondissement, et attenant \u00e0 la chocolaterie, qui a ouvert ses portes le 18 octobre dernier.<\/p>\n<p>                                            <a class=\"fig-a11y-skip\" href=\"#fig-a11y-skip-main-inarticle\" data-module=\"a11y-skip\" data-context=\"was @visible\"><br \/>\n    Passer la publicit\u00e9<br \/>\n<\/a>            <\/p>\n<p>                                            Coffre-fort au sous-sol<\/p>\n<p class=\"fig-paragraph\">Apr\u00e8s avoir fractur\u00e9 la serrure \u00e0 l\u2019aide d\u2019une perceuse, ils se sont ensuite dirig\u00e9s au sous-sol de l\u2019\u00e9tablissement, avant de se saisir d\u2019un coffre-fort, contenant les gains du magasin accumul\u00e9s \u00e0 l\u2019occasion des f\u00eates de fin d\u2019ann\u00e9e, ainsi que de deux enveloppes contenant 600 euros. Le butin est estim\u00e9 \u00e0 20.000 euros, indique le parquet de Paris, qui a ouvert une enqu\u00eate pour vol par effraction dans un lieu d\u2019entrep\u00f4t. Les investigations ont \u00e9t\u00e9 confi\u00e9es au commissariat du centre de la capitale.<\/p>\n<p class=\"fig-paragraph\">\u00abLa boutique de la chocolaterie situ\u00e9e au rez-de-chauss\u00e9e ainsi que les commandes entrepos\u00e9es dans le sous-sol sont rest\u00e9es intactes\u00bb, pr\u00e9cise notre source polici\u00e8re.<\/p>\n","protected":false},"excerpt":{"rendered":"Les malfaiteurs ont fractur\u00e9 l\u2019entr\u00e9e du caf\u00e9 de C\u00e9dric Grolet, attenant \u00e0 sa nouvelle chocolaterie, pour atteindre le&hellip;\n","protected":false},"author":2,"featured_media":630892,"comment_status":"","ping_status":"","sticky":false,"template":"","format":"standard","meta":{"footnotes":""},"categories":[1888],"tags":[1111,1928,11,1927,35158,1777,674,1011,27,12,1926,626,1925,25],"class_list":{"0":"post-630891","1":"post","2":"type-post","3":"status-publish","4":"format-standard","5":"has-post-thumbnail","7":"category-paris","8":"tag-actu","9":"tag-actu-paris","10":"tag-actualites","11":"tag-actualites-paris","12":"tag-cedric-grolet","13":"tag-eu","14":"tag-europe","15":"tag-fr","16":"tag-france","17":"tag-news","18":"tag-news-paris","19":"tag-paris","20":"tag-paris-news","21":"tag-republique-francaise"},"share_on_mastodon":{"url":"https:\/\/pubeurope.com\/@fr\/115811105104733826","error":""},"_links":{"self":[{"href":"https:\/\/www.europesays.com\/fr\/wp-json\/wp\/v2\/posts\/630891","targetHints":{"allow":["GET"]}}],"collection":[{"href":"https:\/\/www.europesays.com\/fr\/wp-json\/wp\/v2\/posts"}],"about":[{"href":"https:\/\/www.europesays.com\/fr\/wp-json\/wp\/v2\/types\/post"}],"author":[{"embeddable":true,"href":"https:\/\/www.europesays.com\/fr\/wp-json\/wp\/v2\/users\/2"}],"replies":[{"embeddable":true,"href":"https:\/\/www.europesays.com\/fr\/wp-json\/wp\/v2\/comments?post=630891"}],"version-history":[{"count":0,"href":"https:\/\/www.europesays.com\/fr\/wp-json\/wp\/v2\/posts\/630891\/revisions"}],"wp:featuredmedia":[{"embeddable":true,"href":"https:\/\/www.europesays.com\/fr\/wp-json\/wp\/v2\/media\/630892"}],"wp:attachment":[{"href":"https:\/\/www.europesays.com\/fr\/wp-json\/wp\/v2\/media?parent=630891"}],"wp:term":[{"taxonomy":"category","embeddable":true,"href":"https:\/\/www.europesays.com\/fr\/wp-json\/wp\/v2\/categories?post=630891"},{"taxonomy":"post_tag","embeddable":true,"href":"https:\/\/www.europesays.com\/fr\/wp-json\/wp\/v2\/tags?post=630891"}],"curies":[{"name":"wp","href":"https:\/\/api.w.org\/{rel}","templated":true}]}}