{"id":630895,"date":"2025-12-30T23:27:10","date_gmt":"2025-12-30T23:27:10","guid":{"rendered":"https:\/\/www.europesays.com\/fr\/630895\/"},"modified":"2025-12-30T23:27:10","modified_gmt":"2025-12-30T23:27:10","slug":"cruel-scenario-pour-paris-parisbasketball","status":"publish","type":"post","link":"https:\/\/www.europesays.com\/fr\/630895\/","title":{"rendered":"Cruel sc\u00e9nario pour Paris &#8211; ParisBasketball"},"content":{"rendered":"<p>Une French Touch au rendez d\u00e8s les premi\u00e8res possessions avec 2 \u00e9quipes tr\u00e8s physiques. Si nos Parisiens m\u00e8nent la vie dure aux arri\u00e8res adverses, ces derniers r\u00e9pliquent aussit\u00f4t dans la peinture. Un jeu de mano \u00e0 mano remport\u00e9 par un Paris \u00e0 5\/10 depuis le parking dans le 1QT (20-23). Plus incisif au rebond offensif, l\u2019ASVEL repasse toutefois devant au d\u00e9but du 2QT (34-32). Le moment choisi par <a href=\"https:\/\/parisbasketball.com\/player\/justin-robinson\/\" data-type=\"link\" data-id=\"https:\/\/parisbasketball.com\/player\/justin-robinson\/\" target=\"_blank\" rel=\"noopener\">Justin Robinson<\/a> pour enchainer les provocations de fautes et multiplier les caviars sur pick-and-roll.<\/p>\n<p>La rencontre reste n\u00e9anmoins serr\u00e9e au sortir des vestiaires (41-46). Toujours aussi dure sur l\u2019homme, l\u2019ASVEL fait mal mais le Paris Basketball r\u00e9pond ! Mieux, les co\u00e9quipiers d\u2019un <a href=\"https:\/\/parisbasketball.com\/player\/sebastian-herrera\/\" data-type=\"link\" data-id=\"https:\/\/parisbasketball.com\/player\/sebastian-herrera\/\" target=\"_blank\" rel=\"noopener\">Seba Herrera<\/a> d\u00e9cisif absorbent le run des locaux puis prennent les devants en toute fin de 3QT (61-64). Emmen\u00e9s dans le money time, nos joueurs ne l\u00e2chent rien. Paris compte 1 possession de retard \u00e0 3 secondes du terme (92-89)\u2026 avant de finalement s\u2019incliner sur le score de 94-89.<\/p>\n","protected":false},"excerpt":{"rendered":"Une French Touch au rendez d\u00e8s les premi\u00e8res possessions avec 2 \u00e9quipes tr\u00e8s physiques. Si nos Parisiens m\u00e8nent&hellip;\n","protected":false},"author":2,"featured_media":630896,"comment_status":"","ping_status":"","sticky":false,"template":"","format":"standard","meta":{"footnotes":""},"categories":[1888],"tags":[11,1777,674,1011,27,12,626,25],"class_list":{"0":"post-630895","1":"post","2":"type-post","3":"status-publish","4":"format-standard","5":"has-post-thumbnail","7":"category-paris","8":"tag-actualites","9":"tag-eu","10":"tag-europe","11":"tag-fr","12":"tag-france","13":"tag-news","14":"tag-paris","15":"tag-republique-francaise"},"share_on_mastodon":{"url":"https:\/\/pubeurope.com\/@fr\/115811113049718626","error":""},"_links":{"self":[{"href":"https:\/\/www.europesays.com\/fr\/wp-json\/wp\/v2\/posts\/630895","targetHints":{"allow":["GET"]}}],"collection":[{"href":"https:\/\/www.europesays.com\/fr\/wp-json\/wp\/v2\/posts"}],"about":[{"href":"https:\/\/www.europesays.com\/fr\/wp-json\/wp\/v2\/types\/post"}],"author":[{"embeddable":true,"href":"https:\/\/www.europesays.com\/fr\/wp-json\/wp\/v2\/users\/2"}],"replies":[{"embeddable":true,"href":"https:\/\/www.europesays.com\/fr\/wp-json\/wp\/v2\/comments?post=630895"}],"version-history":[{"count":0,"href":"https:\/\/www.europesays.com\/fr\/wp-json\/wp\/v2\/posts\/630895\/revisions"}],"wp:featuredmedia":[{"embeddable":true,"href":"https:\/\/www.europesays.com\/fr\/wp-json\/wp\/v2\/media\/630896"}],"wp:attachment":[{"href":"https:\/\/www.europesays.com\/fr\/wp-json\/wp\/v2\/media?parent=630895"}],"wp:term":[{"taxonomy":"category","embeddable":true,"href":"https:\/\/www.europesays.com\/fr\/wp-json\/wp\/v2\/categories?post=630895"},{"taxonomy":"post_tag","embeddable":true,"href":"https:\/\/www.europesays.com\/fr\/wp-json\/wp\/v2\/tags?post=630895"}],"curies":[{"name":"wp","href":"https:\/\/api.w.org\/{rel}","templated":true}]}}