{"id":630897,"date":"2025-12-30T23:28:22","date_gmt":"2025-12-30T23:28:22","guid":{"rendered":"https:\/\/www.europesays.com\/fr\/630897\/"},"modified":"2025-12-30T23:28:22","modified_gmt":"2025-12-30T23:28:22","slug":"la-russie-dit-tout-et-son-contraire-lukraine-a-t-elle-vraiment-attaque-une-residence-de-poutine-les-preuves-se-font-attendre","status":"publish","type":"post","link":"https:\/\/www.europesays.com\/fr\/630897\/","title":{"rendered":"\u00ab\u00a0La Russie dit tout et son contraire\u00a0\u00bb\u00a0: l\u2019Ukraine a-t-elle vraiment attaqu\u00e9 une r\u00e9sidence de Poutine\u00a0? Les preuves se font attendre"},"content":{"rendered":"<p>  \tLes accusations russes sur une attaque ukrainienne de drones contre une r\u00e9sidence de Vladimir Poutine, d\u00e9menties par Kiev, relancent les tensions diplomatiques alors que des discussions de paix \u00e9taient en cours.<\/p>\n<p>&#13;<br \/>\n&#13;<\/p>\n<p>Kiev a point\u00e9 mardi l\u2019absence de preuves \u00e9tayant les accusations de Moscou sur une attaque ukrainienne de drones contre une r\u00e9sidence de Vladimir Poutine, tandis que Moscou a averti qu\u2019elle allait durcir sa position dans les pourparlers sur la fin du conflit.<\/p>\n<p>Ce soudain regain de tension diplomatique intervient peu apr\u00e8s des d\u00e9clarations am\u00e9ricaines et ukrainiennes faisant \u00e9tat de progr\u00e8s dans les discussions en vue d\u2019un accord pouvant faire cesser l\u2019invasion russe de l\u2019Ukraine. Et ces accusations jettent le doute sur la poursuite des tractations diplomatiques engag\u00e9es depuis novembre pour tenter de mettre fin au conflit le plus meurtrier en Europe depuis la Deuxi\u00e8me Guerre mondiale.<\/p>\n<p>&#13;<br \/>\n&#13;<\/p>\n<p>&#13;<br \/>\n&#13;<\/p>\n<p>\n  &#13;<br \/>\n  \u00c0 lire aussi&#13;<br \/>\n  &#13;<\/p>\n<p>  <img decoding=\"async\" data-copyright=\"AFP\" class=\"r-img\"  typeof=\"foaf:Image\" src=\"https:\/\/www.europesays.com\/fr\/wp-content\/uploads\/2025\/12\/58399146.jpeg\" alt=\"Belgaimage-152102885.jpg\"\/><br \/>\n        <a class=\"r-stories--link\" href=\"https:\/\/www.rtl.be\/actu\/monde\/international\/guerre-en-ukraine\/attaque-supposee-contre-la-residence-de-poutine-trump-tres-en-colere-moscou\/2025-12-29\/article\/774988\" target=\"_blank\" rel=\"noopener\">Attaque suppos\u00e9e contre la r\u00e9sidence de Poutine\u00a0: Trump \u00ab\u00a0tr\u00e8s en col\u00e8re\u00a0\u00bb, Moscou pr\u00e9vient que cela affectera les n\u00e9gociations de paix<\/a>&#13;<br \/>\n  &#13;<br \/>\n&#13;\n<\/p>\n<p>Les assertions du Kremlin, qui accuse l\u2019Ukraine d\u2019avoir attaqu\u00e9 une r\u00e9sidence de Vladimir Poutine, ne reposent sur \u00ab\u00a0aucune preuve solide, y compris apr\u00e8s recoupement des informations avec nos partenaires\u00a0\u00bb, a d\u00e9clar\u00e9 mardi l\u2019entourage du pr\u00e9sident fran\u00e7ais Emmanuel Macron. \u00ab\u00a0Les autorit\u00e9s russes elles-m\u00eames disent tout et son contraire sur ce qui s\u2019est r\u00e9ellement produit\u00a0\u00bb, a-t-on ajout\u00e9. Quant \u00e0 la poursuite et l\u2019intensification des frappes russes, elles \u00ab\u00a0sont en soi un acte de d\u00e9fi contre l\u2019agenda de paix du pr\u00e9sident Trump\u00a0\u00bb, a soulign\u00e9 l\u2019entourage du chef de l\u2019Etat.<\/p>\n<p>Le pr\u00e9sident ukrainien Volodymyr Zelensky a n\u00e9anmoins annonc\u00e9 mardi qu\u2019une r\u00e9union avec les dirigeants des pays alli\u00e9s de Kiev \u00e9tait pr\u00e9vue le 6 janvier en France, apr\u00e8s une rencontre le 3 janvier en Ukraine avec des conseillers \u00e0 la s\u00e9curit\u00e9 d\u2019Etats soutenant Kiev.<\/p>\n<p>Moscou a accus\u00e9 lundi Kiev d\u2019avoir vis\u00e9 dans la nuit de dimanche \u00e0 lundi avec 91 drones une r\u00e9sidence de Vladimir Poutine situ\u00e9e \u00e0 Valda\u00ef, entre Moscou et Saint-P\u00e9tersbourg, et hautement s\u00e9curis\u00e9e. L\u2019Ukraine a aussit\u00f4t d\u00e9menti. Volodymyr Zelensky a r\u00e9p\u00e9t\u00e9 mardi que ces accusations \u00e9taient \u00ab\u00a0fausses\u00a0\u00bb. \u00ab\u00a0Bien s\u00fbr, nos partenaires peuvent v\u00e9rifier que c\u2019est faux gr\u00e2ce \u00e0 leurs capacit\u00e9s techniques\u00a0\u00bb, a-t-il ajout\u00e9 lors d\u2019une conf\u00e9rence de presse en ligne. Plus t\u00f4t, mardi, son ministre des Affaires \u00e9trang\u00e8res, Andri\u00ef Sybiga, a soulign\u00e9 que Moscou n\u2019avait \u00ab\u00a0toujours pas fourni de preuves plausibles\u00a0\u00bb.<\/p>\n<p>&#13;<br \/>\n&#13;<\/p>\n<p>&#13;<br \/>\n&#13;<br \/>\n\u00ab\u00a0Durcissement\u00a0\u00bb<\/p>\n<p>M. Sybiga a regrett\u00e9 que les Emirats, l\u2019Inde et le Pakistan se soient officiellement d\u00e9clar\u00e9s pr\u00e9occup\u00e9s par \u00ab\u00a0une attaque qui n\u2019a jamais eu lieu\u00a0\u00bb. Les accusations de Moscou sont intervenues au lendemain d\u2019une rencontre en Floride entre le pr\u00e9sident ukrainien Volodymyr Zelensky et son homologue am\u00e9ricain Donald Trump, qui pousse \u00e0 une r\u00e9solution du conflit lanc\u00e9 il y a pr\u00e8s de quatre ans.<\/p>\n<p>Lors de son briefing quotidien mardi, auquel a particip\u00e9 l\u2019AFP, le porte-parole du Kremlin Dmitri Peskov n\u2019a pas fourni de preuve, assurant que les drones avaient tous \u00e9t\u00e9 abattus et qu\u2019il faudrait de ce fait s\u2019adresser au minist\u00e8re russe de la D\u00e9fense concernant la pr\u00e9sence d\u2019\u00e9ventuels d\u00e9bris. \u00ab\u00a0Les cons\u00e9quences (de cette attaque) se traduiront par un durcissement de la position de n\u00e9gociation de la F\u00e9d\u00e9ration de Russie\u00a0\u00bb, a-t-il pr\u00e9venu. \u00ab\u00a0Quant \u00e0 une r\u00e9action militaire, nous savons comment et avec quoi r\u00e9pondre\u00a0\u00bb, a-t-il ajout\u00e9.<\/p>\n<p>\n  &#13;<br \/>\n  \u00c0 lire aussi&#13;<br \/>\n  &#13;<\/p>\n<p>  <img decoding=\"async\" data-copyright=\"AFP\" class=\"r-img\"  typeof=\"foaf:Image\" src=\"https:\/\/www.europesays.com\/fr\/wp-content\/uploads\/2025\/12\/52801253.jpeg\" alt=\"Belgaimage-136986811 (1).jpg\"\/><br \/>\n        <a class=\"r-stories--link\" href=\"https:\/\/www.rtl.be\/actu\/monde\/cest-inapproprie-de-la-part-de-poutine-donald-trump-pas-tendre-avec-son\/2025-10-27\/article\/768326\" target=\"_blank\" rel=\"noopener\">\u00ab\u00a0C\u2019est inappropri\u00e9 de la part de Poutine\u00a0\u00bb\u00a0: Donald Trump pas tendre avec son homologue russe<\/a>&#13;<br \/>\n  &#13;<br \/>\n&#13;\n<\/p>\n<p>La r\u00e9sidence de Vladimir Poutine \u00e0 Valda\u00ef a fait l\u2019objet par le pass\u00e9 de plusieurs enqu\u00eates journalistiques. En 2021, l\u2019\u00e9quipe de l\u2019opposant Alexe\u00ef Navalny, mort en prison en 2024, avait publi\u00e9 une enqu\u00eate affirmant que cette \u00ab\u00a0datcha secr\u00e8te\u00a0\u00bb de Vladimir Poutine \u00e0 Valda\u00ef \u00e9tait tr\u00e8s luxueuse. \u00ab\u00a0Poutine adore le luxe\u00a0\u00bb et \u00ab\u00a0le cache soigneusement\u00a0\u00bb, indiquait-elle. Depuis le d\u00e9but de l\u2019invasion russe \u00e0 grande \u00e9chelle de l\u2019Ukraine, en 2022, Vladimir Poutine s\u2019est davantage rendu dans cette r\u00e9sidence car elle est dans un endroit isol\u00e9 et mieux prot\u00e9g\u00e9 par les d\u00e9fenses antia\u00e9riennes, avait affirm\u00e9 en novembre le m\u00e9dia RFE\/RL.<\/p>\n<p>Evacuations en Ukraine<\/p>\n<p>Pour sa part, depuis sa r\u00e9sidence en Floride, le pr\u00e9sident am\u00e9ricain Donald Trump a r\u00e9agi lundi soir \u00e0 ces accusations. \u00ab\u00a0Je n\u2019aime pas \u00e7a\u00a0\u00bb, a-t-il dit. \u00ab\u00a0C\u2019est une p\u00e9riode d\u00e9licate. Ce n\u2019est pas le bon moment\u00a0\u00bb, a-t-il ajout\u00e9. Parall\u00e8lement, plusieurs dirigeants occidentaux se sont entretenus mardi sur la situation en Ukraine, ont annonc\u00e9 leurs \u00e9quipes. Parmi les participants\u00a0: le Premier ministre polonais Donald Tusk, la pr\u00e9sidente de la Commission europ\u00e9enne Ursula von der Leyen et le chancelier allemand Friedrich Merz.<\/p>\n<p>Sur le terrain, les bombardements entre les deux camps se poursuivent. Dans la nuit de lundi \u00e0 mardi, l\u2019Ukraine a \u00e9t\u00e9 vis\u00e9e par deux missiles et soixante drones russes, selon l\u2019arm\u00e9e de l\u2019air ukrainienne. Les autorit\u00e9s de la r\u00e9gion de Tcherniguiv dans le nord de l\u2019Ukraine ont par ailleurs ordonn\u00e9 mardi l\u2019\u00e9vacuation de 14 villages proches de la fronti\u00e8re avec le B\u00e9larus et la Russie, en raison de bombardements russes quotidiens.<\/p>\n<p>Dans la matin\u00e9e, la grande ville ukrainienne de Zaporijjia (sud) a, elle, \u00e9t\u00e9 frapp\u00e9e par trois bombes a\u00e9riennes russes, selon les autorit\u00e9s locales. Une femme a \u00e9t\u00e9 bless\u00e9e et plusieurs maisons et immeubles r\u00e9sidentiels endommag\u00e9s. Une frappe de drone russe a tu\u00e9 mardi un homme dans le village de Vesselyanka, pr\u00e8s de Zaporijjia, a indiqu\u00e9 le gouverneur Ivan Fedorov.<\/p>\n<p>&#13;<br \/>\n&#13;<\/p>\n<p>&#13;<br \/>\n&#13;<\/p>\n","protected":false},"excerpt":{"rendered":"Les accusations russes sur une attaque ukrainienne de drones contre une r\u00e9sidence de Vladimir Poutine, d\u00e9menties par Kiev,&hellip;\n","protected":false},"author":2,"featured_media":630898,"comment_status":"","ping_status":"","sticky":false,"template":"","format":"standard","meta":{"footnotes":""},"categories":[1591],"tags":[11,1887,12,63397,1885,1886,132],"class_list":{"0":"post-630897","1":"post","2":"type-post","3":"status-publish","4":"format-standard","5":"has-post-thumbnail","7":"category-russie","8":"tag-actualites","9":"tag-federation-de-russie","10":"tag-news","11":"tag-rtl-info","12":"tag-russia","13":"tag-russian-federation","14":"tag-russie"},"share_on_mastodon":{"url":"https:\/\/pubeurope.com\/@fr\/115811117160554012","error":""},"_links":{"self":[{"href":"https:\/\/www.europesays.com\/fr\/wp-json\/wp\/v2\/posts\/630897","targetHints":{"allow":["GET"]}}],"collection":[{"href":"https:\/\/www.europesays.com\/fr\/wp-json\/wp\/v2\/posts"}],"about":[{"href":"https:\/\/www.europesays.com\/fr\/wp-json\/wp\/v2\/types\/post"}],"author":[{"embeddable":true,"href":"https:\/\/www.europesays.com\/fr\/wp-json\/wp\/v2\/users\/2"}],"replies":[{"embeddable":true,"href":"https:\/\/www.europesays.com\/fr\/wp-json\/wp\/v2\/comments?post=630897"}],"version-history":[{"count":0,"href":"https:\/\/www.europesays.com\/fr\/wp-json\/wp\/v2\/posts\/630897\/revisions"}],"wp:featuredmedia":[{"embeddable":true,"href":"https:\/\/www.europesays.com\/fr\/wp-json\/wp\/v2\/media\/630898"}],"wp:attachment":[{"href":"https:\/\/www.europesays.com\/fr\/wp-json\/wp\/v2\/media?parent=630897"}],"wp:term":[{"taxonomy":"category","embeddable":true,"href":"https:\/\/www.europesays.com\/fr\/wp-json\/wp\/v2\/categories?post=630897"},{"taxonomy":"post_tag","embeddable":true,"href":"https:\/\/www.europesays.com\/fr\/wp-json\/wp\/v2\/tags?post=630897"}],"curies":[{"name":"wp","href":"https:\/\/api.w.org\/{rel}","templated":true}]}}