{"id":630903,"date":"2025-12-30T23:31:14","date_gmt":"2025-12-30T23:31:14","guid":{"rendered":"https:\/\/www.europesays.com\/fr\/630903\/"},"modified":"2025-12-30T23:31:14","modified_gmt":"2025-12-30T23:31:14","slug":"la-situation-a-gaza-reste-catastrophique-denoncent-dix-pays-dont-la-france-et-le-royaume-uni","status":"publish","type":"post","link":"https:\/\/www.europesays.com\/fr\/630903\/","title":{"rendered":"La situation \u00e0 Gaza reste \u00ab\u00a0catastrophique\u00a0\u00bb, d\u00e9noncent dix pays, dont la France et le Royaume-Uni"},"content":{"rendered":"\n<p class=\"c-chapo \">\n  Le Canada, le Danemark, la Finlande, l&rsquo;Islande, le Japon, la Norv\u00e8ge, la Su\u00e8de, et la Suisse ont \u00e9galement sign\u00e9 le communiqu\u00e9 commun publi\u00e9 mardi.\n<\/p>\n<p>      lire plus tard<\/p>\n<p id=\"dialog__title\" class=\"dialog__title\">Pour sauvegarder cet article, connectez-vous ou cr\u00e9ez un compte franceinfo<\/p>\n<p class=\"dialog__description\">Sans paiement. Sans abonnement.<\/p>\n<p>        Fermer la fen\u00eatre d\u2019activation des notifications France Info<\/p>\n<p>      cr\u00e9er votre compte<\/p>\n<p>      se connecter<\/p>\n<p>      :<\/p>\n<p>        Fermer la fen\u00eatre de pr\u00e9sentation<\/p>\n<p>    <img loading=\"lazy\" decoding=\"async\" class=\"signature__image lazyload\" width=\"100\" height=\"100\" data- alt=\"\" src=\"https:\/\/www.europesays.com\/fr\/wp-content\/uploads\/2025\/05\/64a68815cd1a7_placeholder-36b69ec8.png\"\/><\/p>\n<p>    Publi\u00e9 le 30\/12\/2025 20:52<\/p>\n<p>      Mis \u00e0 jour le 30\/12\/2025 21:02<\/p>\n<p>        Temps de lecture : 2min<\/p>\n<p>    <img decoding=\"async\"  alt=\"Des habitants de la bande de Gaza patientent lors d'une distribution d'eau potable, \u00e0 Khan Youn\u00e8s, le 30 d\u00e9cembre 2025. (ABED RAHIM KHATIB \/ ANADOLU \/ AFP)\" width=\"432\" height=\"243\" src=\"https:\/\/www.europesays.com\/fr\/wp-content\/uploads\/2025\/12\/068-aa-30122025-2580684-69542d67d6b94403714097.jpg\" fetchpriority=\"high\"\/><\/p>\n<p>      Des habitants de la bande de Gaza patientent lors d&rsquo;une distribution d&rsquo;eau potable, \u00e0 Khan Youn\u00e8s, le 30 d\u00e9cembre 2025. (ABED RAHIM KHATIB \/ ANADOLU \/ AFP)<\/p>\n<p>Ils reconnaissent que la situation s&rsquo;est am\u00e9lior\u00e9e dans la bande de Gaza mais qu&rsquo;elle reste d\u00e9sastreuse. Les ministres des Affaires \u00e9trang\u00e8res de dix pays ont exhort\u00e9, mardi 30\u00a0d\u00e9cembre, les autorit\u00e9s isra\u00e9liennes \u00e0 \u00ab\u00a0garantir un acc\u00e8s\u00a0\u00bb \u00e0 l&rsquo;aide \u00e0 Gaza, o\u00f9 la situation humanitaire demeure \u00ab\u00a0catastrophique\u00a0\u00bb. \u00ab\u00a0Nous exprimons notre profonde inqui\u00e9tude face \u00e0 la nouvelle d\u00e9gradation de la situation humanitaire \u00e0 Gaza, qui demeure catastrophique\u00a0\u00bb, \u00e9crivent dans un communiqu\u00e9 commun les chefs de diplomatie de la France, du Royaume-Uni, du Canada, du Danemark, de la Finlande, de l&rsquo;Islande, du Japon, de la Norv\u00e8ge, de la Su\u00e8de, et de la Suisse.<\/p>\n<p>L&rsquo;ONU a estim\u00e9, le 20 d\u00e9cembre, que la bande de Gaza n&rsquo;\u00e9tait <a href=\"https:\/\/www.franceinfo.fr\/monde\/proche-orient\/israel-palestine\/la-famine-a-gaza-est-terminee-mais-l-insecurite-alimentaire-reste-critique-selon-l-onu_7692058.html\" target=\"_self\" rel=\"noopener noreferrer nofollow\" data-tooltip-url=\"https:\/\/www.franceinfo.fr\/monde\/proche-orient\/israel-palestine\/la-famine-a-gaza-est-terminee-mais-l-insecurite-alimentaire-reste-critique-selon-l-onu_7692058.html\">plus en situation de famine<\/a>, mais que l&rsquo;ins\u00e9curit\u00e9 alimentaire restait \u00ab\u00a0critique\u00a0\u00bb. Dans le territoire palestinien qui compte 2,2\u00a0millions d&rsquo;habitants, \u00ab\u00a01,3 million de personnes ont toujours urgemment besoin d&rsquo;un abri\u00a0\u00bb, selon les dix pays. \u00ab\u00a0Plus de la moiti\u00e9 des \u00e9tablissements de sant\u00e9 ne fonctionnent que partiellement\u00a0\u00bb et la majorit\u00e9 de la population est confront\u00e9e \u00e0 des \u00ab\u00a0niveaux \u00e9lev\u00e9s d&rsquo;ins\u00e9curit\u00e9 alimentaire aigu\u00eb\u00a0\u00bb, d\u00e9plorent aussi les ministres.<\/p>\n<p>Ils demandent au gouvernement isra\u00e9lien de \u00ab\u00a0veiller \u00e0 ce que les ONG internationales puissent op\u00e9rer \u00e0 Gaza de mani\u00e8re durable et dans un cadre pr\u00e9visible\u00a0\u00bb. Isra\u00ebl a mis en place des proc\u00e9dures draconiennes d&rsquo;enregistrement pour les ONG. Une grande incertitude p\u00e8se sur ces organisations, qui devraient \u00eatre fix\u00e9es sur leur sort le 31 d\u00e9cembre. Une telle radiation pourrait les \u00ab\u00a0contraindre \u00e0 cesser leurs activit\u00e9s \u00e0 Gaza et en Cisjordanie d&rsquo;ici soixante\u00a0jours\u00a0\u00bb. \u00ab\u00a0Si les op\u00e9rations des ONG internationales sont interrompues, un \u00e9tablissement de sant\u00e9 sur trois fermera \u00e0 Gaza\u00a0\u00bb, alertent-ils.<\/p>\n","protected":false},"excerpt":{"rendered":"Le Canada, le Danemark, la Finlande, l&rsquo;Islande, le Japon, la Norv\u00e8ge, la Su\u00e8de, et la Suisse ont \u00e9galement&hellip;\n","protected":false},"author":2,"featured_media":630904,"comment_status":"","ping_status":"","sticky":false,"template":"","format":"standard","meta":{"footnotes":""},"categories":[1588],"tags":[11,1777,674,12,473,1853,1851,1850,1852],"class_list":{"0":"post-630903","1":"post","2":"type-post","3":"status-publish","4":"format-standard","5":"has-post-thumbnail","7":"category-royaume-uni","8":"tag-actualites","9":"tag-eu","10":"tag-europe","11":"tag-news","12":"tag-royaume-uni","13":"tag-royaume-uni-de-grande-bretagne-et-dirlande-du-nord","14":"tag-uk","15":"tag-united-kingdom","16":"tag-united-kingdom-of-great-britain-and-northern-ireland"},"share_on_mastodon":{"url":"https:\/\/pubeurope.com\/@fr\/115811128791244743","error":""},"_links":{"self":[{"href":"https:\/\/www.europesays.com\/fr\/wp-json\/wp\/v2\/posts\/630903","targetHints":{"allow":["GET"]}}],"collection":[{"href":"https:\/\/www.europesays.com\/fr\/wp-json\/wp\/v2\/posts"}],"about":[{"href":"https:\/\/www.europesays.com\/fr\/wp-json\/wp\/v2\/types\/post"}],"author":[{"embeddable":true,"href":"https:\/\/www.europesays.com\/fr\/wp-json\/wp\/v2\/users\/2"}],"replies":[{"embeddable":true,"href":"https:\/\/www.europesays.com\/fr\/wp-json\/wp\/v2\/comments?post=630903"}],"version-history":[{"count":0,"href":"https:\/\/www.europesays.com\/fr\/wp-json\/wp\/v2\/posts\/630903\/revisions"}],"wp:featuredmedia":[{"embeddable":true,"href":"https:\/\/www.europesays.com\/fr\/wp-json\/wp\/v2\/media\/630904"}],"wp:attachment":[{"href":"https:\/\/www.europesays.com\/fr\/wp-json\/wp\/v2\/media?parent=630903"}],"wp:term":[{"taxonomy":"category","embeddable":true,"href":"https:\/\/www.europesays.com\/fr\/wp-json\/wp\/v2\/categories?post=630903"},{"taxonomy":"post_tag","embeddable":true,"href":"https:\/\/www.europesays.com\/fr\/wp-json\/wp\/v2\/tags?post=630903"}],"curies":[{"name":"wp","href":"https:\/\/api.w.org\/{rel}","templated":true}]}}