{"id":63091,"date":"2025-04-30T00:33:08","date_gmt":"2025-04-30T00:33:08","guid":{"rendered":"https:\/\/www.europesays.com\/fr\/63091\/"},"modified":"2025-04-30T00:33:08","modified_gmt":"2025-04-30T00:33:08","slug":"william-saliba-les-vingt-premieres-minutes-on-sest-fait-manger-c1-demies-arsenal-psg-0-1","status":"publish","type":"post","link":"https:\/\/www.europesays.com\/fr\/63091\/","title":{"rendered":"William Saliba : \u00ab\u202fLes vingt premi\u00e8res minutes, on s&rsquo;est fait manger\u202f\u00bb &#8211; C1 &#8211; Demies &#8211; Arsenal-PSG (0-1)"},"content":{"rendered":"<p>Du calme, ce n\u2019\u00e9tait que l\u2019aller.<\/p>\n<p><a target=\"_blank\" href=\"https:\/\/www.sofoot.com\/articles\/ligue-des-champions-paris-prend-la-premiere-munition-a-arsenal\" rel=\"nofollow noopener\">Le PSG a fait la moiti\u00e9 du chemin en s\u2019imposant \u00e0 Londres face \u00e0 Arsenal (0-1)<\/a>, mais les Anglais n\u2019ont pas encore baiss\u00e9 leurs canons et comptent bien r\u00e9pondre dans huit jours, \u00e0 Paris.<\/p>\n<p class=\"Paragraph__content\" data-v-e14a34bc=\"\">\u00ab\u00a0On est d\u00e9\u00e7us d\u2019avoir perdu le match et d\u2019avoir conc\u00e9d\u00e9 un but tr\u00e8s t\u00f4t. La fin de la premi\u00e8re on \u00e9tait beaucoup mieux, on aurait pu marquer. C\u2019est pas fini, il y aura un deuxi\u00e8me match au Parc des Princes et on esp\u00e8re gagner l\u00e0-bas, expliquait William Saliba au micro de Canal+ apr\u00e8s la d\u00e9faite de son \u00e9quipe.\u00a0Les vingt premi\u00e8res minutes, on s\u2019est fait manger. Il ne faut pas qu\u2019on baisse les bras.\u00a0\u00bb<\/p>\n<p data-v-e14a34bc=\"\">Son entra\u00eeneur Mikel Arteta a estim\u00e9 que son \u00e9quipe \u00ab\u202fm\u00e9ritait mieux\u202f\u00bb,\u00a0tout en assurant que lui et ses hommes allaient revoir le match pour \u00ab\u202fessayer de progresser dans certains domaines. Il faudra aller \u00e0 Paris pour gagner.\u00a0\u00bb<\/p>\n<p class=\"Paragraph__content\" data-v-e14a34bc=\"\"><a target=\"_blank\" href=\"https:\/\/www.sofoot.com\/articles\/ligue-1-a-lexterieur-nice-bat-le-paris-saint-germain-et-brise-sa-serie-dinvincibilite-en-championnat\" rel=\"nofollow noopener\">Malheureusement, Morgan Sanson n\u2019est pas disponible.\u00a0<\/a><\/p>\n<p>\t\t\t\t\t\t\t\t\t\t<a class=\"lien-connexe\" href=\"https:\/\/www.sofoot.com\/articles\/ligue-des-champions-psg-ousmane-dembele-leader-incontestable\" rel=\"nofollow noopener\" target=\"_blank\">Ousmane Demb\u00e9l\u00e9, leader incontestable<\/a>\t\t\t\t\t<\/p>\n","protected":false},"excerpt":{"rendered":"Du calme, ce n\u2019\u00e9tait que l\u2019aller. Le PSG a fait la moiti\u00e9 du chemin en s\u2019imposant \u00e0 Londres&hellip;\n","protected":false},"author":2,"featured_media":63092,"comment_status":"","ping_status":"","sticky":false,"template":"","format":"standard","meta":{"footnotes":""},"categories":[1410],"tags":[47,61,69,65,64,63,1011,27,68,66,62,70,67,60],"class_list":{"0":"post-63091","1":"post","2":"type-post","3":"status-publish","4":"format-standard","5":"has-post-thumbnail","7":"category-football","8":"tag-actualite","9":"tag-actus-football","10":"tag-bundesliga","11":"tag-championnats-europeens","12":"tag-equipe-de-france","13":"tag-football","14":"tag-fr","15":"tag-france","16":"tag-ligua","17":"tag-ligue-1","18":"tag-news-foot","19":"tag-premier-league","20":"tag-serie-a","21":"tag-sports"},"share_on_mastodon":{"url":"https:\/\/pubeurope.com\/@fr\/114424106444082355","error":""},"_links":{"self":[{"href":"https:\/\/www.europesays.com\/fr\/wp-json\/wp\/v2\/posts\/63091","targetHints":{"allow":["GET"]}}],"collection":[{"href":"https:\/\/www.europesays.com\/fr\/wp-json\/wp\/v2\/posts"}],"about":[{"href":"https:\/\/www.europesays.com\/fr\/wp-json\/wp\/v2\/types\/post"}],"author":[{"embeddable":true,"href":"https:\/\/www.europesays.com\/fr\/wp-json\/wp\/v2\/users\/2"}],"replies":[{"embeddable":true,"href":"https:\/\/www.europesays.com\/fr\/wp-json\/wp\/v2\/comments?post=63091"}],"version-history":[{"count":0,"href":"https:\/\/www.europesays.com\/fr\/wp-json\/wp\/v2\/posts\/63091\/revisions"}],"wp:featuredmedia":[{"embeddable":true,"href":"https:\/\/www.europesays.com\/fr\/wp-json\/wp\/v2\/media\/63092"}],"wp:attachment":[{"href":"https:\/\/www.europesays.com\/fr\/wp-json\/wp\/v2\/media?parent=63091"}],"wp:term":[{"taxonomy":"category","embeddable":true,"href":"https:\/\/www.europesays.com\/fr\/wp-json\/wp\/v2\/categories?post=63091"},{"taxonomy":"post_tag","embeddable":true,"href":"https:\/\/www.europesays.com\/fr\/wp-json\/wp\/v2\/tags?post=63091"}],"curies":[{"name":"wp","href":"https:\/\/api.w.org\/{rel}","templated":true}]}}