{"id":630913,"date":"2025-12-30T23:36:13","date_gmt":"2025-12-30T23:36:13","guid":{"rendered":"https:\/\/www.europesays.com\/fr\/630913\/"},"modified":"2025-12-30T23:36:13","modified_gmt":"2025-12-30T23:36:13","slug":"kaysersberg-vignoble-deux-blesses-dont-un-grave-dans-une-spectaculaire-sortie-de-route-sur-la-rd-415","status":"publish","type":"post","link":"https:\/\/www.europesays.com\/fr\/630913\/","title":{"rendered":"Kaysersberg Vignoble. Deux bless\u00e9s dont un grave dans une spectaculaire sortie de route sur la RD 415"},"content":{"rendered":"<p>Une Peugeot 206 SW en provenance de la vall\u00e9e et circulant en direction de Colmar s\u2019est d\u00e9port\u00e9e sur sa droite avant de percuter un lampadaire puis une Citro\u00ebn C4 en stationnement contre laquelle elle s\u2019est immobilis\u00e9e sur le flanc, le bloc moteur arrach\u00e9.<\/p>\n<p>\u00c0 l\u2019int\u00e9rieur de la carcasse disloqu\u00e9e, les pompiers venus de Colmar, Kaysersberg et Orbey ont d\u00e9couvert quatre jeunes hommes dont l\u2019un, \u00e2g\u00e9 de 19 ans, gravement bless\u00e9. M\u00e9dicalis\u00e9 par le SMUR de Colmar, il a \u00e9t\u00e9 transport\u00e9 en urgence absolue \u00e0 l\u2019h\u00f4pital Pasteur. Un passager \u00e2g\u00e9 de 18 ans a pour sa part \u00e9t\u00e9 pris en charge en urgence relative et les deux autres, \u00e2g\u00e9s de 16 et 17 ans, ont \u00e9t\u00e9 laiss\u00e9s sur place apr\u00e8s un examen dans les deux ambulances d\u00e9p\u00each\u00e9es sur les lieux.<\/p>\n<p>  Des d\u00e9bris sur une dizaine de m\u00e8tres<\/p>\n<p>La route de Lapoutroie a \u00e9t\u00e9 totalement barr\u00e9e \u00e0 la circulation pendant deux heures. La maire de la commune Martine Schwartz s\u2019est rendue sur place de m\u00eame que les agents des routes de la Collectivit\u00e9 europ\u00e9enne d\u2019Alsace. Les gendarmes de Kaysersberg m\u00e8nent l\u2019enqu\u00eate et ont commenc\u00e9 les premi\u00e8res auditions.<br \/>Les d\u00e9g\u00e2ts consid\u00e9rables ont exig\u00e9 un gros nettoyage de la chauss\u00e9e souill\u00e9e par des projections d\u2019huile moteur et parsem\u00e9e de d\u00e9bris sur une dizaine de m\u00e8tres. Les pompiers ont proc\u00e9d\u00e9 \u00e0 la d\u00e9pose du lampadaire dont l\u2019\u00e9quilibre \u00e9tait pr\u00e9caire. Le garage Hiltenfinck a d\u00e9pann\u00e9 les deux voitures compl\u00e8tement d\u00e9truites et la route a \u00e9t\u00e9 rendue \u00e0 la circulation apr\u00e8s 5h.<\/p>\n","protected":false},"excerpt":{"rendered":"Une Peugeot 206 SW en provenance de la vall\u00e9e et circulant en direction de Colmar s\u2019est d\u00e9port\u00e9e sur&hellip;\n","protected":false},"author":2,"featured_media":630914,"comment_status":"","ping_status":"","sticky":false,"template":"","format":"standard","meta":{"footnotes":""},"categories":[2],"tags":[119,11,2389,2413,274,107,1011,27,53598,12,25],"class_list":{"0":"post-630913","1":"post","2":"type-post","3":"status-publish","4":"format-standard","5":"has-post-thumbnail","7":"category-actualites","8":"tag-accident","9":"tag-actualites","10":"tag-alsace","11":"tag-edition-colmar-guebwiller","12":"tag-faits-divers-justice","13":"tag-fil-info","14":"tag-fr","15":"tag-france","16":"tag-kaysersberg-vignoble","17":"tag-news","18":"tag-republique-francaise"},"share_on_mastodon":{"url":"https:\/\/pubeurope.com\/@fr\/115811148491589869","error":""},"_links":{"self":[{"href":"https:\/\/www.europesays.com\/fr\/wp-json\/wp\/v2\/posts\/630913","targetHints":{"allow":["GET"]}}],"collection":[{"href":"https:\/\/www.europesays.com\/fr\/wp-json\/wp\/v2\/posts"}],"about":[{"href":"https:\/\/www.europesays.com\/fr\/wp-json\/wp\/v2\/types\/post"}],"author":[{"embeddable":true,"href":"https:\/\/www.europesays.com\/fr\/wp-json\/wp\/v2\/users\/2"}],"replies":[{"embeddable":true,"href":"https:\/\/www.europesays.com\/fr\/wp-json\/wp\/v2\/comments?post=630913"}],"version-history":[{"count":0,"href":"https:\/\/www.europesays.com\/fr\/wp-json\/wp\/v2\/posts\/630913\/revisions"}],"wp:featuredmedia":[{"embeddable":true,"href":"https:\/\/www.europesays.com\/fr\/wp-json\/wp\/v2\/media\/630914"}],"wp:attachment":[{"href":"https:\/\/www.europesays.com\/fr\/wp-json\/wp\/v2\/media?parent=630913"}],"wp:term":[{"taxonomy":"category","embeddable":true,"href":"https:\/\/www.europesays.com\/fr\/wp-json\/wp\/v2\/categories?post=630913"},{"taxonomy":"post_tag","embeddable":true,"href":"https:\/\/www.europesays.com\/fr\/wp-json\/wp\/v2\/tags?post=630913"}],"curies":[{"name":"wp","href":"https:\/\/api.w.org\/{rel}","templated":true}]}}